{"id":121854,"date":"2021-04-22T18:57:36","date_gmt":"2021-04-22T21:57:36","guid":{"rendered":"https:\/\/grandepremio.com\/br\/noticias\/victor-martins-quarta-feira-segundo-dia-testes-formula-3-barcelona\/"},"modified":"2021-04-22T18:57:41","modified_gmt":"2021-04-22T21:57:41","slug":"victor-martins-quarta-feira-segundo-dia-testes-formula-3-barcelona","status":"publish","type":"post","link":"https:\/\/grandepremio.com\/br\/f3\/victor-martins-quarta-feira-segundo-dia-testes-formula-3-barcelona\/","title":{"rendered":"Martins repete quarta-feira e lidera segundo dia de testes da F\u00f3rmula 3 em Barcelona"},"content":{"rendered":"\n<figure class=\"wp-block-video\"><video class=\"video-js vjs-big-play-centered\" data-gp-vjs=\"1\" controls src=\"https:\/\/www.grandepremio.com\/br\/wp-content\/uploads\/2021\/04\/2021-04-22_F1_Circuito_Miami_onboard.mp4\"><\/video><figcaption>Volta r\u00e1pida na pista de Miami, que recebe a F1 em 2022 (V\u00eddeo: Miami)<\/figcaption><\/figure>\n\n\n\n<p class=\"wp-block-paragraph\">A julgar pelos trabalhos de pr\u00e9-temporada da F\u00f3rmula 3, a MP Motorsport vem forte para o campeonato que se inicia entre 7 e 9 de maio. Na mesma Barcelona que vai receber a etapa inaugural do ciclo de 2021, Victor Martins repetiu o feito da \u00faltima quarta-feira e comandou a tabela de tempos do segundo dia de sess\u00e3o de testes nesta quinta-feira (22) no circuito catal\u00e3o. A bordo do carro da equipe holandesa, o piloto vinculado ao programa de desenvolvimento da Alpine registrou 1min31s636 como melhor marca em volta aferida no per\u00edodo da manh\u00e3.<\/p>\n\n\n\n<p class=\"wp-block-paragraph\">Na parte da tarde, todos os pilotos como um todo registraram tempos mais lentos em raz\u00e3o das simula\u00e7\u00f5es feitas em ritmo de corrida. Calan Williams, da Jenzer, foi o mais r\u00e1pido depois do almo\u00e7o ao marcar 1min32s512, enquanto Caio Collet, companheiro de equipe de Martins na MP, foi o quinto colocado.<\/p>\n\n\n\n<p class=\"wp-block-paragraph\">Os trabalhos desta quinta-feira come\u00e7aram com o c\u00e9u nublado, mas com a pista seca. Assim, os 30 pilotos do grid partiram para os trabalhos pela manh\u00e3. As maiores quilometragens foram registradas por Frederik Vesti, da ART Grand Prix, e Alex Smolyar, seu companheiro na equipe francesa.<\/p>\n\n\n\n<p class=\"wp-block-paragraph\"><strong>Conhe\u00e7a o canal do Grande Pr\u00eamio no YouTube! Clique\u00a0<a target=\"_blank\" href=\"https:\/\/youtube.com\/GrandePremioTV\" rel=\"noreferrer noopener\">aqui<\/a>.<\/strong><br><strong>Siga o Grande Pr\u00eamio no\u00a0<a target=\"_blank\" href=\"https:\/\/twitter.com\/grandepremio\" rel=\"noreferrer noopener\">Twitter\u00a0<\/a>e no\u00a0<a target=\"_blank\" href=\"https:\/\/instagram.com\/grandepremio\" rel=\"noreferrer noopener\">Instagram<\/a>!<\/strong><br><strong>WEB STORIES: <a href=\"https:\/\/www.grandepremio.com\/br\/web-stories\/indy\/como-esta-o-top-10-da-indy-apos-o-gp-do-alabama\/\">Como est\u00e1 o top-10 da<\/a> Indy<a href=\"https:\/\/www.grandepremio.com\/br\/web-stories\/indy\/como-esta-o-top-10-da-indy-apos-o-gp-do-alabama\/\"> ap\u00f3s o<\/a> GP do Alabama?<\/strong><\/p>\n\n\n\n<figure class=\"wp-block-image size-large\"><img decoding=\"async\" src=\"https:\/\/www.grandepremio.com\/br\/wp-content\/uploads\/2021\/04\/Calan-Williams-1024x576.jpg\" alt=\"\" class=\"wp-image-466612\"\/><figcaption>Calan Williams foi o melhor na parte da tarde (Foto: FIA Formula 3)<\/figcaption><\/figure>\n\n\n\n<p class=\"wp-block-paragraph\">No fim das contas, Martins registrou 1min31s636 na sua volta mais r\u00e1pida pela manh\u00e3, sendo 0s132 melhor que Smolyar. Jack Doohan, da Trident e membro do Red Bull Junior Team, foi o terceiro, seguido por Logan Sargeant, que saiu da forte Prema para defender a Charouz nesta temporada, enquanto Cl\u00e9ment Novalak, tamb\u00e9m da Trident, foi o quinto.<\/p>\n\n\n\n<p class=\"wp-block-paragraph\">A diferen\u00e7a de tempos entre os pilotos foi, como geralmente \u00e9 na F\u00f3rmula 3, muito apertada. De Martins, o l\u00edder da tabela, a Arthur Leclerc, piloto da Prema, 22\u00ba colocado, a diferen\u00e7a foi inferior a 1s.<\/p>\n\n\n\n<p class=\"wp-block-paragraph\">Caio Collet completou 41 voltas no turno da manh\u00e3 e virou 1min32s088 na melhor delas, a 0s452 da marca registrada pelo seu companheiro de equipe.<\/p>\n\n\n\n<p class=\"wp-block-paragraph\">No per\u00edodo da tarde, Martins foi apenas o 20\u00ba mais r\u00e1pido ao registrar 1min35s677, tempo bem mais alto que o aferido no per\u00edodo da manh\u00e3. As diferen\u00e7as vistas tamb\u00e9m foram bem maiores. A margem de menos de 1s foi vista do tempo registrado por Williams, o melhor do segundo per\u00edodo, para o oitavo colocado, Kaylen Frederick, da Carlin. Collet marcou 1min33s069 e foi o quinto depois de completar 57 voltas, sendo o dono da maior quilometragem da tarde em Barcelona.<\/p>\n\n\n\n<p class=\"wp-block-paragraph\">O circuito catal\u00e3o segue movimentado em raz\u00e3o dos testes intertemporada da F\u00f3rmula 2 entre sexta-feira e domingo. J\u00e1 a F\u00f3rmula 3 se prepara para come\u00e7ar sua temporada 2021 dentro de duas semanas, justamente em Barcelona.<\/p>\n\n\n\n<p class=\"wp-block-paragraph\"><strong>F\u00f3rmula 3 2021, Barcelona testes de pr\u00e9-temporada,<\/strong> <strong>dia 2:<\/strong><\/p>\n\n\n\n<figure class=\"wp-block-table\"><table><tbody><tr><td>1<\/td><td>V MARTINS<\/td><td>MP Motorsport<\/td><td>1:31.636<\/td><td>&nbsp;<\/td><td>84<\/td><\/tr><tr><td>2<\/td><td>A SMOLYAR<\/td><td>ART&nbsp;<\/td><td>1:31.768<\/td><td>+0.132<\/td><td>101<\/td><\/tr><tr><td>3<\/td><td>J DOOHAN<\/td><td>Trident<\/td><td>1:31.803<\/td><td>+0.167<\/td><td>78<\/td><\/tr><tr><td>4<\/td><td>L SARGEANT<\/td><td>Charouz<\/td><td>1:31.806<\/td><td>+0.170<\/td><td>81<\/td><\/tr><tr><td>5<\/td><td>C NOVALAK<\/td><td>Trident<\/td><td>1:31.876<\/td><td>+0.240<\/td><td>95<\/td><\/tr><tr><td>6<\/td><td>M NANNINI<\/td><td>HWA<\/td><td>1:31.889<\/td><td>+0.253<\/td><td>63<\/td><\/tr><tr><td>7<\/td><td>A IWASA<\/td><td>Hitech<\/td><td>1:31.919<\/td><td>+0.283<\/td><td>82<\/td><\/tr><tr><td>8<\/td><td>F VESTI<\/td><td>ART<\/td><td>1:31.933<\/td><td>+0.297<\/td><td>106<\/td><\/tr><tr><td>9<\/td><td>D HAUGER<\/td><td>Prema<\/td><td>1:31.999<\/td><td>+0.363<\/td><td>87<\/td><\/tr><tr><td>10<\/td><td>J CORREA<\/td><td>ART<\/td><td>1:32.011<\/td><td>+0.375<\/td><td>56<\/td><\/tr><tr><td>11<\/td><td>J CRAWFORD<\/td><td>Hitech<\/td><td>1:32.029<\/td><td>+0.393<\/td><td>88<\/td><\/tr><tr><td>12<\/td><td>C COLLET<\/td><td>MP Motorsport<\/td><td>1:32.088<\/td><td>+0.452<\/td><td>98<\/td><\/tr><tr><td>13<\/td><td>O RASMUSSEN<\/td><td>HWA<\/td><td>1:32.160<\/td><td>+0.524<\/td><td>74<\/td><\/tr><tr><td>14<\/td><td>C WILLIAMS<\/td><td>Jenzer<\/td><td>1:32.197<\/td><td>+0.561<\/td><td>66<\/td><\/tr><tr><td>15<\/td><td>P CHOVET<\/td><td>Jenzer<\/td><td>1:32.232<\/td><td>+0.596<\/td><td>75<\/td><\/tr><tr><td>16<\/td><td>J EDGAR<\/td><td>Carlin<\/td><td>1:32.309<\/td><td>+0.673<\/td><td>71<\/td><\/tr><tr><td>17<\/td><td>O CALDWELL<\/td><td>Prema&nbsp;<\/td><td>1:32.331<\/td><td>+0.695<\/td><td>85<\/td><\/tr><tr><td>18<\/td><td>K FREDERICK<\/td><td>Carlin<\/td><td>1:32.354<\/td><td>+0.718<\/td><td>68<\/td><\/tr><tr><td>19<\/td><td>D SCHUMACHER<\/td><td>Trident<\/td><td>1:32.396<\/td><td>+0.760<\/td><td>89<\/td><\/tr><tr><td>20<\/td><td>M BELOV<\/td><td>Charouz<\/td><td>1:32.411<\/td><td>+0.775<\/td><td>86<\/td><\/tr><tr><td>21<\/td><td>R STANEK<\/td><td>Hitech<\/td><td>1:32.442<\/td><td>+0.806<\/td><td>96<\/td><\/tr><tr><td>22<\/td><td>A LECLERC<\/td><td>Prema<\/td><td>1:32.545<\/td><td>+0.909<\/td><td>95<\/td><\/tr><tr><td>23<\/td><td>R VILLAG\u00d3MEZ<\/td><td>HWA<\/td><td>1:32.650<\/td><td>+1;014<\/td><td>76<\/td><\/tr><tr><td>24<\/td><td>T VAN DER HELM<\/td><td>MP Motorsport<\/td><td>1:32.659<\/td><td>+1.023<\/td><td>77<\/td><\/tr><tr><td>25<\/td><td>A CORDEEL<\/td><td>Campos<\/td><td>1:32.804<\/td><td>+1.168<\/td><td>72<\/td><\/tr><tr><td>26<\/td><td>I COHEN<\/td><td>Carlin<\/td><td>1:33.046<\/td><td>+1.410<\/td><td>77<\/td><\/tr><tr><td>27<\/td><td>R DE GERUS<\/td><td>Charouz<\/td><td>1:33.085<\/td><td>+1.449<\/td><td>93<\/td><\/tr><tr><td>28<\/td><td>F UGRAN<\/td><td>Jenzer<\/td><td>1:33.325<\/td><td>+1.689<\/td><td>77<\/td><\/tr><tr><td>29<\/td><td>L COLOMBO<\/td><td>Campos<\/td><td>1:33.489<\/td><td>+1.853<\/td><td>60<\/td><\/tr><tr><td>30<\/td><td>L T\u00d3TH<\/td><td>Campos<\/td><td>1:33.621<\/td><td>+1.985<\/td><td>87<\/td><\/tr><\/tbody><\/table><\/figure>\n\n\n\n<figure class=\"wp-block-embed is-type-video is-provider-youtube wp-block-embed-youtube wp-embed-aspect-16-9 wp-has-aspect-ratio\"><div class=\"wp-block-embed__wrapper\">\n<iframe loading=\"lazy\" title=\"F1: TOTO WOLFF SEM FILTRO, HELMUT MARKO SEM NO\u00c7\u00c3O: COMO FICAM OS PILOTOS NAS M\u00c3OS DELES | GP \u00e0s 10\" width=\"500\" height=\"281\" src=\"https:\/\/www.youtube.com\/embed\/pnQyPdMeva8?feature=oembed\" frameborder=\"0\" allow=\"accelerometer; autoplay; clipboard-write; encrypted-media; gyroscope; picture-in-picture; web-share\" referrerpolicy=\"strict-origin-when-cross-origin\" allowfullscreen><\/iframe>\n<\/div><\/figure>\n","protected":false},"excerpt":{"rendered":"<p>Victor Martins levou o carro da MP \u00e0 ponta da tabela de tempos tamb\u00e9m neste segundo dia de testes coletivos que a F\u00f3rmula 3 promoveu no circuito de Barcelona. O franc\u00eas foi o mais r\u00e1pido com o tempo aferido pela manh\u00e3. Caio Collet, quinto mais r\u00e1pido \u00e0 tarde, foi o 12\u00ba no combinado dos tempos do dia<\/p>\n","protected":false},"author":0,"featured_media":1000466610,"comment_status":"closed","ping_status":"closed","sticky":false,"template":"","format":"standard","meta":{"42wp_featured_image_caption":"","42wp_featured_image_credits":"","42wp_featured_video":"","42wp_featured_image_hidden":false,"42wp_authors_list":[],"footnotes":""},"categories":[10],"tags":[1008,26641,24945,26907,1306,1881,486],"42wp_author":[47110],"class_list":["post-121854","post","type-post","status-publish","format-standard","has-post-thumbnail","hentry","category-f3","tag-f3","tag-f3-2021","tag-formula-3-2","tag-formula-3-2021","tag-mp-motorsport","tag-testes-coletivos","tag-victor-martins","42wp_author-fernando-silva"],"_links":{"self":[{"href":"https:\/\/grandepremio.com\/br\/wp-json\/wp\/v2\/posts\/121854","targetHints":{"allow":["GET"]}}],"collection":[{"href":"https:\/\/grandepremio.com\/br\/wp-json\/wp\/v2\/posts"}],"about":[{"href":"https:\/\/grandepremio.com\/br\/wp-json\/wp\/v2\/types\/post"}],"replies":[{"embeddable":true,"href":"https:\/\/grandepremio.com\/br\/wp-json\/wp\/v2\/comments?post=121854"}],"version-history":[{"count":0,"href":"https:\/\/grandepremio.com\/br\/wp-json\/wp\/v2\/posts\/121854\/revisions"}],"wp:featuredmedia":[{"embeddable":true,"href":"https:\/\/grandepremio.com\/br\/wp-json\/wp\/v2\/media\/1000466610"}],"wp:attachment":[{"href":"https:\/\/grandepremio.com\/br\/wp-json\/wp\/v2\/media?parent=121854"}],"wp:term":[{"taxonomy":"category","embeddable":true,"href":"https:\/\/grandepremio.com\/br\/wp-json\/wp\/v2\/categories?post=121854"},{"taxonomy":"post_tag","embeddable":true,"href":"https:\/\/grandepremio.com\/br\/wp-json\/wp\/v2\/tags?post=121854"},{"taxonomy":"42wp_author","embeddable":true,"href":"https:\/\/grandepremio.com\/br\/wp-json\/wp\/v2\/42wp_author?post=121854"}],"curies":[{"name":"wp","href":"https:\/\/api.w.org\/{rel}","templated":true}]}}