{"id":121866,"date":"2021-04-22T09:30:46","date_gmt":"2021-04-22T12:30:46","guid":{"rendered":"https:\/\/grandepremio.com\/br\/noticias\/formula-e-muda-endereco-mexico-confirma-calendario-maior-numero-eps\/"},"modified":"2021-04-22T09:43:32","modified_gmt":"2021-04-22T12:43:32","slug":"formula-e-muda-endereco-mexico-confirma-calendario-maior-numero-eps","status":"publish","type":"post","link":"https:\/\/grandepremio.com\/br\/formula-e\/formula-e-muda-endereco-mexico-confirma-calendario-maior-numero-eps\/","title":{"rendered":"F\u00f3rmula E muda de casa no M\u00e9xico e fecha calend\u00e1rio com Nova York, Londres e Berlim"},"content":{"rendered":"\n<figure class=\"wp-block-video\"><video class=\"video-js vjs-big-play-centered\" data-gp-vjs=\"1\" controls src=\"https:\/\/www.grandepremio.com\/br\/wp-content\/uploads\/2021\/04\/BottasRussellnew.mp4\"><\/video><figcaption>F1 divulgou imagens da c\u00e2mera 360\u00baC do carro de George Russell em forte acidente que envolveu Valtteri Bottas em \u00cdmola (V\u00eddeo: F1\/Divulga\u00e7\u00e3o)<\/figcaption><\/figure>\n\n\n\n<p class=\"wp-block-paragraph\">A F\u00f3rmula E anunciou nesta quinta-feira (22) o calend\u00e1rio completo para a temporada 2020\/21. O cronograma traz uma mudan\u00e7a de endere\u00e7o para o eP do M\u00e9xico, que sai do famoso circuito Hermanos Rodriguez, na Cidade do M\u00e9xico para correr em Puebla, e quatro rodadas duplas: M\u00e9xico, Nova York, Londres e Berlin. Para a Am\u00e9rica do Sul, uma baixa consider\u00e1vel: Santiago, capital do Chile, que receberia inicialmente a etapa de abertura do campeonato em janeiro e que teve sua rodada dupla adiada para os dias 5 e 6 de junho, teve o evento cancelado.<\/p>\n\n\n\n<p class=\"wp-block-paragraph\">O cronograma apresentado pela categoria el\u00e9trica re\u00fane o maior n\u00famero de corridas em uma \u00fanica temporada da F\u00f3rmula E. No total, esta s\u00e9tima temporada da categoria ter\u00e1 15 corridas, distribu\u00eddas em oito cidades, percorrendo tr\u00eas continentes.<\/p>\n\n\n\n<figure class=\"wp-block-image size-large\"><img decoding=\"async\" src=\"https:\/\/www.grandepremio.com\/br\/wp-content\/uploads\/2021\/04\/techeetah-antoniofelixdacosta-2-1024x683.jpg\" alt=\"\" class=\"wp-image-462381\"\/><figcaption>F\u00f3rmula E vai encerrar a temporada em Berlim (Foto: FIA F\u00f3rmula E)<\/figcaption><\/figure>\n\n\n\n<p class=\"wp-block-paragraph\"><strong>Conhe\u00e7a o canal do Grande Pr\u00eamio no YouTube! Clique&nbsp;<a rel=\"noreferrer noopener\" href=\"https:\/\/youtube.com\/GrandePremioTV\" target=\"_blank\">aqui<\/a>.<br>Siga o Grande Pr\u00eamio no&nbsp;<a rel=\"noreferrer noopener\" href=\"https:\/\/twitter.com\/grandepremio\" target=\"_blank\">Twitter&nbsp;<\/a>e no&nbsp;<a rel=\"noreferrer noopener\" href=\"https:\/\/instagram.com\/grandepremio\" target=\"_blank\">Instagram<\/a>!<\/strong><\/p>\n\n\n\n<p class=\"wp-block-paragraph\">A mudan\u00e7a na etapa mexicana \u00e9 resultado do fato de que o <a href=\"https:\/\/www.grandepremio.com\/br\/f1\/noticias\/hermanos-rodriguez-anuncia-manutencao-de-hospital-de-campanha-ate-marco\/\" target=\"_blank\" rel=\"noreferrer noopener\">aut\u00f3dromo Hermanos Rodriguez tem sido usado pelas autoridades mexicanas como hospital de campanha, na luta contra a Covid-19<\/a>. Assim, as provas marcadas para 19 e 20 de junho foram transferidas para Puebla.<\/p>\n\n\n\n<p class=\"wp-block-paragraph\">Na sequ\u00eancia da rodada mexicana, o calend\u00e1rio da F\u00f3rmula E segue para Nova York antes de retornar \u00e0 Europa para as etapas de Londres. Berlim encerra a temporada com uma rodada dupla.<\/p>\n\n\n\n<p class=\"wp-block-paragraph\">Os ePs de Marrakesh e Santiago, que aconteceriam em maio e junho, respectivamente, foram removidos da programa\u00e7\u00e3o por conta da pandemia. De acordo com a F\u00f3rmula E, os eventos de Santiago, Sanya, balne\u00e1rio na China, e Seul, capital da Coreia do Sul, ser\u00e3o realocados para a oitava temporada, e com a presen\u00e7a do p\u00fablico.<\/p>\n\n\n\n<h3 class=\"wp-block-heading\"><strong>F\u00f3rmula E 2021, calend\u00e1rio revisado:<\/strong><\/h3>\n\n\n\n<figure class=\"wp-block-table\"><table><tbody><tr><td>&nbsp;<\/td><td>DATA<\/td><td>CIDADE<\/td><td>PA\u00cdS<\/td><\/tr><tr><td>1<\/td><td>26\/2<\/td><td>DIRIYAH<\/td><td>AR\u00c1BIA SAUDITA<\/td><\/tr><tr><td>2<\/td><td>27\/2<\/td><td>DIRIYAH<\/td><td>AR\u00c1BIA SAUDITA<\/td><\/tr><tr><td>3<\/td><td>10\/4<\/td><td>ROMA<\/td><td>IT\u00c1LIA<\/td><\/tr><tr><td>4<\/td><td>11\/4<\/td><td>ROMA<\/td><td>IT\u00c1LIA<\/td><\/tr><tr><td>5<\/td><td>24\/4<\/td><td>VAL\u00caNCIA<\/td><td>ESPANHA<\/td><\/tr><tr><td>6<\/td><td>25\/4<\/td><td>VAL\u00caNCIA<\/td><td>ESPANHA<\/td><\/tr><tr><td>7<\/td><td>8\/5<\/td><td>M\u00d4NACO<\/td><td>M\u00d4NACO<\/td><\/tr><tr><td>8<\/td><td>19\/6<\/td><td>PUEBLA<\/td><td>M\u00c9XICO<\/td><\/tr><tr><td>9<\/td><td>20\/6<\/td><td>PUEBLA<\/td><td>M\u00c9XICO<\/td><\/tr><tr><td>10<\/td><td>10\/7<\/td><td>NOVA YORK<\/td><td>ESTADOS UNIDOS<\/td><\/tr><tr><td>11<\/td><td>11\/7<\/td><td>NOVA YORK<\/td><td>ESTADOS UNIDOS<\/td><\/tr><tr><td>12<\/td><td>24\/7<\/td><td>LONDRES<\/td><td>INGLATERRA<\/td><\/tr><tr><td>13<\/td><td>25\/7<\/td><td>LONDRES<\/td><td>INGLATERRA<\/td><\/tr><tr><td>14<\/td><td>14\/8<\/td><td>BERLIM<\/td><td>ALEMANHA<\/td><\/tr><tr><td>15<\/td><td>15\/8<\/td><td>BERLIM<\/td><td>ALEMANHA<\/td><\/tr><\/tbody><\/table><\/figure>\n\n\n\n<figure class=\"wp-block-embed is-type-video is-provider-youtube wp-block-embed-youtube wp-embed-aspect-16-9 wp-has-aspect-ratio\"><div class=\"wp-block-embed__wrapper\">\n<iframe loading=\"lazy\" title=\"MARC M\u00c1RQUEZ SOB APLAUSOS NA MOTOGP: COMO CAMPE\u00c3O SE MOSTRA HUMANO | GP \u00e0s 10\" width=\"500\" height=\"281\" src=\"https:\/\/www.youtube.com\/embed\/pKekNzxxZbg?feature=oembed\" frameborder=\"0\" allow=\"accelerometer; autoplay; clipboard-write; encrypted-media; gyroscope; picture-in-picture; web-share\" referrerpolicy=\"strict-origin-when-cross-origin\" allowfullscreen><\/iframe>\n<\/div><\/figure>\n","protected":false},"excerpt":{"rendered":"<p>Com o Aut\u00f3dromo Hermanos Rodriguez sendo usado como hospital de campanha, a rodada mexicana vai acontecer em Puebla, em um circuito que ainda depende de homologa\u00e7\u00e3o<\/p>\n","protected":false},"author":0,"featured_media":1000462542,"comment_status":"closed","ping_status":"closed","sticky":false,"template":"","format":"standard","meta":{"42wp_featured_image_caption":"","42wp_featured_image_credits":"","42wp_featured_video":"","42wp_featured_image_hidden":false,"42wp_authors_list":[],"footnotes":""},"categories":[19],"tags":[379,25000,25217],"42wp_author":[47113],"class_list":["post-121866","post","type-post","status-publish","format-standard","has-post-thumbnail","hentry","category-formula-e","tag-fe","tag-formula-e-2","tag-mexico-2","42wp_author-juliana-tesser"],"_links":{"self":[{"href":"https:\/\/grandepremio.com\/br\/wp-json\/wp\/v2\/posts\/121866","targetHints":{"allow":["GET"]}}],"collection":[{"href":"https:\/\/grandepremio.com\/br\/wp-json\/wp\/v2\/posts"}],"about":[{"href":"https:\/\/grandepremio.com\/br\/wp-json\/wp\/v2\/types\/post"}],"replies":[{"embeddable":true,"href":"https:\/\/grandepremio.com\/br\/wp-json\/wp\/v2\/comments?post=121866"}],"version-history":[{"count":0,"href":"https:\/\/grandepremio.com\/br\/wp-json\/wp\/v2\/posts\/121866\/revisions"}],"wp:featuredmedia":[{"embeddable":true,"href":"https:\/\/grandepremio.com\/br\/wp-json\/wp\/v2\/media\/1000462542"}],"wp:attachment":[{"href":"https:\/\/grandepremio.com\/br\/wp-json\/wp\/v2\/media?parent=121866"}],"wp:term":[{"taxonomy":"category","embeddable":true,"href":"https:\/\/grandepremio.com\/br\/wp-json\/wp\/v2\/categories?post=121866"},{"taxonomy":"post_tag","embeddable":true,"href":"https:\/\/grandepremio.com\/br\/wp-json\/wp\/v2\/tags?post=121866"},{"taxonomy":"42wp_author","embeddable":true,"href":"https:\/\/grandepremio.com\/br\/wp-json\/wp\/v2\/42wp_author?post=121866"}],"curies":[{"name":"wp","href":"https:\/\/api.w.org\/{rel}","templated":true}]}}