{"id":121867,"date":"2021-04-22T09:06:56","date_gmt":"2021-04-22T12:06:56","guid":{"rendered":"https:\/\/grandepremio.com\/br\/noticias\/as-corridas-fim-de-semana-na-tv-streaming-23-a-25-abril\/"},"modified":"2021-04-24T15:05:11","modified_gmt":"2021-04-24T18:05:11","slug":"as-corridas-fim-de-semana-na-tv-streaming-23-a-25-abril","status":"publish","type":"post","link":"https:\/\/grandepremio.com\/br\/programacao-tv\/as-corridas-fim-de-semana-na-tv-streaming-23-a-25-abril\/","title":{"rendered":"As corridas do fim de semana na TV e no streaming: 23 a 25 de abril"},"content":{"rendered":"\n<figure class=\"wp-block-video\"><video class=\"video-js vjs-big-play-centered\" data-gp-vjs=\"1\" controls src=\"https:\/\/www.grandepremio.com\/br\/wp-content\/uploads\/2021\/04\/BottasRussellnew.mp4\"><\/video><figcaption>F1 divulgou imagens da c\u00e2mera 360\u00baC do carro de George Russell em forte acidente que envolveu Valtteri Bottas em \u00cdmola (V\u00eddeo: F1\/Divulga\u00e7\u00e3o)<\/figcaption><\/figure>\n\n\n\n<h3 class=\"wp-block-heading\">Sexta-feira, 23 de abril (hor\u00e1rio de Bras\u00edlia):<\/h3>\n\n\n\n<figure class=\"wp-block-table\"><table><tbody><tr><td>CATEGORIA<\/td><td>ETAPA<\/td><td>ATIVIDADE<\/td><td>HORA<\/td><td>CANAL<\/td><\/tr><tr><td>Indy<\/td><td>St. Pete<\/td><td>Treino Livre 1<\/td><td>17h15<\/td><td><a href=\"https:\/\/www.grandepremio.com\/br\/indy\/noticias\/indy-exibicao-treinos-livres-classificacao-aplicativo-brasil\/\">App Arena Indy<\/a><\/td><\/tr><\/tbody><\/table><\/figure>\n\n\n\n<h3 class=\"wp-block-heading\">S\u00e1bado, 24 de abril (hor\u00e1rio de Bras\u00edlia): <\/h3>\n\n\n\n<figure class=\"wp-block-table\"><table><tbody><tr><td>CATEGORIA<\/td><td>ETAPA<\/td><td>ATIVIDADE<\/td><td>HORA<\/td><td>CANAL<\/td><\/tr><tr><td>F\u00f3rmula E<\/td><td>Val\u00eancia<\/td><td>Treino Livre 1<\/td><td>2h15<\/td><td>site TV Cultura\/YouTube F\u00f3rmula E<\/td><\/tr><tr><td>F\u00f3rmula E<\/td><td>Val\u00eancia<\/td><td>Treino Livre 2<\/td><td>4h10<\/td><td>site TV Cultura\/YouTube F\u00f3rmula E<\/td><\/tr><tr><td>F\u00f3rmula E<\/td><td>Val\u00eancia<\/td><td>Classifica\u00e7\u00e3o<\/td><td>5h45<\/td><td>TV Cultura\/SporTV 2<\/td><\/tr><tr><td>F\u00f3rmula E<\/td><td>Val\u00eancia<\/td><td>Corrida 1<\/td><td>9h45<\/td><td>TV Cultura\/SporTV 2<\/td><\/tr><tr><td>Indy<\/td><td>St. Pete<\/td><td>Treino Livre 2<\/td><td>10h45<\/td><td>App Arena Indy<\/td><\/tr><tr><td>USF2000<\/td><td>St. Pete<\/td><td>Corrida 1<\/td><td>11h55<\/td><td>Twitch Fittipaldi Brothers<\/td><\/tr><tr><td>Stock Car<\/td><td>Goi\u00e2nia<\/td><td>Treino Livre 2<\/td><td>12h25<\/td><td>YouTube Stock Car<\/td><\/tr><tr><td>Indy Pro2000<\/td><td>St. Pete<\/td><td>Corrida 1<\/td><td>12s50<\/td><td>Twitch Fittipaldi Brothers<\/td><\/tr><tr><td>Indy<\/td><td>St. Pete<\/td><td>Classifica\u00e7\u00e3o<\/td><td>14h45<\/td><td>App Arena Indy\/site TV Cultura<\/td><\/tr><tr><td>Stock Car<\/td><td>Classifica\u00e7\u00e3o<\/td><td>Goi\u00e2nia<\/td><td>15h05<\/td><td>YouTube Stock Car\/SporTV 2<\/td><\/tr><tr><td>Stock Light<\/td><td>Corrida 1<\/td><td>Goi\u00e2nia<\/td><td>16h20<\/td><td>YouTube Stock Car<\/td><\/tr><tr><td>Nascar Xfinity<\/td><td>Corrida<\/td><td>Talladega<\/td><td>17h<\/td><td>ESPN App<\/td><\/tr><tr><td>USF2000<\/td><td>Corrida 2<\/td><td>St. Pete<\/td><td>18h20<\/td><td>Twitch Fittipaldi Brothers<\/td><\/tr><\/tbody><\/table><\/figure>\n\n\n\n<h3 class=\"wp-block-heading\">Domingo, 25 de abril (hor\u00e1rio de Bras\u00edlia):<\/h3>\n\n\n\n<figure class=\"wp-block-table\"><table><tbody><tr><td>CATEGORIA<\/td><td>ETAPA<\/td><td>ATIVIDADE<\/td><td>HORA<\/td><td>CANAL<\/td><\/tr><tr><td>F\u00f3rmula E<\/td><td>Val\u00eancia<\/td><td>Treino Livre 3<\/td><td>2h55<\/td><td>YouTube F\u00f3rmula E\/site TV Cultura<\/td><\/tr><tr><td>F\u00f3rmula E<\/td><td>Val\u00eancia<\/td><td>Classifica\u00e7\u00e3o<\/td><td>4h45<\/td><td>TV Cultura\/SporTV 2<\/td><\/tr><tr><td>WRC<\/td><td>Rali da Cro\u00e1cia<\/td><td>Power Stage<\/td><td>8h<\/td><td>Fox Sports<\/td><\/tr><tr><td>F\u00f3rmula E<\/td><td>Val\u00eancia<\/td><td>Corrida<\/td><td>8h45<\/td><td>TV Cultura\/SporTV 2<\/td><\/tr><tr><td>Indy Pro2000<\/td><td>St. Pete<\/td><td>Corrida 2<\/td><td>9h<\/td><td>Twitch Fittipaldi Brothers<\/td><\/tr><tr><td>Stock Light<\/td><td>Goi\u00e2nia<\/td><td>Corrida 2<\/td><td>10h30<\/td><td>YouTube Stock Car<\/td><\/tr><tr><td>Indy<\/td><td>St. Pete<\/td><td>Corrida<\/td><td>13h30<\/td><td>TV Cultura\/site TV Cultura<\/td><\/tr><tr><td>Nascar<\/td><td>Talladega<\/td><td>Corrida<\/td><td>15h15<\/td><td>Fox Sports<\/td><\/tr><tr><td>Stock Car<\/td><td>Goi\u00e2nia<\/td><td>Corrida 1<\/td><td>15h<\/td><td>Band\/SporTV 2\/YouTube Stock Car<\/td><\/tr><tr><td>Stock Car<\/td><td>Goi\u00e2nia<\/td><td>Corrida 2<\/td><td>15h43<\/td><td>Band\/SporTV 2\/YouTube Stock Car<\/td><\/tr><\/tbody><\/table><\/figure>\n\n\n\n<figure class=\"wp-block-embed is-type-video is-provider-youtube wp-block-embed-youtube wp-embed-aspect-16-9 wp-has-aspect-ratio\"><div class=\"wp-block-embed__wrapper\">\n<iframe loading=\"lazy\" title=\"MARC M\u00c1RQUEZ SOB APLAUSOS NA MOTOGP: COMO CAMPE\u00c3O SE MOSTRA HUMANO | GP \u00e0s 10\" width=\"500\" height=\"281\" src=\"https:\/\/www.youtube.com\/embed\/pKekNzxxZbg?feature=oembed\" frameborder=\"0\" allow=\"accelerometer; autoplay; clipboard-write; encrypted-media; gyroscope; picture-in-picture; web-share\" referrerpolicy=\"strict-origin-when-cross-origin\" allowfullscreen><\/iframe>\n<\/div><\/figure>\n","protected":false},"excerpt":{"rendered":"<p>O fim de semana promete uma s\u00e9rie de corridas na TV e no streaming: tem Indy em St. Pete, F\u00f3rmula E em Val\u00eancia, WRC na Cro\u00e1cia e Nascar em Talladega, enquanto no Brasil a Stock Car abre sua temporada junto com a Stock Light em Goi\u00e2nia<\/p>\n","protected":false},"author":0,"featured_media":1000389704,"comment_status":"closed","ping_status":"closed","sticky":false,"template":"","format":"standard","meta":{"42wp_featured_image_caption":"","42wp_featured_image_credits":"","42wp_featured_video":"","42wp_featured_image_hidden":false,"42wp_authors_list":[],"footnotes":""},"categories":[38],"tags":[1280,25000,24836,93,288,411,25771,24971,69,1615,675,3020,784,26648,287,317],"42wp_author":[47110],"class_list":["post-121867","post","type-post","status-publish","format-standard","has-post-thumbnail","hentry","category-programacao-tv","tag-band","tag-formula-e-2","tag-grande-premio-2","tag-indy","tag-mundial-de-rali","tag-nascar","tag-programacao","tag-programacao-da-tv","tag-stock-car","tag-stock-light","tag-streaming","tag-talladega","tag-tv","tag-valencia-2","tag-wrc","tag-youtube","42wp_author-fernando-silva"],"_links":{"self":[{"href":"https:\/\/grandepremio.com\/br\/wp-json\/wp\/v2\/posts\/121867","targetHints":{"allow":["GET"]}}],"collection":[{"href":"https:\/\/grandepremio.com\/br\/wp-json\/wp\/v2\/posts"}],"about":[{"href":"https:\/\/grandepremio.com\/br\/wp-json\/wp\/v2\/types\/post"}],"replies":[{"embeddable":true,"href":"https:\/\/grandepremio.com\/br\/wp-json\/wp\/v2\/comments?post=121867"}],"version-history":[{"count":0,"href":"https:\/\/grandepremio.com\/br\/wp-json\/wp\/v2\/posts\/121867\/revisions"}],"wp:featuredmedia":[{"embeddable":true,"href":"https:\/\/grandepremio.com\/br\/wp-json\/wp\/v2\/media\/1000389704"}],"wp:attachment":[{"href":"https:\/\/grandepremio.com\/br\/wp-json\/wp\/v2\/media?parent=121867"}],"wp:term":[{"taxonomy":"category","embeddable":true,"href":"https:\/\/grandepremio.com\/br\/wp-json\/wp\/v2\/categories?post=121867"},{"taxonomy":"post_tag","embeddable":true,"href":"https:\/\/grandepremio.com\/br\/wp-json\/wp\/v2\/tags?post=121867"},{"taxonomy":"42wp_author","embeddable":true,"href":"https:\/\/grandepremio.com\/br\/wp-json\/wp\/v2\/42wp_author?post=121867"}],"curies":[{"name":"wp","href":"https:\/\/api.w.org\/{rel}","templated":true}]}}