{"id":121869,"date":"2021-04-22T08:49:29","date_gmt":"2021-04-22T11:49:29","guid":{"rendered":"https:\/\/grandepremio.com\/br\/noticias\/esteban-ocon-ve-evolucao-imola-diz-alpine-ainda-nao-chegou-onde-queria\/"},"modified":"2021-04-22T08:49:36","modified_gmt":"2021-04-22T11:49:36","slug":"esteban-ocon-ve-evolucao-imola-diz-alpine-ainda-nao-chegou-onde-queria","status":"publish","type":"post","link":"https:\/\/grandepremio.com\/br\/f1\/esteban-ocon-ve-evolucao-imola-diz-alpine-ainda-nao-chegou-onde-queria\/","title":{"rendered":"Ocon v\u00ea evolu\u00e7\u00e3o em \u00cdmola, mas diz que Alpine ainda &#8220;n\u00e3o chegou onde queria&#8221;"},"content":{"rendered":"\n<figure class=\"wp-block-video\"><video class=\"video-js vjs-big-play-centered\" data-gp-vjs=\"1\" controls src=\"https:\/\/www.grandepremio.com\/br\/wp-content\/uploads\/2021\/04\/BottasRussellnew.mp4\"><\/video><figcaption>F1 divulgou imagens da c\u00e2mera 360\u00baC do carro de George Russell em forte acidente que envolveu Valtteri Bottas em \u00cdmola (V\u00eddeo: F1\/Divulga\u00e7\u00e3o)<\/figcaption><\/figure>\n\n\n\n<p class=\"wp-block-paragraph\">A Alpine conseguiu colocar os dois pilotos na zona de pontua\u00e7\u00e3o do GP da Em\u00edlia-Romanha. Esteban Ocon foi o 9\u00ba colocado, seguido por Fernando Alonso, ap\u00f3s ambos ganharem uma posi\u00e7\u00e3o cada <a href=\"https:\/\/www.grandepremio.com\/br\/f1\/noticias\/kimi-raikkonen-lance-stroll-punidos-imola-fernando-alonso-marca-primeiro-ponto-alpine\/\">com a puni\u00e7\u00e3o<\/a> de Kimi R\u00e4ikk\u00f6nen. Para o piloto franc\u00eas, a equipe evoluiu, sim, mas ainda n\u00e3o atingiu o patamar adequado para o restante da temporada.<\/p>\n\n\n\n<p class=\"wp-block-paragraph\">Depois do desempenho discreto no Bahrein, etapa que abriu a temporada, o time evoluiu em \u00cdmola e mostrou sinais de que pode brigar por posi\u00e7\u00f5es no meio do pelot\u00e3o. Ocon acredita que a Alpine pode muito mais.<\/p>\n\n\n\n<p class=\"wp-block-paragraph\">&#8220;Eu acho que garantimos nosso lugar no top-10, isso \u00e9 claro. A corrida n\u00e3o foi suave, como o resto do fim de semana. Acredito que t\u00ednhamos potencial para 7\u00ba ou 8\u00ba lugares, o ritmo de corrida no seco era s\u00f3lido&#8221;, afirmou o franc\u00eas.<\/p>\n\n\n\n<figure class=\"wp-block-image size-large\"><img decoding=\"async\" src=\"https:\/\/www.grandepremio.com\/br\/wp-content\/uploads\/2021\/04\/alpine-estebanocon-01-2-1024x683.jpg\" alt=\"\" class=\"wp-image-465226\"\/><figcaption>Esteban Ocon conseguiu os primeiros pontos na temporada em \u00cdmola (Foto: Alpine)<\/figcaption><\/figure>\n\n\n\n<p class=\"wp-block-paragraph\"><strong>Conhe\u00e7a o canal do Grande Pr\u00eamio no YouTube! Clique\u00a0<a target=\"_blank\" href=\"https:\/\/youtube.com\/GrandePremioTV\" rel=\"noreferrer noopener\">aqui<\/a>.<br><strong>Siga o Grande Pr\u00eamio no\u00a0<a target=\"_blank\" href=\"https:\/\/twitter.com\/grandepremio\" rel=\"noreferrer noopener\">Twitter\u00a0<\/a>e no\u00a0<a target=\"_blank\" href=\"https:\/\/instagram.com\/grandepremio\" rel=\"noreferrer noopener\">Instagram<\/a>!<\/strong><\/strong><\/p>\n\n\n\n<p class=\"wp-block-paragraph\">&#8220;N\u00f3s fomos mais velozes que a Alfa Romeo na corrida. N\u00e3o estamos exatamente onde quer\u00edamos, mas demos um passo adiante neste fim de semana com alguns avan\u00e7os e nos sentimos bem com o carro. \u00c9, queremos mais pontos na pr\u00f3xima corrida&#8221;, completou.<\/p>\n\n\n\n<p class=\"wp-block-paragraph\">Com o resultado, Ocon chegou a 2 pontos no campeonato e est\u00e1 em 12\u00ba lugar, uma posi\u00e7\u00e3o na frente de Fernando Alonso. No Mundial de Construtores, a Alpine \u00e9 a s\u00e9tima colcoada, com 3 pontos conquistados at\u00e9 o momento.<\/p>\n","protected":false},"excerpt":{"rendered":"<p>Esteban Ocon finalmente conseguiu pontuar na temporada 2021 da F\u00f3rmula 1, com um bom resultado em \u00cdmola. Apesar disso, o franc\u00eas quer mais evolu\u00e7\u00e3o do carro, pois ainda est\u00e1 longe do esperado<\/p>\n","protected":false},"author":0,"featured_media":1000464667,"comment_status":"closed","ping_status":"closed","sticky":false,"template":"","format":"standard","meta":{"42wp_featured_image_caption":"","42wp_featured_image_credits":"","42wp_featured_video":"","42wp_featured_image_hidden":false,"42wp_authors_list":[],"footnotes":""},"categories":[2],"tags":[20491,302,147,156,176,24837,25536,25606,25027],"42wp_author":[47135],"class_list":["post-121869","post","type-post","status-publish","format-standard","has-post-thumbnail","hentry","category-f1","tag-alpine","tag-esteban-ocon","tag-f1","tag-f1-2021","tag-fernando-alonso","tag-formula-1-2","tag-formula-1-2021-2","tag-gp-da-emilia-romanha","tag-imola-2","42wp_author-pedro-luis-cuenca"],"_links":{"self":[{"href":"https:\/\/grandepremio.com\/br\/wp-json\/wp\/v2\/posts\/121869","targetHints":{"allow":["GET"]}}],"collection":[{"href":"https:\/\/grandepremio.com\/br\/wp-json\/wp\/v2\/posts"}],"about":[{"href":"https:\/\/grandepremio.com\/br\/wp-json\/wp\/v2\/types\/post"}],"replies":[{"embeddable":true,"href":"https:\/\/grandepremio.com\/br\/wp-json\/wp\/v2\/comments?post=121869"}],"version-history":[{"count":0,"href":"https:\/\/grandepremio.com\/br\/wp-json\/wp\/v2\/posts\/121869\/revisions"}],"wp:featuredmedia":[{"embeddable":true,"href":"https:\/\/grandepremio.com\/br\/wp-json\/wp\/v2\/media\/1000464667"}],"wp:attachment":[{"href":"https:\/\/grandepremio.com\/br\/wp-json\/wp\/v2\/media?parent=121869"}],"wp:term":[{"taxonomy":"category","embeddable":true,"href":"https:\/\/grandepremio.com\/br\/wp-json\/wp\/v2\/categories?post=121869"},{"taxonomy":"post_tag","embeddable":true,"href":"https:\/\/grandepremio.com\/br\/wp-json\/wp\/v2\/tags?post=121869"},{"taxonomy":"42wp_author","embeddable":true,"href":"https:\/\/grandepremio.com\/br\/wp-json\/wp\/v2\/42wp_author?post=121869"}],"curies":[{"name":"wp","href":"https:\/\/api.w.org\/{rel}","templated":true}]}}