{"id":121888,"date":"2021-04-21T13:49:32","date_gmt":"2021-04-21T16:49:32","guid":{"rendered":"https:\/\/grandepremio.com\/br\/noticias\/charles-leclerc-acredita-disputa-apertada-ferrari-mclaren-2021\/"},"modified":"2021-04-21T13:49:38","modified_gmt":"2021-04-21T16:49:38","slug":"charles-leclerc-acredita-disputa-apertada-ferrari-mclaren-2021","status":"publish","type":"post","link":"https:\/\/grandepremio.com\/br\/f1\/charles-leclerc-acredita-disputa-apertada-ferrari-mclaren-2021\/","title":{"rendered":"Leclerc acredita em disputa &#8220;bem apertada&#8221; entre Ferrari e McLaren em 2021"},"content":{"rendered":"\n<figure class=\"wp-block-video\"><video class=\"video-js vjs-big-play-centered\" data-gp-vjs=\"1\" controls src=\"https:\/\/www.grandepremio.com\/br\/wp-content\/uploads\/l-videos\/2021-04-18_F1_GPImola_domingo_editado.mp4\"><\/video><figcaption>Assista aos melhores momentos do GP da Em\u00edlia-Romanha de F1 (V\u00eddeo: GRANDE PR\u00caMIO com Reuters)<\/figcaption><\/figure>\n\n\n\n<p class=\"wp-block-paragraph\">Charles Leclerc fechou o GP da Em\u00edlia-Romanha na quarta posi\u00e7\u00e3o, seguido pelo companheiro Carlos Sainz. Um resultado muito superior aos obtidos pela equipe n\u00e3o s\u00f3 em \u00cdmola, mas em toda a temporada 2020. O bom resultado obtido anima o piloto monegasco e j\u00e1 alimenta proje\u00e7\u00f5es de um duelo contra a McLaren.<\/p>\n\n\n\n<p class=\"wp-block-paragraph\">Pouco menos de 2s atr\u00e1s de Norris no momento da bandeirada final em \u00cdmola, Leclerc acredita que a Ferrari pode entrar na briga pelo terceiro lugar no Mundial de Construtores contra a McLaren. No ano passado, a escuderia italiana ficou apenas com a sexta posi\u00e7\u00e3o no campeonato.<\/p>\n\n\n\n<p class=\"wp-block-paragraph\">&#8220;Eu acredito que est\u00e1 bem apertado. Honestamente, acho que \u00e9 muito dif\u00edcil saber [quem vai ficar na frente]. A McLaren possui qualidades e fraquezas. O que realmente legal em uma disputa assim \u00e9 que n\u00f3s somos mais r\u00e1pidos em diferentes lugares da pista e isso torna a batalha divertida&#8221;, afirmou Leclerc.<\/p>\n\n\n\n<figure class=\"wp-block-image size-large\"><img decoding=\"async\" src=\"https:\/\/www.grandepremio.com\/br\/wp-content\/uploads\/2021\/04\/LeclercImola1-1024x683.jpg\" alt=\"CHARLES LECLERC; FERRARI; GP DA EM\u00cdLIA-ROMANHA; \u00cdMOLA;\" class=\"wp-image-465292\"\/><figcaption>Charles Leclerc flertou com o p\u00f3dio no GP da Em\u00edlia-Romanha (Foto: Ferrari)<\/figcaption><\/figure>\n\n\n\n<p class=\"wp-block-paragraph\"><strong><strong>Conhe\u00e7a o canal do Grande Pr\u00eamio no YouTube! Clique\u00a0<a target=\"_blank\" href=\"https:\/\/youtube.com\/GrandePremioTV\" rel=\"noreferrer noopener\">aqui<\/a>.<\/strong><br><strong>Siga o Grande Pr\u00eamio no\u00a0<a target=\"_blank\" href=\"https:\/\/twitter.com\/grandepremio\" rel=\"noreferrer noopener\">Twitter\u00a0<\/a>e no\u00a0<a target=\"_blank\" href=\"https:\/\/instagram.com\/grandepremio\" rel=\"noreferrer noopener\">Instagram<\/a>!<\/strong><\/strong><\/p>\n\n\n\n<p class=\"wp-block-paragraph\">&#8220;Parece, no fim de semana, que o Lando [Norris] fez um grande trabalho de explorar todo o potencial do carro. Ele fez isso durante todo o fim de semana, especialmente a partir de s\u00e1bado, e uma grande corrida&#8221;, completou.<\/p>\n\n\n\n<p class=\"wp-block-paragraph\">O monegasco ainda comentou sobre as voltas finais da prova, ap\u00f3s a bandeira vermelha causada pelo acidente entre Valtteri Bottas e George Russell. Ap\u00f3s a relargada, Norris partiu com pneus macios, mas Leclerc optou pelos m\u00e9dios.<\/p>\n\n\n\n<p class=\"wp-block-paragraph\">&#8220;Eles eram, na minha opini\u00e3o, com um pneu mais lento usando os macios. No fim, voc\u00ea conseguia ver que eles [os compostos] estavam desgastados e por isso ficamos bem atr\u00e1s dele, pressionando, mas acho que se ele estivesse com os pneus m\u00e9dios seria bem dif\u00edcil ultrapassar porque estava bem r\u00e1pido durante todo o fim de semana&#8221;, declarou.<\/p>\n\n\n\n<p class=\"wp-block-paragraph\">&#8220;No geral, foi bem equilibrado. Talvez eles [McLaren] tivessem a vantagem em \u00cdmola, ou nos \u00faltimos dois finais de semana, mas assim que fizermos uma boa etapa e seguirmos para uma pista que nos favore\u00e7a, podemos estar na frente&#8221;, finalizou.<\/p>\n","protected":false},"excerpt":{"rendered":"<p>Ap\u00f3s o bom resultado em \u00cdmola, flertando com o p\u00f3dio, Charles Leclerc acredita que a Ferrari vai ser capaz de brigar de igual para igual com a McLaren no restante da temporada 2021 pelo terceiro lugar no Mundial de Construtores<\/p>\n","protected":false},"author":0,"featured_media":1000466158,"comment_status":"closed","ping_status":"closed","sticky":false,"template":"","format":"standard","meta":{"42wp_featured_image_caption":"","42wp_featured_image_credits":"","42wp_featured_video":"","42wp_featured_image_hidden":false,"42wp_authors_list":[],"footnotes":""},"categories":[2],"tags":[26474,209,147,156,207,24837,25536,547,90,27179],"42wp_author":[47135],"class_list":["post-121888","post","type-post","status-publish","format-standard","has-post-thumbnail","hentry","category-f1","tag-calendario-f1-2021","tag-charles-leclerc","tag-f1","tag-f1-2021","tag-ferrari","tag-formula-1-2","tag-formula-1-2021-2","tag-lando-norris","tag-mclaren","tag-temporada-f1-2021","42wp_author-pedro-luis-cuenca"],"_links":{"self":[{"href":"https:\/\/grandepremio.com\/br\/wp-json\/wp\/v2\/posts\/121888","targetHints":{"allow":["GET"]}}],"collection":[{"href":"https:\/\/grandepremio.com\/br\/wp-json\/wp\/v2\/posts"}],"about":[{"href":"https:\/\/grandepremio.com\/br\/wp-json\/wp\/v2\/types\/post"}],"replies":[{"embeddable":true,"href":"https:\/\/grandepremio.com\/br\/wp-json\/wp\/v2\/comments?post=121888"}],"version-history":[{"count":0,"href":"https:\/\/grandepremio.com\/br\/wp-json\/wp\/v2\/posts\/121888\/revisions"}],"wp:featuredmedia":[{"embeddable":true,"href":"https:\/\/grandepremio.com\/br\/wp-json\/wp\/v2\/media\/1000466158"}],"wp:attachment":[{"href":"https:\/\/grandepremio.com\/br\/wp-json\/wp\/v2\/media?parent=121888"}],"wp:term":[{"taxonomy":"category","embeddable":true,"href":"https:\/\/grandepremio.com\/br\/wp-json\/wp\/v2\/categories?post=121888"},{"taxonomy":"post_tag","embeddable":true,"href":"https:\/\/grandepremio.com\/br\/wp-json\/wp\/v2\/tags?post=121888"},{"taxonomy":"42wp_author","embeddable":true,"href":"https:\/\/grandepremio.com\/br\/wp-json\/wp\/v2\/42wp_author?post=121888"}],"curies":[{"name":"wp","href":"https:\/\/api.w.org\/{rel}","templated":true}]}}