{"id":121889,"date":"2021-04-21T13:48:16","date_gmt":"2021-04-21T16:48:16","guid":{"rendered":"https:\/\/grandepremio.com\/br\/noticias\/max-verstappen-admite-surpresa-largada-impecavel-corrida-estressante-imola\/"},"modified":"2021-04-21T13:48:21","modified_gmt":"2021-04-21T16:48:21","slug":"max-verstappen-admite-surpresa-largada-impecavel-corrida-estressante-imola","status":"publish","type":"post","link":"https:\/\/grandepremio.com\/br\/f1\/max-verstappen-admite-surpresa-largada-impecavel-corrida-estressante-imola\/","title":{"rendered":"Verstappen admite surpresa com largada impec\u00e1vel em corrida &#8220;estressante&#8221; em \u00cdmola"},"content":{"rendered":"\n<figure class=\"wp-block-video\"><video class=\"video-js vjs-big-play-centered\" data-gp-vjs=\"1\" controls src=\"https:\/\/www.grandepremio.com\/br\/wp-content\/uploads\/l-videos\/2021-04-18_F1_GPImola_domingo_editado.mp4\"><\/video><figcaption>Assista aos melhores momentos do GP da Em\u00edlia-Romanha de F1 (V\u00eddeo: GRANDE PR\u00caMIO com Reuters)<\/figcaption><\/figure>\n\n\n\n<p class=\"wp-block-paragraph\">Max Verstappen conseguiu vencer pela primeira vez no ano em \u00cdmola, no \u00faltimo fim de semana, e contou com um movimento principal para tanto: a ultrapassagem sobre Lewis Hamilton na largada. Com a pista bastante molhada pela chuva que ca\u00edra antes, o holand\u00eas n\u00e3o esperava partir daquela maneira.<\/p>\n\n\n\n<p class=\"wp-block-paragraph\"><strong>Conhe\u00e7a o canal do Grande Pr\u00eamio no YouTube! Clique\u00a0<a target=\"_blank\" href=\"https:\/\/youtube.com\/GrandePremioTV\" rel=\"noreferrer noopener\">aqui<\/a>.<\/strong><br><strong>Siga o Grande Pr\u00eamio no\u00a0<a target=\"_blank\" href=\"https:\/\/twitter.com\/grandepremio\" rel=\"noreferrer noopener\">Twitter\u00a0<\/a>e no\u00a0<a target=\"_blank\" href=\"https:\/\/instagram.com\/grandepremio\" rel=\"noreferrer noopener\">Instagram<\/a>!<\/strong><br><strong><a href=\"https:\/\/www.grandepremio.com\/br\/f1\/noticias\/red-bull-mercedes-quem-esta-melhor-temporada-2021-formula-1\/\">Red Bull x\u00a0<\/a><a href=\"https:\/\/www.grandepremio.com\/br\/equipe\/f1\/2020\/mercedes-amg-motorsport\/\" target=\"_blank\" rel=\"noreferrer noopener\">Mercedes<\/a>: quem est\u00e1 de fato melhor na temporada 2021 da F1?<\/strong><\/p>\n\n\n\n<p class=\"wp-block-paragraph\">Foi o pr\u00f3prio Verstappen quem disse ap\u00f3s o GP da Em\u00edlia-Romanha. O motivo principal foi o fato de ter sofrido em pistas molhadas ao longo da temporada 2021.<\/p>\n\n\n\n<p class=\"wp-block-paragraph\">&#8220;Uma corrida como essa nunca \u00e9 f\u00e1cil. \u00c9 bastante estressante de tomar as decis\u00f5es certas. A chave, eu acho, era uma boa largada, [e acertar daquele jeito \u00e9] algo que foi uma surpresa para mim&#8221;, disse.<\/p>\n\n\n\n<p class=\"wp-block-paragraph\">&#8220;Depois do ano passado, quando eu sempre tive dificuldades na chuva, passamos bastante tempo no intervalo entre temporadas e no come\u00e7o do ano fazendo desenvolvimentos nesta \u00e1rea. E foi muito bom no fim de semana&#8221;, seguiu.<\/p>\n\n\n\n<p class=\"wp-block-paragraph\">Verstappen ainda explicou as decis\u00f5es que tomou durante a prova.<\/p>\n\n\n\n<p class=\"wp-block-paragraph\">&#8220;Acertar a hora de trocar os pneus intermedi\u00e1rios para os slicks n\u00e3o era f\u00e1cil, porque vi alguns caras na minha frente com os slicks, mas com muitas dificuldades. Mas os intermedi\u00e1rios acabaram, ent\u00e3o continuar com eles era dif\u00edcil, estava escorregando demais. Se voc\u00ea sair alguns cent\u00edmetros, perde o carro, n\u00e3o \u00e9 f\u00e1cil. Mas quando colocamos os pneus de seco ficou tudo bem&#8221;, explicou.<\/p>\n\n\n\n<figure class=\"wp-block-image size-large\"><img decoding=\"async\" src=\"https:\/\/www.grandepremio.com\/br\/wp-content\/uploads\/2021\/04\/VerstappenHamiltonImola.jpg-scaled-e1618823883229-1024x746.jpg\" alt=\"LEWIS HAMILTON; MAX VERSTAPPEN; GP DA EM\u00cdLIA-ROMANHA; \u00cdMOLA;\" class=\"wp-image-465035\"\/><figcaption>Um dos momentos decisivos em \u00cdmola: Verstappen supera Hamilton pouco depois da largada em \u00cdmola (Foto: Getty Images\/Red Bull Content Pool)<\/figcaption><\/figure>\n\n\n\n<p class=\"wp-block-paragraph\">&#8220;Claro quem, com a bandeira vermelha e muitos destro\u00e7os na curva dois, ent\u00e3o basicamente a vantagem acabou. Tive meu momento na relargada, foi grande, estava rolando um aquecimento de pneu secreto. Mas depois disso ficou tudo bem&#8221;, finalizou.<\/p>\n\n\n\n<p class=\"wp-block-paragraph\">O chefe da Red Bull, Christian Horner, elogiou o trabalho da Honda para preparar um motor que resposta na pista italiana.<\/p>\n\n\n\n<p class=\"wp-block-paragraph\">&#8220;A Honda fez um grande trabalho no come\u00e7o do ano. Trabalharam demais, credito para eles. \u00c9 a primeira vit\u00f3ria deles em \u00cdmola desde Ayrton Senna em 1991, ent\u00e3o \u00e9 \u00f3timo buscar um resultado assim. Honestamente, n\u00e3o conseguir\u00edamos sem eles. \u00c9 muito encorajador&#8221;, afirmou.<\/p>\n\n\n\n<p class=\"wp-block-paragraph\">O Mundial volta em duas semanas, entre 30 de abril e 2 de maio, com o GP de Portugal.<\/p>\n\n\n\n<figure class=\"wp-block-embed is-type-video is-provider-youtube wp-block-embed-youtube wp-embed-aspect-16-9 wp-has-aspect-ratio\"><div class=\"wp-block-embed__wrapper\">\n<iframe loading=\"lazy\" title=\"F1 2021: RUSSELL TEM QUE ABAIXAR A BOLA, MAS MERECE DEFESA | GP \u00e0s 10\" width=\"500\" height=\"281\" src=\"https:\/\/www.youtube.com\/embed\/sV8wjogyOYU?feature=oembed\" frameborder=\"0\" allow=\"accelerometer; autoplay; clipboard-write; encrypted-media; gyroscope; picture-in-picture; web-share\" referrerpolicy=\"strict-origin-when-cross-origin\" allowfullscreen><\/iframe>\n<\/div><\/figure>\n","protected":false},"excerpt":{"rendered":"<p>At\u00e9 Max Verstappen se assustou com a largada que encaixou para tomar a lideran\u00e7a e partir para vencer o GP da Em\u00edlia-Romanha<\/p>\n","protected":false},"author":0,"featured_media":1000465246,"comment_status":"closed","ping_status":"closed","sticky":false,"template":"","format":"standard","meta":{"42wp_featured_image_caption":"","42wp_featured_image_credits":"","42wp_featured_video":"","42wp_featured_image_hidden":false,"42wp_authors_list":[],"footnotes":""},"categories":[2],"tags":[655,156,25536,27455,130,25027,203,204],"42wp_author":[47120],"class_list":["post-121889","post","type-post","status-publish","format-standard","has-post-thumbnail","hentry","category-f1","tag-christian-horner","tag-f1-2021","tag-formula-1-2021-2","tag-formula-2021-2","tag-honda","tag-imola-2","tag-max-verstappen","tag-red-bull","42wp_author-pedro-henrique-marum"],"_links":{"self":[{"href":"https:\/\/grandepremio.com\/br\/wp-json\/wp\/v2\/posts\/121889","targetHints":{"allow":["GET"]}}],"collection":[{"href":"https:\/\/grandepremio.com\/br\/wp-json\/wp\/v2\/posts"}],"about":[{"href":"https:\/\/grandepremio.com\/br\/wp-json\/wp\/v2\/types\/post"}],"replies":[{"embeddable":true,"href":"https:\/\/grandepremio.com\/br\/wp-json\/wp\/v2\/comments?post=121889"}],"version-history":[{"count":0,"href":"https:\/\/grandepremio.com\/br\/wp-json\/wp\/v2\/posts\/121889\/revisions"}],"wp:featuredmedia":[{"embeddable":true,"href":"https:\/\/grandepremio.com\/br\/wp-json\/wp\/v2\/media\/1000465246"}],"wp:attachment":[{"href":"https:\/\/grandepremio.com\/br\/wp-json\/wp\/v2\/media?parent=121889"}],"wp:term":[{"taxonomy":"category","embeddable":true,"href":"https:\/\/grandepremio.com\/br\/wp-json\/wp\/v2\/categories?post=121889"},{"taxonomy":"post_tag","embeddable":true,"href":"https:\/\/grandepremio.com\/br\/wp-json\/wp\/v2\/tags?post=121889"},{"taxonomy":"42wp_author","embeddable":true,"href":"https:\/\/grandepremio.com\/br\/wp-json\/wp\/v2\/42wp_author?post=121889"}],"curies":[{"name":"wp","href":"https:\/\/api.w.org\/{rel}","templated":true}]}}