{"id":121907,"date":"2021-04-21T04:15:00","date_gmt":"2021-04-21T07:15:00","guid":{"rendered":"https:\/\/grandepremio.com\/br\/noticias\/mclaren-consolida-terceira-forca-mas-sofre-ameaca-ferrari\/"},"modified":"2021-04-20T19:04:06","modified_gmt":"2021-04-20T22:04:06","slug":"mclaren-consolida-terceira-forca-mas-sofre-ameaca-ferrari","status":"publish","type":"post","link":"https:\/\/grandepremio.com\/br\/f1\/mclaren-consolida-terceira-forca-mas-sofre-ameaca-ferrari\/","title":{"rendered":"McLaren se consolida como terceira for\u00e7a da F1, mas j\u00e1 sofre amea\u00e7a clara da Ferrari"},"content":{"rendered":"\n<figure class=\"wp-block-video\"><video class=\"video-js vjs-big-play-centered\" data-gp-vjs=\"1\" controls src=\"https:\/\/www.grandepremio.com\/br\/wp-content\/uploads\/l-videos\/2021-04-18_F1_GPImola_domingo_editado.mp4\"><\/video><figcaption>Assista aos melhores momentos do GP da Em\u00edlia-Romanha de F1 (V\u00eddeo: GRANDE PR\u00caMIO com Reuters)<\/figcaption><\/figure>\n\n\n\n<p class=\"wp-block-paragraph\"><a href=\"https:\/\/www.grandepremio.com\/br\/f1\/noticias\/norris-ve-final-de-semana-perfeitinho-ao-alcancar-podio-na-emilia-romanha\/\">Passado o &#8216;perfeitinho&#8217; GP da Em\u00edlia-Romanha da McLaren, segundo Lando Norris,<\/a> a rela\u00e7\u00e3o de for\u00e7as da F\u00f3rmula 1 come\u00e7ou a ficar mais clara. Por enquanto, a equipe brit\u00e2nica se consolida como a terceira for\u00e7a do campeonato: \u00e9 a primeira equipe que n\u00e3o fosse a Mercedes e a Red Bull a beber champanhe no p\u00f3s corrida, empurrada pelo terceiro lugar do brit\u00e2nico em \u00cdmola. Para corroborar a situa\u00e7\u00e3o, na tabela do Mundial de Construtores figura na terceira posi\u00e7\u00e3o do certame. Surge a pergunta: algu\u00e9m ter\u00e1 condi\u00e7\u00f5es de brigar de igual para igual?<\/p>\n\n\n\n<p class=\"wp-block-paragraph\">A crescente da McLaren foi percebida logo nos treinos classificat\u00f3rios em \u00cdmola. Daniel Ricciardo anotou o sexto melhor tempo, seguido de Lando Norris, que largaria em terceiro n\u00e3o tivesse a volta voadora anulada. Isso mesmo, o lugar de honra no grid por pouco n\u00e3o ficou com a equipe inglesa.<\/p>\n\n\n\n<p class=\"wp-block-paragraph\">Somado ao p\u00f3dio, o t\u00edtulo de terceira for\u00e7a do campeonato \u00e9 chancelado pela posi\u00e7\u00e3o no Mundial de Construtores. Com 41 pontos, a equipe de Woking est\u00e1 atr\u00e1s apenas de Mercedes e Red Bull. S\u00f3 que nada na F\u00f3rmula 1 \u00e9 conquistado de forma f\u00e1cil, e a manuten\u00e7\u00e3o do posto custar\u00e1 muito trabalho para os brit\u00e2nicos.<\/p>\n\n\n\n<p class=\"wp-block-paragraph\">A atua\u00e7\u00e3o de gala de Norris, levantou ares de esperan\u00e7a na equipe. E o pr\u00f3prio brit\u00e2nico gostou da sensa\u00e7\u00e3o de subir ao p\u00f3dio e ser competitivo, tendo previsto mais disso ao longo do ano. &#8220;\u00c9 muito bacana disputar com esses caras. \u00c9 \u00f3timo estar aqui com o m\u00e9rito e o ritmo. Espero que possamos ter mais disso no futuro&#8221;, afirmou o piloto da McLaren.<\/p>\n\n\n\n<p class=\"wp-block-paragraph\">Ricciardo n\u00e3o obteve o mesmo sucesso em \u00cdmola e teve de ceder posi\u00e7\u00e3o a Norris ap\u00f3s surgir \u00e0 frente na largada. \u201cUma daquelas corridas em que voc\u00ea tem chuva indo para o grid, mas n\u00e3o sabe se vai ser assim todo o tempo. Consegui ir para quinto na largada. A\u00ed a pista come\u00e7ou a secar e n\u00e3o consegui manter um bom ritmo. Na relargada, colocamos pneus macios para tirar o m\u00e1ximo da largada parada. Tentei lev\u00e1-los at\u00e9 o fim, mas n\u00e3o consegui gerenciar bem. Acho que tanto os traseiros como os dianteiros desgastaram muito. Ent\u00e3o, n\u00e3o foi uma grande corrida, mas acho que ficar em sexto \u00e9 bom para o Mundial de Construtores, ainda mais com Lando em terceiro. Parab\u00e9ns a ele, grande corrida e \u00f3timo ver que nosso carro tem boa velocidade. A minha n\u00e3o foi nada especial, mas vou continuar a trabalhar e melhorar&#8221;, disse o australiano.<\/p>\n\n\n\n<figure class=\"wp-block-image size-large\"><img decoding=\"async\" src=\"https:\/\/www.grandepremio.com\/br\/wp-content\/uploads\/2021\/04\/mclaren-danielricciardo-01-2-1024x620.jpg\" alt=\"\" class=\"wp-image-465238\"\/><figcaption>Daniel Ricciardo, apenas s\u00e9timo colocado em \u00cdmola, n\u00e3o obteve tanto sucesso assim na prova. (Foto: AFP)<\/figcaption><\/figure>\n\n\n\n<p class=\"wp-block-paragraph\"><strong>Conhe\u00e7a o canal do Grande Pr\u00eamio no YouTube! Clique\u00a0<a target=\"_blank\" href=\"https:\/\/youtube.com\/GrandePremioTV\" rel=\"noreferrer noopener\">aqui<\/a>.<br><strong>Siga o Grande Pr\u00eamio no\u00a0<a target=\"_blank\" href=\"https:\/\/twitter.com\/grandepremio\" rel=\"noreferrer noopener\">Twitter\u00a0<\/a>e no\u00a0<a target=\"_blank\" href=\"https:\/\/instagram.com\/grandepremio\" rel=\"noreferrer noopener\">Instagram<\/a>!<\/strong><\/strong><\/p>\n\n\n\n<p class=\"wp-block-paragraph\">Apesar das comemora\u00e7\u00f5es, muito trabalho deve acontecer nos pr\u00f3ximos meses para que a situa\u00e7\u00e3o seja mantida. Se Aston Martin e Alpine come\u00e7aram seus respectivos anos patinando, AlphaTauri e Ferrari mostram que poder\u00e3o incomodar.<\/p>\n\n\n\n<p class=\"wp-block-paragraph\">No momento, quem desponta como grande postulante a este terceiro lugar \u00e9 a Ferrari. Apesar de ter come\u00e7ado mais t\u00edmida no Bahrein, a equipe de Maranello obteve \u00f3timos resultados: Charles Leclerc chegou na quarta posi\u00e7\u00e3o, perdendo sua vaga no p\u00f3dio nas voltas finais para Lewis Hamilton, e Carlos Sainz Jr. foi quinto, logo acima de Ricciardo.<\/p>\n\n\n\n<p class=\"wp-block-paragraph\">A AlphaTauri d\u00e1 sinais de que pode melhorar e eventualmente encostar na briga pelo t\u00e3o sonhado top-3, tornando a briga pela posi\u00e7\u00e3o ainda mais interessante. Se em \u00cdmola os resultados n\u00e3o foram bons o suficiente com Pierre Gasly terminando em s\u00e9timo e Yuki Tsunoda em 12\u00ba, uma evolu\u00e7\u00e3o na equipe \u00e9 prevista a ponto de esquentar a briga. A equipe sofreu na It\u00e1lia com estrat\u00e9gias erradas com o franc\u00eas e uma s\u00e9rie de erros com o japon\u00eas.<\/p>\n\n\n\n<p class=\"wp-block-paragraph\">Com ambas rivais diretas ao posto mostrando que podem melhorar, n\u00e3o h\u00e1 espa\u00e7o para acomoda\u00e7\u00e3o em Woking. Se a Ferrari tem Leclerc e Sainz, a McLaren tem o brilho de Norris e a esperan\u00e7a de uma evolu\u00e7\u00e3o de Ricciardo. A equipe brit\u00e2nica tem uma das melhores duplas de pilotos do grid, ficando \u00e0 frente no quesito na compara\u00e7\u00e3o com Ferrari e AlphaTauri.<\/p>\n\n\n\n<p class=\"wp-block-paragraph\">Se a m\u00e1xima de comemorar por um dia e voltar trabalhando dobrado no outro for o lema em Woking, o terceiro lugar moment\u00e2neo no campeonato e na rela\u00e7\u00e3o de for\u00e7as j\u00e1 n\u00e3o \u00e9 mais celebrado. \u00c9 hora de a equipe pensar em repetir a dose na pr\u00f3xima etapa, em Portugal, para manter algum controle na luta pelo top-3 do Mundial da F1.<\/p>\n\n\n\n<figure class=\"wp-block-embed is-type-video is-provider-youtube wp-block-embed-youtube wp-embed-aspect-16-9 wp-has-aspect-ratio\"><div class=\"wp-block-embed__wrapper\">\n<iframe loading=\"lazy\" title=\"F1 2021: RUSSELL TEM QUE ABAIXAR A BOLA, MAS MERECE DEFESA | GP \u00e0s 10\" width=\"500\" height=\"281\" src=\"https:\/\/www.youtube.com\/embed\/sV8wjogyOYU?feature=oembed\" frameborder=\"0\" allow=\"accelerometer; autoplay; clipboard-write; encrypted-media; gyroscope; picture-in-picture; web-share\" referrerpolicy=\"strict-origin-when-cross-origin\" allowfullscreen><\/iframe>\n<\/div><\/figure>\n","protected":false},"excerpt":{"rendered":"<p>Atual terceira for\u00e7a da F\u00f3rmula 1, a McLaren tem motivos para celebrar. Dito isso, a amea\u00e7a de rivais como Ferrari e AlphaTauri \u00e9 clara e n\u00e3o abre margem para tranquilidade em 2021<\/p>\n","protected":false},"author":0,"featured_media":1000465241,"comment_status":"closed","ping_status":"closed","sticky":false,"template":"","format":"standard","meta":{"42wp_featured_image_caption":"","42wp_featured_image_credits":"","42wp_featured_video":"","42wp_featured_image_hidden":false,"42wp_authors_list":[],"footnotes":""},"categories":[2],"tags":[524,545,546,209,211,207,180,1285,547,90,676,597,580],"42wp_author":[47138],"class_list":["post-121907","post","type-post","status-publish","format-standard","has-post-thumbnail","hentry","category-f1","tag-alphatauri","tag-andreas-seidl","tag-carlos-sainz","tag-charles-leclerc","tag-daniel-ricciardo","tag-ferrari","tag-formula-1","tag-formula-1-2021","tag-lando-norris","tag-mclaren","tag-pierre-gasly","tag-yuki-tsunoda","tag-zak-brown","42wp_author-lucascouto"],"_links":{"self":[{"href":"https:\/\/grandepremio.com\/br\/wp-json\/wp\/v2\/posts\/121907","targetHints":{"allow":["GET"]}}],"collection":[{"href":"https:\/\/grandepremio.com\/br\/wp-json\/wp\/v2\/posts"}],"about":[{"href":"https:\/\/grandepremio.com\/br\/wp-json\/wp\/v2\/types\/post"}],"replies":[{"embeddable":true,"href":"https:\/\/grandepremio.com\/br\/wp-json\/wp\/v2\/comments?post=121907"}],"version-history":[{"count":0,"href":"https:\/\/grandepremio.com\/br\/wp-json\/wp\/v2\/posts\/121907\/revisions"}],"wp:featuredmedia":[{"embeddable":true,"href":"https:\/\/grandepremio.com\/br\/wp-json\/wp\/v2\/media\/1000465241"}],"wp:attachment":[{"href":"https:\/\/grandepremio.com\/br\/wp-json\/wp\/v2\/media?parent=121907"}],"wp:term":[{"taxonomy":"category","embeddable":true,"href":"https:\/\/grandepremio.com\/br\/wp-json\/wp\/v2\/categories?post=121907"},{"taxonomy":"post_tag","embeddable":true,"href":"https:\/\/grandepremio.com\/br\/wp-json\/wp\/v2\/tags?post=121907"},{"taxonomy":"42wp_author","embeddable":true,"href":"https:\/\/grandepremio.com\/br\/wp-json\/wp\/v2\/42wp_author?post=121907"}],"curies":[{"name":"wp","href":"https:\/\/api.w.org\/{rel}","templated":true}]}}