{"id":121918,"date":"2021-04-20T14:29:56","date_gmt":"2021-04-20T17:29:56","guid":{"rendered":"https:\/\/grandepremio.com\/br\/noticias\/aston-martin-celebra-corrida-lance-stroll-minimza-abandono-sebastian-vettel-imola\/"},"modified":"2021-04-20T14:30:05","modified_gmt":"2021-04-20T17:30:05","slug":"aston-martin-celebra-corrida-lance-stroll-minimza-abandono-sebastian-vettel-imola","status":"publish","type":"post","link":"https:\/\/grandepremio.com\/br\/f1\/aston-martin-celebra-corrida-lance-stroll-minimza-abandono-sebastian-vettel-imola\/","title":{"rendered":"Mesmo melhor que Vettel, Stroll relata problemas de freio, c\u00e2mbio e visor em \u00cdmola"},"content":{"rendered":"\n<figure class=\"wp-block-video\"><video class=\"video-js vjs-big-play-centered\" data-gp-vjs=\"1\" controls src=\"https:\/\/www.grandepremio.com\/br\/wp-content\/uploads\/l-videos\/2021-04-18_F1_GPImola_domingo_editado.mp4\"><\/video><figcaption>Assista aos melhores momentos do GP da Em\u00edlia-Romanha de F1 (V\u00eddeo: GRANDE PR\u00caMIO com Reuters)<\/figcaption><\/figure>\n\n\n\n<p class=\"wp-block-paragraph\">Ap\u00f3s o GP da Em\u00edlia-Romanha, realizado no \u00faltimo domingo, a Aston Martin fez um balan\u00e7o a respeito do desempenho de seus dois pilotos, Sebastian Vettel e Lance Stroll. A equipe brit\u00e2nica celebrou os quatro pontos conquistados por Stroll e relativizou o abandono na \u00faltima volta de Vettel. Mas o que chamou a aten\u00e7\u00e3o mesmo foi a quantidade de problemas com que viveu o canadense e mesmo assim sobrou contra o companheiro.<\/p>\n\n\n\n<p class=\"wp-block-paragraph\"><strong>Conhe\u00e7a o canal do Grande Pr\u00eamio no YouTube! Clique&nbsp;<a target=\"_blank\" href=\"https:\/\/youtube.com\/GrandePremioTV\" rel=\"noreferrer noopener\">aqui<\/a>.<\/strong><br><strong>Siga o Grande Pr\u00eamio no&nbsp;<a target=\"_blank\" href=\"https:\/\/twitter.com\/grandepremio\" rel=\"noreferrer noopener\">Twitter&nbsp;<\/a>e no&nbsp;<a target=\"_blank\" href=\"https:\/\/instagram.com\/grandepremio\" rel=\"noreferrer noopener\">Instagram<\/a>!<\/strong><\/p>\n\n\n\n<p class=\"wp-block-paragraph\">Stroll recebeu a bandeirada em s\u00e9timo, mas caiu para a oitava posi\u00e7\u00e3o ap\u00f3s ser punido em 5s por uma ultrapassagem ilegal sobre Pierre Gasly. De qualquer forma, com todas as dificuldades, a impress\u00e3o \u00e9 de um resultado invej\u00e1vel.<\/p>\n\n\n\n<p class=\"wp-block-paragraph\">&#8220;A equipe fez um \u00f3timo trabalho ao consertar o caro. Meus freios pegaram fogo na volta de ida ao grid. N\u00f3s conseguimos voltar para casa com uma s\u00e9tima posi\u00e7\u00e3o, fiquei muito feliz por isso. Tive um problema com meu visor em um momento da corrida e com a caixa de c\u00e2mbio durante a prova e tivemos que olhar isso, que me custou muito tempo de volta, inclusive&#8221;, disse. <\/p>\n\n\n\n<p class=\"wp-block-paragraph\">&#8220;Tivemos alguns problemas durante a corrida, mas consegui me recuperar e trazer para casa o s\u00e9timo lugar [que virou oitavo]. Creio que ainda temos trabalho a fazer. Voc\u00eas sabem, a competi\u00e7\u00e3o \u00e9 muito acirrada, temos que continuar evoluindo&#8221;, afirmou.<\/p>\n\n\n\n<figure class=\"wp-block-image size-large\"><img decoding=\"async\" src=\"https:\/\/www.grandepremio.com\/br\/wp-content\/uploads\/2021\/04\/astonmartin-sebastianvettel-02-2-1024x683.jpg\" alt=\"\" class=\"wp-image-465231\"\/><figcaption>Sebastian Vettel (Foto: Aston Martin)<\/figcaption><\/figure>\n\n\n\n<p class=\"wp-block-paragraph\">J\u00e1 o chefe da equipe, Otmar Szafnauer, celebrou os pontos conquistados e relativizou o abandono e come\u00e7o tortuoso do tetracampe\u00e3o Vettel. <\/p>\n\n\n\n<p class=\"wp-block-paragraph\">&#8220;Depois de um desafiador final de semana em \u00cdmola em v\u00e1rios sentidos, Lance conseguiu uma impressionante pilotagem rumo ao s\u00e9timo [oitavo] lugar, mesmo sob press\u00e3o o tempo todo. Isso impulsionou o esp\u00edrito da equipe. Sebastian teve problemas na corrida e acabou abandonando a uma volta do final, o que \u00e9 frustrante para todos, mas ele tem uma boa quilometragem agora, o que \u00e9 positivo, pois ainda est\u00e1 tentando se recuperar at\u00e9 certo ponto por conta de sua falta de tempo nos testes de pr\u00e9-temporada&#8221;, declarou.<\/p>\n\n\n\n<figure class=\"wp-block-embed is-type-rich is-provider-spotify wp-block-embed-spotify wp-embed-aspect-21-9 wp-has-aspect-ratio\"><div class=\"wp-block-embed__wrapper\">\n<iframe title=\"Spotify Embed: A Indy 2021 \u2013 com participa\u00e7\u00e3o de Helio Castroneves e Tony Kanaan | Paddockast #99\" style=\"border-radius: 12px\" width=\"100%\" height=\"152\" frameborder=\"0\" allowfullscreen allow=\"autoplay; clipboard-write; encrypted-media; fullscreen; picture-in-picture\" loading=\"lazy\" src=\"https:\/\/open.spotify.com\/embed\/episode\/7cAkbLrIeKpiUOXYpzNd18?utm_source=oembed\"><\/iframe>\n<\/div><\/figure>\n\n\n\n<p class=\"wp-block-paragraph\">Dentro da equipe o cen\u00e1rio \u00e9 muito diferente do que era esperado. Stroll \u00e9 o \u00fanico piloto da equipe que conseguiu pontuar no Mundial, com 5 tentos, quatro destes em \u00cdmola. J\u00e1 Vettel passa por um come\u00e7o complicado na equipe, tendo uma 15\u00aa coloca\u00e7\u00e3o no Bahrein e um abandono na Em\u00edlia-Romanha.<\/p>\n\n\n\n<p class=\"wp-block-paragraph\">A pr\u00f3xima etapa da&nbsp;<a href=\"https:\/\/www.grandepremio.com\/br\/f1\/\" target=\"_blank\" rel=\"noreferrer noopener\">F1&nbsp;<\/a>\u00e9 o GP de Portugal, em&nbsp;<a href=\"https:\/\/www.grandepremio.com\/br\/etapa\/f1\/gp-de-portugal-formula-1-2020\/\" target=\"_blank\" rel=\"noreferrer noopener\">Portim\u00e3o<\/a>. A corrida acontece dentro de duas semanas, em 2 de maio.<\/p>\n\n\n\n<figure class=\"wp-block-embed is-type-video is-provider-youtube wp-block-embed-youtube wp-embed-aspect-16-9 wp-has-aspect-ratio\"><div class=\"wp-block-embed__wrapper\">\n<iframe loading=\"lazy\" title=\"F1 2021: RUSSELL TEM QUE ABAIXAR A BOLA, MAS MERECE DEFESA | GP \u00e0s 10\" width=\"500\" height=\"281\" src=\"https:\/\/www.youtube.com\/embed\/sV8wjogyOYU?feature=oembed\" frameborder=\"0\" allow=\"accelerometer; autoplay; clipboard-write; encrypted-media; gyroscope; picture-in-picture; web-share\" referrerpolicy=\"strict-origin-when-cross-origin\" allowfullscreen><\/iframe>\n<\/div><\/figure>\n","protected":false},"excerpt":{"rendered":"<p>Lance Stroll celebrou desempenho em \u00cdmola pela Aston Martin enquanto chefe de equipe, Otmar Szafnauer, comentou a respeito do abandono de Sebastian Vettel<\/p>\n","protected":false},"author":0,"featured_media":1000464672,"comment_status":"closed","ping_status":"closed","sticky":false,"template":"","format":"standard","meta":{"42wp_featured_image_caption":"","42wp_featured_image_credits":"","42wp_featured_video":"","42wp_featured_image_hidden":false,"42wp_authors_list":[],"footnotes":""},"categories":[2],"tags":[309,180,1285,485,477,210],"42wp_author":[47138],"class_list":["post-121918","post","type-post","status-publish","format-standard","has-post-thumbnail","hentry","category-f1","tag-aston-martin","tag-formula-1","tag-formula-1-2021","tag-lance-stroll","tag-otmar-szafnauer","tag-sebastian-vettel","42wp_author-lucascouto"],"_links":{"self":[{"href":"https:\/\/grandepremio.com\/br\/wp-json\/wp\/v2\/posts\/121918","targetHints":{"allow":["GET"]}}],"collection":[{"href":"https:\/\/grandepremio.com\/br\/wp-json\/wp\/v2\/posts"}],"about":[{"href":"https:\/\/grandepremio.com\/br\/wp-json\/wp\/v2\/types\/post"}],"replies":[{"embeddable":true,"href":"https:\/\/grandepremio.com\/br\/wp-json\/wp\/v2\/comments?post=121918"}],"version-history":[{"count":0,"href":"https:\/\/grandepremio.com\/br\/wp-json\/wp\/v2\/posts\/121918\/revisions"}],"wp:featuredmedia":[{"embeddable":true,"href":"https:\/\/grandepremio.com\/br\/wp-json\/wp\/v2\/media\/1000464672"}],"wp:attachment":[{"href":"https:\/\/grandepremio.com\/br\/wp-json\/wp\/v2\/media?parent=121918"}],"wp:term":[{"taxonomy":"category","embeddable":true,"href":"https:\/\/grandepremio.com\/br\/wp-json\/wp\/v2\/categories?post=121918"},{"taxonomy":"post_tag","embeddable":true,"href":"https:\/\/grandepremio.com\/br\/wp-json\/wp\/v2\/tags?post=121918"},{"taxonomy":"42wp_author","embeddable":true,"href":"https:\/\/grandepremio.com\/br\/wp-json\/wp\/v2\/42wp_author?post=121918"}],"curies":[{"name":"wp","href":"https:\/\/api.w.org\/{rel}","templated":true}]}}