{"id":121925,"date":"2021-04-20T10:27:55","date_gmt":"2021-04-20T13:27:55","guid":{"rendered":"https:\/\/grandepremio.com\/br\/noticias\/consultor-da-red-bull-dispara-contra-yuki-tsunoda-foi-arrogante\/"},"modified":"2021-04-20T10:28:00","modified_gmt":"2021-04-20T13:28:00","slug":"consultor-da-red-bull-dispara-contra-yuki-tsunoda-foi-arrogante","status":"publish","type":"post","link":"https:\/\/grandepremio.com\/br\/f1\/consultor-da-red-bull-dispara-contra-yuki-tsunoda-foi-arrogante\/","title":{"rendered":"Consultor da Red Bull critica Tsunoda por acidente e rodada em \u00cdmola: &#8220;Foi arrogante&#8221;"},"content":{"rendered":"\n<figure class=\"wp-block-video\"><video class=\"video-js vjs-big-play-centered\" data-gp-vjs=\"1\" controls src=\"https:\/\/www.grandepremio.com\/br\/wp-content\/uploads\/l-videos\/2021-04-18_F1_GPImola_domingo_editado.mp4\"><\/video><figcaption>Assista aos melhores momentos do GP da Em\u00edlia-Romanha de F1 (V\u00eddeo: GRANDE PR\u00caMIO com Reuters)<\/figcaption><\/figure>\n\n\n\n<p class=\"wp-block-paragraph\">Ao longo do final de semana do GP da Em\u00edlia-Romanha, realizado no \u00faltimo domingo (18), Helmut Marko, consultor da Red Bull, n\u00e3o poupou cr\u00edticas a seus comandados. O alvo da vez foi o piloto da AlphaTauri, Yuki Tsunoda, que foi chamado de &#8220;arrogante&#8221; por Marko ap\u00f3s abandonar o treino classificat\u00f3rio no Q1 e por ter rodado na relargada da corrida. Tsunoda chegou a sofrer uma puni\u00e7\u00e3o de 5s e terminou apenas em 12\u00ba lugar.<\/p>\n\n\n\n<p class=\"wp-block-paragraph\">Ao longo do final de semana em \u00cdmola, <a href=\"https:\/\/www.grandepremio.com\/br\/f1\/noticias\/consultor-red-bull-discorda-de-comissarios-ve-perez-culpado-batida-com-ocon\/\">Helmut Marko j\u00e1 havia criticado duramente Sergio P\u00e9rez, da Red Bull, por conta de uma colis\u00e3o do mexicano com Esteban Ocon, da Alpine, no treino livre 1, na sexta-feira.<\/a> <\/p>\n\n\n\n<p class=\"wp-block-paragraph\">Desta vez, o alvo das cr\u00edticas foi o japon\u00eas da AlphaTauri. Nem mesmo Yuki, coberto de elogios por Marko nas \u00faltimas semanas, escapou da metralhadora verbal do ex-piloto austr\u00edaco. Depois do GP do Bahrein, Helmut chegou at\u00e9 mesmo a afirmar que Tsunoda \u00e9 uma &#8220;nova estrela&#8221; e que tem potencial at\u00e9 mesmo para ser campe\u00e3o na F1. <strong><a href=\"https:\/\/www.grandepremio.com\/br\/f1\/noticias\/consultor-red-bull-nova-estrela-yuki-tsunoda-titulo\/\">Tr\u00eas semanas depois, o discurso \u00e9 completamente oposto<\/a><\/strong>.<\/p>\n\n\n\n<p class=\"wp-block-paragraph\">&#8220;O Yuki tinha um carro r\u00e1pido. Certamente ele conseguiria um lugar no Q3. Foi apenas um erro est\u00fapido e voc\u00ea n\u00e3o pode diminuir isso. Eu conversei com o Yuki ap\u00f3s a corrida. Ele estava completamente arrependido&#8221;, declarou Marko em entrevista \u00e0 emissora austr\u00edaca ServusTV, parceira da Red Bull.<\/p>\n\n\n\n<p class=\"wp-block-paragraph\">&#8220;Ele teve \u00f3timos tempos nos setores na primeira volta, mas marcar um \u00f3timo tempo na primeira volta n\u00e3o muda nada. Foi arrogante&#8221;, afirmou.<\/p>\n\n\n\n<figure class=\"wp-block-image size-large\"><img decoding=\"async\" src=\"https:\/\/www.grandepremio.com\/br\/wp-content\/uploads\/2021\/04\/Yuki-Tsunoda-acidente-AlphaTauri-F1-Emilia-Romanha-1.png\" alt=\"Yuki Tsunoda, acidente, AlphaTauri, F1, Emilia-Romanha, Classifica\u00e7\u00e3o\" class=\"wp-image-464341\"\/><figcaption>Yuki Tsunoda se acidentou no Q1 da classifica\u00e7\u00e3o na Em\u00edlia-Romanha. J\u00e1 no domingo, japon\u00eas acabou rodando na relargada limando suas chances de pontua\u00e7\u00e3o. (Foto: Reprodu\u00e7\u00e3o)<\/figcaption><\/figure>\n\n\n\n<p class=\"wp-block-paragraph\"><strong>Conhe\u00e7a o canal do Grande Pr\u00eamio no YouTube! Clique&nbsp;<a target=\"_blank\" href=\"https:\/\/youtube.com\/GrandePremioTV\" rel=\"noreferrer noopener\">aqui<\/a>.<\/strong><br><strong>Siga o Grande Pr\u00eamio no&nbsp;<a target=\"_blank\" href=\"https:\/\/twitter.com\/grandepremio\" rel=\"noreferrer noopener\">Twitter&nbsp;<\/a>e no&nbsp;<a target=\"_blank\" href=\"https:\/\/instagram.com\/grandepremio\" rel=\"noreferrer noopener\">Instagram<\/a>!<\/strong><\/p>\n\n\n\n<p class=\"wp-block-paragraph\">Ap\u00f3s sua segunda corrida na F\u00f3rmula 1, Tsunoda assumiu os erros no Q1 e na corrida, salientou sua adapta\u00e7\u00e3o na categoria e lamentou n\u00e3o ter pontuado em \u00cdmola. <\/p>\n\n\n\n<p class=\"wp-block-paragraph\">&#8220;Fui muito agressivo na curva 2. Depois, meu ritmo estava muito bom, foi uma pena ter rodado na primeira volta e n\u00e3o ter conseguido os pontos. Sinto muito pela equipe, no geral. Esse final de semana foi duro para mim. Mas vou aprender com isso para melhorar na pr\u00f3xima vez. Era poss\u00edvel termos conquistado pontos dessa vez, mas como eu disse, essa \u00e9 uma curva de aprendizagem, apenas n\u00e3o farei isso de novo na pr\u00f3xima vez e terei uma corrida melhor&#8221;, prometeu.<\/p>\n\n\n\n<p class=\"wp-block-paragraph\">&#8220;Para mim, no Q1 foi completamente erro meu. At\u00e9 no Q1, quando vi a performance geral do carro esta semana, eu n\u00e3o tinha que der for\u00e7ado o carro como eu fiz. N\u00e3o sei o motivo, apenas forcei muito, apesar de n\u00e3o ter precisado&#8221;, concluiu Tsunoda.<\/p>\n\n\n\n<p class=\"wp-block-paragraph\">A pr\u00f3xima etapa da&nbsp;<a href=\"https:\/\/www.grandepremio.com\/br\/f1\/\" target=\"_blank\" rel=\"noreferrer noopener\">F1<\/a>&nbsp;acontece em 2 de maio. A categoria vai para&nbsp;<a href=\"https:\/\/www.grandepremio.com\/br\/etapa\/f1\/gp-de-portugal-formula-1-2020\/\" target=\"_blank\" rel=\"noreferrer noopener\">Portim\u00e3o<\/a>, casa do GP de Portugal.<\/p>\n\n\n\n<figure class=\"wp-block-embed is-type-video is-provider-youtube wp-block-embed-youtube wp-embed-aspect-16-9 wp-has-aspect-ratio\"><div class=\"wp-block-embed__wrapper\">\n<iframe loading=\"lazy\" title=\"VERSTAPPEN VENCE EM \u00cdMOLA E CRIA SUPERLIGA COM HAMILTON NA F1 | Paddock GP #235\" width=\"500\" height=\"281\" src=\"https:\/\/www.youtube.com\/embed\/LVu2JXkEeCk?feature=oembed\" frameborder=\"0\" allow=\"accelerometer; autoplay; clipboard-write; encrypted-media; gyroscope; picture-in-picture; web-share\" referrerpolicy=\"strict-origin-when-cross-origin\" allowfullscreen><\/iframe>\n<\/div><\/figure>\n\n\n\n<p class=\"wp-block-paragraph\"><\/p>\n","protected":false},"excerpt":{"rendered":"<p>Consultor da Red Bull, Helmut Marko, viu atitude &#8220;arrogante&#8221; de Yuki Tsunoda, da AlphaTauri, ap\u00f3s erros cometidos no fim de semana do GP da Em\u00edlia-Romanha<\/p>\n","protected":false},"author":0,"featured_media":1000464663,"comment_status":"closed","ping_status":"closed","sticky":false,"template":"","format":"standard","meta":{"42wp_featured_image_caption":"","42wp_featured_image_credits":"","42wp_featured_video":"","42wp_featured_image_hidden":false,"42wp_authors_list":[],"footnotes":""},"categories":[2],"tags":[524,655,24837,1285,525,25606,258,204,597],"42wp_author":[47138],"class_list":["post-121925","post","type-post","status-publish","format-standard","has-post-thumbnail","hentry","category-f1","tag-alphatauri","tag-christian-horner","tag-formula-1-2","tag-formula-1-2021","tag-franz-tost","tag-gp-da-emilia-romanha","tag-helmut-marko","tag-red-bull","tag-yuki-tsunoda","42wp_author-lucascouto"],"_links":{"self":[{"href":"https:\/\/grandepremio.com\/br\/wp-json\/wp\/v2\/posts\/121925","targetHints":{"allow":["GET"]}}],"collection":[{"href":"https:\/\/grandepremio.com\/br\/wp-json\/wp\/v2\/posts"}],"about":[{"href":"https:\/\/grandepremio.com\/br\/wp-json\/wp\/v2\/types\/post"}],"replies":[{"embeddable":true,"href":"https:\/\/grandepremio.com\/br\/wp-json\/wp\/v2\/comments?post=121925"}],"version-history":[{"count":0,"href":"https:\/\/grandepremio.com\/br\/wp-json\/wp\/v2\/posts\/121925\/revisions"}],"wp:featuredmedia":[{"embeddable":true,"href":"https:\/\/grandepremio.com\/br\/wp-json\/wp\/v2\/media\/1000464663"}],"wp:attachment":[{"href":"https:\/\/grandepremio.com\/br\/wp-json\/wp\/v2\/media?parent=121925"}],"wp:term":[{"taxonomy":"category","embeddable":true,"href":"https:\/\/grandepremio.com\/br\/wp-json\/wp\/v2\/categories?post=121925"},{"taxonomy":"post_tag","embeddable":true,"href":"https:\/\/grandepremio.com\/br\/wp-json\/wp\/v2\/tags?post=121925"},{"taxonomy":"42wp_author","embeddable":true,"href":"https:\/\/grandepremio.com\/br\/wp-json\/wp\/v2\/42wp_author?post=121925"}],"curies":[{"name":"wp","href":"https:\/\/api.w.org\/{rel}","templated":true}]}}