{"id":12194,"date":"2026-02-12T04:31:19","date_gmt":"2026-02-12T07:31:19","guid":{"rendered":"https:\/\/grandepremio.com\/br\/noticias\/formula-1-tem-quinta-feira-mais-calor-sem-chuva-pre-temporada-bahrein\/"},"modified":"2026-02-12T04:35:55","modified_gmt":"2026-02-12T07:35:55","slug":"formula-1-tem-quinta-feira-mais-calor-sem-chuva-pre-temporada-bahrein","status":"publish","type":"post","link":"https:\/\/grandepremio.com\/br\/f1\/formula-1-tem-quinta-feira-mais-calor-sem-chuva-pre-temporada-bahrein\/","title":{"rendered":"F\u00f3rmula 1 tem quinta-feira de mais calor e sem chuva em pr\u00e9-temporada no Bahrein"},"content":{"rendered":"\n<p class=\"wp-block-paragraph\">A <strong>F\u00f3rmula 1 <\/strong>est\u00e1 no <strong>Bahrein <\/strong>dando o pontap\u00e9 inicial nos testes coletivos da pr\u00e9-temporada 2026, e assim como no dia de abertura, a previs\u00e3o para o segundo dia \u00e9 de muito calor e clima seco. Confira o que diz a meteorologia para esta quinta-feira (12).<\/p>\n\n\n\n<p class=\"wp-block-paragraph\">A atividade come\u00e7a \u00e0s 10h locais (4h em Bras\u00edlia, GMT-3), com sol envolto por uma fina n\u00e9voa e term\u00f4metros em 23\u00b0C, semelhante \u00e0 sensa\u00e7\u00e3o t\u00e9rmica. A umidade relativa do ar, por sua vez, atinge 56%, enquanto os ventos sopram a 17 km\/h de velocidade m\u00e9dia, com rajadas que podem chegar aos 26\u00b0C.<\/p>\n\n\n\n<p class=\"wp-block-paragraph\">Ao longo da manh\u00e3, a temperatura sobe para 26\u00b0C, enquanto a umidade baixa um pouco e chega aos 44%. Os ventos tamb\u00e9m diminuem bastante em rela\u00e7\u00e3o ao visto na quarta-feira, com 13 km\/h de velocidade m\u00e9dia e rajadas de at\u00e9 20 km\/h a sul-sudeste.<\/p>\n\n\n\n<p class=\"wp-block-paragraph\">Ap\u00f3s pausa de uma hora para o almo\u00e7o, os pilotos retomam os testes do Bahrein \u00e0s 15h locais (9h em Bras\u00edlia) com a temperatura em 27\u00b0C e umidade em 41%. Os ventos mant\u00eam-se a 13 km\/h de m\u00e9dia, assim como as rajadas.<\/p>\n\n\n\n<figure class=\"wp-block-image size-large\"><img decoding=\"async\" src=\"https:\/\/www.grandepremio.com\/br\/wp-content\/uploads\/2026\/02\/cadillac_f1_2026_4-1200x800.jpg\" alt=\"\" class=\"wp-image-1056746\"\/><figcaption class=\"wp-element-caption\">A F1 come\u00e7ou a pr\u00e9-temporada no Bahrein (Foto: Cadillac)<\/figcaption><\/figure>\n\n\n\n<p class=\"wp-block-paragraph\">\u25b6\ufe0f\u00a0<strong>Inscreva-se nos dois canais do GRANDE PR\u00caMIO no YouTube:\u00a0<a href=\"https:\/\/www.youtube.com\/channel\/UC9OlHEgxoaY6QY6nWPoiqQg?sub_confirmation=1\" target=\"_blank\" rel=\"noreferrer noopener\">GP<\/a>\u00a0|\u00a0<a href=\"https:\/\/www.youtube.com\/channel\/UC9csiS6q_C3C0FYhyr1rnFA?sub_confirmation=1\" target=\"_blank\" rel=\"noreferrer noopener\">GPTV<\/a><\/strong><\/p>\n\n\n\n<p class=\"wp-block-paragraph\">O segundo dia termina \u00e0 noite, \u00e0s 19h locais (14h em Bras\u00edlia), e a temperatura cai para 22\u00b0C. J\u00e1 as rajadas de vento, agora a leste, aumentam e podem chegar aos 30 km\/h. A umidade, por sua vez, tamb\u00e9m sobe bastante: 63%.<\/p>\n\n\n\n<p class=\"wp-block-paragraph\">As informa\u00e7\u00f5es s\u00e3o do servi\u00e7o de meteorologia AccuWeather. No primeiro dia de testes, Lando Norris, que andou no per\u00edodo da tarde, foi o mais r\u00e1pido. Max Verstappen terminou em segundo, com George Russell na terceira posi\u00e7\u00e3o.<\/p>\n\n\n\n<p class=\"wp-block-paragraph\">A primeira bateria de testes coletivos da pr\u00e9-temporada 2026 no Bahrein vai at\u00e9 esta sexta-feira (13). O\u00a0<strong>GRANDE PR\u00caMIO\u00a0<\/strong>acompanha todas as atividades\u00a0<strong>IN LOCO\u00a0<\/strong>com o rep\u00f3rter\u00a0<strong>Leonid Kliuev<\/strong>.<\/p>\n\n\n\n<h2 class=\"wp-block-heading\" id=\"h-f1-hoje-saiba-aqui-as-noticias-mais-importantes-do-dia-da-formula-1\"><strong>F1 hoje: saiba aqui as not\u00edcias mais importantes do dia da F\u00f3rmula 1<\/strong><\/h2>\n\n\n\n<p class=\"wp-block-paragraph\">\u25b6\ufe0f&nbsp;<strong><a href=\"https:\/\/www.grandepremio.com\/br\/f1\/noticias\/fia-defende-alteracao-regra-motores-justifica-nao-queremos-controversias\/\">FIA defende altera\u00e7\u00e3o na regra de motores e justifica: \u201cN\u00e3o queremos controv\u00e9rsias\u201d<\/a><\/strong><br>\u25b6\ufe0f&nbsp;<strong><a href=\"https:\/\/www.grandepremio.com\/br\/galeria\/f1\/confira-pinturas-das-11-equipes-da-formula-1-para-temporada-2026\/\"><\/a><a href=\"https:\/\/www.grandepremio.com\/br\/f1\/noticias\/lewis-hamilton-ve-f1-mais-lenta-f2-critica-complexidade-2026-preciso-diploma\/\">Hamilton v\u00ea F1 \u201cmais lenta que F2\u201d e critica complexidade de 2026: \u201c\u00c9 preciso um diploma\u201d<\/a><\/strong><br>\u25b6\ufe0f&nbsp;<strong><a href=\"https:\/\/www.grandepremio.com\/br\/f1\/noticias\/fernando-alonso-crava-data-decidir-futuro-f1-mas-cogita-pressao-aston-martin\/\"><\/a><a href=\"https:\/\/www.grandepremio.com\/br\/f1\/noticias\/estamos-ferrados-mercedes-se-preocupa-alteracao-regra-motores-cobra-fia\/\">\u201cEstamos ferrados\u201d: Mercedes se preocupa com altera\u00e7\u00e3o em regra de motores e cobra FIA<\/a><\/strong><br>\u25b6\ufe0f&nbsp;<strong><a href=\"https:\/\/www.grandepremio.com\/br\/f1\/noticias\/lance-stroll-reclama-regulamento-formula-1-ironiza-george-russell-falas-testes-barcelona\/\"><\/a><a href=\"https:\/\/www.grandepremio.com\/br\/f1\/noticias\/chefe-mercedes-impressiona-motor-red-bull-esperava-estivessem-pior\/\">Chefe da Mercedes se impressiona com motor Red Bull: \u201cEsperava que estivessem pior\u201d<\/a><\/strong><br>\u25b6\ufe0f&nbsp;<a href=\"https:\/\/www.grandepremio.com\/br\/f1\/noticias\/cadillac-diz-existe-consenso-f1-sobre-mudanca-regra-motores-2026\/\"><strong>Cadillac diz que existe consenso na F1 sobre mudan\u00e7a na regra de motores de 2026<\/strong><\/a><\/p>\n","protected":false},"excerpt":{"rendered":"<p>O calor continua no Bahrein nesta quinta-feira (12), segundo dia de testes coletivos da F1. Confira a previs\u00e3o do tempo completa<\/p>\n","protected":false},"author":0,"featured_media":1001057357,"comment_status":"closed","ping_status":"closed","sticky":false,"template":"","format":"standard","meta":{"42wp_featured_image_caption":"","42wp_featured_image_credits":"","42wp_featured_video":"","42wp_featured_image_hidden":false,"42wp_authors_list":[],"footnotes":""},"categories":[2],"tags":[1667,45944,33901,26271,5273,147,29516,29148,180,31425,28995,1491,28285,30840,35129,2717,31470,1881,42831],"42wp_author":[47147],"class_list":["post-12194","post","type-post","status-publish","format-standard","has-post-thumbnail","hentry","category-f1","tag-bahrein","tag-bahrein-2026","tag-bahrein-f1","tag-calendario-f1","tag-classificacao-f1","tag-f1","tag-f1-2026","tag-f1-hoje","tag-formula-1","tag-formula-1-2026","tag-formula-1-hoje","tag-grande-premio","tag-grandepremio","tag-horarios-f1","tag-onde-assistir-f1","tag-pre-temporada","tag-temporada-2026-f1","tag-testes-coletivos","tag-testes-coletivos-bahrein","42wp_author-luana-marino"],"_links":{"self":[{"href":"https:\/\/grandepremio.com\/br\/wp-json\/wp\/v2\/posts\/12194","targetHints":{"allow":["GET"]}}],"collection":[{"href":"https:\/\/grandepremio.com\/br\/wp-json\/wp\/v2\/posts"}],"about":[{"href":"https:\/\/grandepremio.com\/br\/wp-json\/wp\/v2\/types\/post"}],"replies":[{"embeddable":true,"href":"https:\/\/grandepremio.com\/br\/wp-json\/wp\/v2\/comments?post=12194"}],"version-history":[{"count":0,"href":"https:\/\/grandepremio.com\/br\/wp-json\/wp\/v2\/posts\/12194\/revisions"}],"wp:featuredmedia":[{"embeddable":true,"href":"https:\/\/grandepremio.com\/br\/wp-json\/wp\/v2\/media\/1001057357"}],"wp:attachment":[{"href":"https:\/\/grandepremio.com\/br\/wp-json\/wp\/v2\/media?parent=12194"}],"wp:term":[{"taxonomy":"category","embeddable":true,"href":"https:\/\/grandepremio.com\/br\/wp-json\/wp\/v2\/categories?post=12194"},{"taxonomy":"post_tag","embeddable":true,"href":"https:\/\/grandepremio.com\/br\/wp-json\/wp\/v2\/tags?post=12194"},{"taxonomy":"42wp_author","embeddable":true,"href":"https:\/\/grandepremio.com\/br\/wp-json\/wp\/v2\/42wp_author?post=12194"}],"curies":[{"name":"wp","href":"https:\/\/api.w.org\/{rel}","templated":true}]}}