{"id":121951,"date":"2021-04-19T11:49:00","date_gmt":"2021-04-19T14:49:00","guid":{"rendered":"https:\/\/grandepremio.com\/br\/noticias\/brawn-ve-mais-culpa-de-bottas-do-que-de-russell-em-acidente-deixou-sem-espaco\/"},"modified":"2021-04-19T11:57:31","modified_gmt":"2021-04-19T14:57:31","slug":"brawn-ve-mais-culpa-de-bottas-do-que-de-russell-em-acidente-deixou-sem-espaco","status":"publish","type":"post","link":"https:\/\/grandepremio.com\/br\/f1\/brawn-ve-mais-culpa-de-bottas-do-que-de-russell-em-acidente-deixou-sem-espaco\/","title":{"rendered":"Brawn v\u00ea mais culpa de Bottas do que de Russell em acidente: &#8220;Deixou sem espa\u00e7o&#8221;"},"content":{"rendered":"\n<figure class=\"wp-block-video\"><video class=\"video-js vjs-big-play-centered\" data-gp-vjs=\"1\" controls src=\"https:\/\/www.grandepremio.com\/br\/wp-content\/uploads\/l-videos\/2021-04-18_F1_GPImola_domingo_editado.mp4\"><\/video><figcaption>Assista aos melhores momentos do GP da Em\u00edlia-Romanha de F1 (V\u00eddeo: GRANDE PR\u00caMIO com Reuters)<\/figcaption><\/figure>\n\n\n\n<p class=\"wp-block-paragraph\">A pol\u00eamica n\u00e3o acaba: <strong><a href=\"https:\/\/www.grandepremio.com\/br\/f1\/noticias\/opiniao-gp-imola-confirma-formula-1-vive-uma-disputa-real-pelo-titulo-em-2021\/\">mais de 24 horas depois<\/a><\/strong> do acidente entre Valtteri Bottas e George Russell em \u00cdmola, o mundo da F\u00f3rmula 1 segue comentando o ocorrido \u2014 que causou bandeira vermelha e mudou os rumos do GP da Em\u00edlia-Romanha do \u00faltimo domingo (18).<\/p>\n\n\n\n<p class=\"wp-block-paragraph\">Outro que n\u00e3o se furtou a comentar a pol\u00eamica foi Ross Brawn, diretor-esportivo da F\u00f3rmula 1. Em sua coluna p\u00f3s-GP no site oficial da categoria, o dirigente brit\u00e2nico analisou a situa\u00e7\u00e3o entre Bottas e Russell e apontou um culpado pelo acidente.<\/p>\n\n\n\n<p class=\"wp-block-paragraph\"><strong>Conhe\u00e7a o canal do Grande Pr\u00eamio no YouTube! Clique&nbsp;<a target=\"_blank\" href=\"https:\/\/youtube.com\/GrandePremioTV\" rel=\"noreferrer noopener\">aqui<\/a>.<\/strong><br><strong>Siga o Grande Pr\u00eamio no&nbsp;<a target=\"_blank\" href=\"https:\/\/twitter.com\/grandepremio\" rel=\"noreferrer noopener\">Twitter&nbsp;<\/a>e no&nbsp;<a target=\"_blank\" href=\"https:\/\/instagram.com\/grandepremio\" rel=\"noreferrer noopener\">Instagram<\/a>!<\/strong><\/p>\n\n\n\n<figure class=\"wp-block-image size-large\"><img decoding=\"async\" src=\"https:\/\/www.grandepremio.com\/br\/wp-content\/uploads\/2021\/04\/Russell_Bottas-1.png\" alt=\"\" class=\"wp-image-465062\"\/><figcaption>George Russell e Valtteri Bottas se envolveram em um forte acidente durante a corrida em \u00cdmola (Foto: Reprodu\u00e7\u00e3o\/TV)<\/figcaption><\/figure>\n\n\n\n<p class=\"wp-block-paragraph\">Para Brawn, Bottas foi o principal respons\u00e1vel: &#8220;Tenho certeza de que os dois pilotos v\u00e3o analisar o incidente e aprender a partir dele, mas me pareceu que Valtteri jogou o carro para o lado e deixou George sem espa\u00e7o para passar&#8221;, escreveu.<\/p>\n\n\n\n<p class=\"wp-block-paragraph\">&#8220;N\u00e3o h\u00e1 d\u00favida de que a discuss\u00e3o seguir\u00e1 quente, mas o lado positivo \u00e9 que ambos sa\u00edram ilesos e os carros aguentaram o impacto, mostrando como evolu\u00edmos no quesito seguran\u00e7a&#8221;, completou.<\/p>\n\n\n\n<p class=\"wp-block-paragraph\">Bottas e, agora, o pr\u00f3prio Russell parecem discordar de Brawn: do lado do finland\u00eas, este afirmou que <strong><a href=\"https:\/\/www.grandepremio.com\/br\/f1\/noticias\/bottas-joga-culpa-de-acidente-em-russell-e-rebate-quando-eu-corro-tenho-respeito\/\">&#8220;quando corre, tem respeito&#8221;<\/a><\/strong>, e que a culpa \u00e9 toda do piloto da Mercedes; j\u00e1 o brit\u00e2nico, que come\u00e7ou atacando o rival, mudou o discurso, e j\u00e1 disse que <strong><a href=\"https:\/\/www.grandepremio.com\/br\/f1\/noticias\/george-russell-valtteri-bottas-provavelmente-nao-e-culpado-por-acidente-em-imola\/\">&#8220;provavelmente ele n\u00e3o \u00e9 o culpado&#8221;<\/a><\/strong>.<\/p>\n\n\n\n<figure class=\"wp-block-embed is-type-video is-provider-youtube wp-block-embed-youtube wp-embed-aspect-16-9 wp-has-aspect-ratio\"><div class=\"wp-block-embed__wrapper\">\n<iframe loading=\"lazy\" title=\"F1 2021: DUELO HAMILTON X VERSTAPPEN SER\u00c1 DEFINIDO PELO M\u00cdNIMO ERRO | GP \u00c0S 10\" width=\"500\" height=\"281\" src=\"https:\/\/www.youtube.com\/embed\/5AmwN-3-lls?feature=oembed\" frameborder=\"0\" allow=\"accelerometer; autoplay; clipboard-write; encrypted-media; gyroscope; picture-in-picture; web-share\" referrerpolicy=\"strict-origin-when-cross-origin\" allowfullscreen><\/iframe>\n<\/div><\/figure>\n\n\n\n<p class=\"wp-block-paragraph\"><\/p>\n","protected":false},"excerpt":{"rendered":"<p>O acidente entre George Russell e Valtteri Bottas no GP da Em\u00edlia-Romanha fez at\u00e9 o chefe da F\u00f3rmula 1, Ross Brawn, se apressar para comentar. E ele apontou um culpado<\/p>\n","protected":false},"author":0,"featured_media":1000465212,"comment_status":"closed","ping_status":"closed","sticky":false,"template":"","format":"standard","meta":{"42wp_featured_image_caption":"","42wp_featured_image_credits":"","42wp_featured_video":"","42wp_featured_image_hidden":false,"42wp_authors_list":[],"footnotes":""},"categories":[2],"tags":[487,2311,147,156,24837,24846,800,25606,5386,82,145,215],"42wp_author":[47129],"class_list":["post-121951","post","type-post","status-publish","format-standard","has-post-thumbnail","hentry","category-f1","tag-acidente","tag-bandeira-vermelha","tag-f1","tag-f1-2021","tag-formula-1-2","tag-formula-um-2","tag-george-russell","tag-gp-da-emilia-romanha","tag-imola","tag-mercedes","tag-ross-brawn","tag-williams","42wp_author-felipe-noronha"],"_links":{"self":[{"href":"https:\/\/grandepremio.com\/br\/wp-json\/wp\/v2\/posts\/121951","targetHints":{"allow":["GET"]}}],"collection":[{"href":"https:\/\/grandepremio.com\/br\/wp-json\/wp\/v2\/posts"}],"about":[{"href":"https:\/\/grandepremio.com\/br\/wp-json\/wp\/v2\/types\/post"}],"replies":[{"embeddable":true,"href":"https:\/\/grandepremio.com\/br\/wp-json\/wp\/v2\/comments?post=121951"}],"version-history":[{"count":0,"href":"https:\/\/grandepremio.com\/br\/wp-json\/wp\/v2\/posts\/121951\/revisions"}],"wp:featuredmedia":[{"embeddable":true,"href":"https:\/\/grandepremio.com\/br\/wp-json\/wp\/v2\/media\/1000465212"}],"wp:attachment":[{"href":"https:\/\/grandepremio.com\/br\/wp-json\/wp\/v2\/media?parent=121951"}],"wp:term":[{"taxonomy":"category","embeddable":true,"href":"https:\/\/grandepremio.com\/br\/wp-json\/wp\/v2\/categories?post=121951"},{"taxonomy":"post_tag","embeddable":true,"href":"https:\/\/grandepremio.com\/br\/wp-json\/wp\/v2\/tags?post=121951"},{"taxonomy":"42wp_author","embeddable":true,"href":"https:\/\/grandepremio.com\/br\/wp-json\/wp\/v2\/42wp_author?post=121951"}],"curies":[{"name":"wp","href":"https:\/\/api.w.org\/{rel}","templated":true}]}}