{"id":121956,"date":"2021-04-19T10:13:00","date_gmt":"2021-04-19T13:13:00","guid":{"rendered":"https:\/\/grandepremio.com\/br\/noticias\/bottas-joga-culpa-de-acidente-em-russell-e-rebate-quando-eu-corro-tenho-respeito\/"},"modified":"2021-04-19T10:13:26","modified_gmt":"2021-04-19T13:13:26","slug":"bottas-joga-culpa-de-acidente-em-russell-e-rebate-quando-eu-corro-tenho-respeito","status":"publish","type":"post","link":"https:\/\/grandepremio.com\/br\/f1\/bottas-joga-culpa-de-acidente-em-russell-e-rebate-quando-eu-corro-tenho-respeito\/","title":{"rendered":"Bottas joga culpa de acidente em Russell e rebate: &#8220;Quando eu corro, tenho respeito&#8221;"},"content":{"rendered":"\n<figure class=\"wp-block-video\"><video class=\"video-js vjs-big-play-centered\" data-gp-vjs=\"1\" controls src=\"https:\/\/www.grandepremio.com\/br\/wp-content\/uploads\/2021\/04\/2021-04-18_F1_GPImola_Russell_Bottas.mp4\"><\/video><figcaption>A pancada entre Russell e Bottas ap\u00f3s o piloto da Williams tocar a grama<\/figcaption><\/figure>\n\n\n\n<p class=\"wp-block-paragraph\"><a href=\"https:\/\/www.grandepremio.com\/br\/f1\/noticias\/max-verstappen-vence-no-caos-de-imola-lewis-hamilton-reage-apos-erro-e-e-2o\/\"><strong>Ap\u00f3s o ca\u00f3tico GP da Em\u00edlia-Romanha, realizado no \u00faltimo domingo (18<\/strong>)<\/a>, Valtteri Bottas, piloto da Mercedes, se pronunciou a respeito do acidente com George Russell, da Williams &#8211; aquele que causou bandeira vermelha na corrida na volta 31. Ele se eximiu de qualquer culpa no entrevero, afirmando que deixou espa\u00e7o para o brit\u00e2nico e que seguiu o regulamento em sua manobra de defesa.  <\/p>\n\n\n\n<p class=\"wp-block-paragraph\">A colis\u00e3o entre os dois aconteceu na curva Tamburello, quando Russell tentou passar Bottas por fora, e este se defendeu. Com isso, o brit\u00e2nico tocou a grama \u00famida, acertando o finland\u00eas. Com a a\u00e7\u00e3o, ambos os carros escaparam da pista, acertando o muro, abandonando a prova e gerando uma bandeira vermelha na corrida.<\/p>\n\n\n\n<p class=\"wp-block-paragraph\"><strong>Conhe\u00e7a o canal do Grande Pr\u00eamio no YouTube! Clique&nbsp;<a target=\"_blank\" href=\"https:\/\/youtube.com\/GrandePremioTV\" rel=\"noreferrer noopener\">aqui<\/a>.<\/strong><br><strong>Siga o Grande Pr\u00eamio no&nbsp;<a target=\"_blank\" href=\"https:\/\/twitter.com\/grandepremio\" rel=\"noreferrer noopener\">Twitter&nbsp;<\/a>e no&nbsp;<a target=\"_blank\" href=\"https:\/\/instagram.com\/grandepremio\" rel=\"noreferrer noopener\">Instagram<\/a>!<\/strong><\/p>\n\n\n\n<figure class=\"wp-block-image size-large\"><img decoding=\"async\" src=\"https:\/\/www.grandepremio.com\/br\/wp-content\/uploads\/2021\/04\/BottasRussell-1024x524.jpg\" alt=\"F1; F\u00d3RMULA 1; GP DA EM\u00cdLIA-ROMANHA; VALTTERI BOTTAS; GEORGE RUSSELL;\" class=\"wp-image-465212\"\/><figcaption>George Russell foi tirar satisfa\u00e7\u00e3o com Valtteri Bottas ap\u00f3s forte acidente em \u00cdmola (Foto: Reprodu\u00e7\u00e3o)<\/figcaption><\/figure>\n\n\n\n<p class=\"wp-block-paragraph\">Ap\u00f3s o acidente, Bottas ouviu diversas reclama\u00e7\u00f5es de Russell ainda na pista, levando, inclusive, um tapinha nada amistoso em seu capacete. J\u00e1 no paddock, minutos ap\u00f3s a colis\u00e3o, Russell, via Twitter, <a href=\"https:\/\/www.grandepremio.com\/br\/f1\/noticias\/valtteri-bottas-diz-george-russell-perdeu-controle-causou-acidente-imola-erro-claro-dele\/\"><strong>disparou contra o rival<\/strong><\/a>, afirmando que &#8220;a 300 km\/h, voc\u00ea tem que respeitar a velocidade e as condi\u00e7\u00f5es&#8221;, fato este que foi rebatido pelo finland\u00eas.<\/p>\n\n\n\n<p class=\"wp-block-paragraph\">&#8220;Eu n\u00e3o vejo desta forma. Eu n\u00e3o fiz nenhum movimento repentino. Creio que ficou bem claro a partir das imagens da c\u00e2mera onboard dele,  eu sempre deixei espa\u00e7o. Da minha parte, foi limpo. \u00c9 claro que estava me defendendo, n\u00e3o vou abrir nenhum espa\u00e7o para ele. Mas, quando eu corro, tenho respeito. Isso vejo diferente do que ele v\u00ea&#8221;, seguiu<\/p>\n\n\n\n<p class=\"wp-block-paragraph\">&#8220;Claramente eu estava defendendo minha posi\u00e7\u00e3o. Acho que ele tinha parado duas voltas atr\u00e1s, ent\u00e3o, j\u00e1 estava com os pneus aquecidos no momento, e eu estava lutando para aquec\u00ea-los. &#8220;Eu sei que naquele ponto \u00e9 complicado ultrapassar, ent\u00e3o me garanti de n\u00e3o deix\u00e1-lo com espa\u00e7o, mas assegurar tamb\u00e9m que eu tinha a margem de um carro de dist\u00e2ncia para ele, como manda o regulamento. Ele tentou, n\u00e3o conseguiu e me acertou, a\u00ed foi fim de prova&#8221;, concluiu o piloto da Mercedes.<\/p>\n\n\n\n<p class=\"wp-block-paragraph\">Ao menos entre os f\u00e3s de F1, \u00e9 poss\u00edvel dizer que existe uma certa &#8220;rivalidade te\u00f3rica&#8221; entre os dois, visto que Bottas tem contrato com a Mercedes at\u00e9 o fim deste ano, e Russell \u00e9 o principal nome para assumir a vaga do finland\u00eas em 2022. A respeito do mais jovem, o chefe da Mercedes e empres\u00e1rio do piloto, Toto Wolff, chegou a criticar e afirmou que tal atua\u00e7\u00e3o o coloca <a href=\"https:\/\/www.grandepremio.com\/br\/f1\/noticias\/chefe-critica-george-russell-erro-perto-renault-cup-que-mercedes\/\"><strong>&#8220;mais perto perto da Copa Renault Clio do que Mercedes\u201d.<\/strong><\/a><\/p>\n\n\n\n<p class=\"wp-block-paragraph\">A pr\u00f3xima etapa da\u00a0<a href=\"https:\/\/www.grandepremio.com\/br\/f1\/\" target=\"_blank\" rel=\"noreferrer noopener\">F1\u00a0<\/a>\u00e9 dentro de duas semanas, em 2 de maio. A categoria vai para\u00a0<a href=\"https:\/\/www.grandepremio.com\/br\/etapa\/f1\/gp-de-portugal-formula-1-2020\/\" target=\"_blank\" rel=\"noreferrer noopener\">Portim\u00e3o<\/a>, casa do GP de Portugal.<\/p>\n\n\n\n<figure class=\"wp-block-embed is-type-video is-provider-youtube wp-block-embed-youtube wp-embed-aspect-16-9 wp-has-aspect-ratio\"><div class=\"wp-block-embed__wrapper\">\n<iframe loading=\"lazy\" title=\"F1 2021: DUELO HAMILTON X VERSTAPPEN SER\u00c1 DEFINIDO PELO M\u00cdNIMO ERRO | GP \u00c0S 10\" width=\"500\" height=\"281\" src=\"https:\/\/www.youtube.com\/embed\/5AmwN-3-lls?feature=oembed\" frameborder=\"0\" allow=\"accelerometer; autoplay; clipboard-write; encrypted-media; gyroscope; picture-in-picture; web-share\" referrerpolicy=\"strict-origin-when-cross-origin\" allowfullscreen><\/iframe>\n<\/div><\/figure>\n","protected":false},"excerpt":{"rendered":"<p>Valtteri Bottas, da Mercedes, rebateu as declara\u00e7\u00f5es de George Russell, Williams, se eximindo da culpa no acidente entre os dois, na volta 31 do GP da Em\u00edlia-Romanha, realizado no \u00faltimo domingo (18)<\/p>\n","protected":false},"author":0,"featured_media":1000465062,"comment_status":"closed","ping_status":"closed","sticky":false,"template":"","format":"standard","meta":{"42wp_featured_image_caption":"","42wp_featured_image_credits":"","42wp_featured_video":"","42wp_featured_image_hidden":false,"42wp_authors_list":[],"footnotes":""},"categories":[2],"tags":[180,1285,26841,800,82,150,26931,612,215],"42wp_author":[47129,47138],"class_list":["post-121956","post","type-post","status-publish","format-standard","has-post-thumbnail","hentry","category-f1","tag-formula-1","tag-formula-1-2021","tag-formula-1-2022","tag-george-russell","tag-mercedes","tag-toto-wolff","tag-toto-wolff-mercedes","tag-valtteri-bottas","tag-williams","42wp_author-felipe-noronha","42wp_author-lucascouto"],"_links":{"self":[{"href":"https:\/\/grandepremio.com\/br\/wp-json\/wp\/v2\/posts\/121956","targetHints":{"allow":["GET"]}}],"collection":[{"href":"https:\/\/grandepremio.com\/br\/wp-json\/wp\/v2\/posts"}],"about":[{"href":"https:\/\/grandepremio.com\/br\/wp-json\/wp\/v2\/types\/post"}],"replies":[{"embeddable":true,"href":"https:\/\/grandepremio.com\/br\/wp-json\/wp\/v2\/comments?post=121956"}],"version-history":[{"count":0,"href":"https:\/\/grandepremio.com\/br\/wp-json\/wp\/v2\/posts\/121956\/revisions"}],"wp:featuredmedia":[{"embeddable":true,"href":"https:\/\/grandepremio.com\/br\/wp-json\/wp\/v2\/media\/1000465062"}],"wp:attachment":[{"href":"https:\/\/grandepremio.com\/br\/wp-json\/wp\/v2\/media?parent=121956"}],"wp:term":[{"taxonomy":"category","embeddable":true,"href":"https:\/\/grandepremio.com\/br\/wp-json\/wp\/v2\/categories?post=121956"},{"taxonomy":"post_tag","embeddable":true,"href":"https:\/\/grandepremio.com\/br\/wp-json\/wp\/v2\/tags?post=121956"},{"taxonomy":"42wp_author","embeddable":true,"href":"https:\/\/grandepremio.com\/br\/wp-json\/wp\/v2\/42wp_author?post=121956"}],"curies":[{"name":"wp","href":"https:\/\/api.w.org\/{rel}","templated":true}]}}