{"id":121968,"date":"2021-04-19T06:11:01","date_gmt":"2021-04-19T09:11:01","guid":{"rendered":"https:\/\/grandepremio.com\/br\/noticias\/max-verstappen-revela-chave-para-vitoria-em-imola\/"},"modified":"2021-04-19T06:11:08","modified_gmt":"2021-04-19T09:11:08","slug":"max-verstappen-revela-chave-para-vitoria-em-imola","status":"publish","type":"post","link":"https:\/\/grandepremio.com\/br\/f1\/max-verstappen-revela-chave-para-vitoria-em-imola\/","title":{"rendered":"Verstappen revela chave para vit\u00f3ria em \u00cdmola: \u201cA boa largada foi surpresa para mim\u201d"},"content":{"rendered":"\n<figure class=\"wp-block-video\"><video class=\"video-js vjs-big-play-centered\" data-gp-vjs=\"1\" controls src=\"https:\/\/www.grandepremio.com\/br\/wp-content\/uploads\/l-videos\/2021-04-18_F1_GPImola_domingo_editado.mp4\"><\/video><figcaption>Assista aos melhores momentos do GP da Em\u00edlia-Romanha de F1 (V\u00eddeo: GRANDE PR\u00caMIO com Reuters)<\/figcaption><\/figure>\n\n\n\n<p class=\"wp-block-paragraph\">Depois de ter ficado muito perto do topo do p\u00f3dio do GP do Bahrein e ver a chance lhe escapar depois da ultrapassagem fora dos limites de pista na curva 4 de Sakhir, <a href=\"https:\/\/www.grandepremio.com\/br\/f1\/noticias\/max-verstappen-vence-no-caos-de-imola-lewis-hamilton-reage-apos-erro-e-e-2o\/\">Max Verstappen enfim comemorou sua primeira vit\u00f3ria na temporada 2021 da F\u00f3rmula 1<\/a>. O triunfo no GP da Em\u00edlia-Romanha do \u00faltimo domingo (18) veio cercado de muitos pontos importantes: um deles foi logo na largada, quando o holand\u00eas, terceiro no grid, passou Sergio P\u00e9rez e superou Lewis Hamilton depois de emparelhar com o heptacampe\u00e3o na chicane da curva Tamburello. Mas este n\u00e3o foi o \u00fanico momento decisivo da sua jornada em \u00cdmola.<\/p>\n\n\n\n<p class=\"wp-block-paragraph\">Uma das grandes encruzilhadas da corrida era saber o momento certo de fazer o pit-stop e trocar os pneus intermedi\u00e1rios para os compostos de pista seca. Para Verstappen, os riscos eram muitos ao colocar os pneus slicks com o asfalto \u00famido e trai\u00e7oeiro, s\u00f3 que os pneus que usou no primeiro stint estavam desgastados demais. Max entende que ter tomado a decis\u00e3o certa no momento correto foi decisivo para o resultado final na It\u00e1lia.<\/p>\n\n\n\n<figure class=\"wp-block-image size-large\"><img decoding=\"async\" src=\"https:\/\/www.grandepremio.com\/br\/wp-content\/uploads\/2021\/04\/VerstappenHamiltonImola.jpg-1024x652.jpg\" alt=\"LEWIS HAMILTON; MAX VERSTAPPEN; GP DA EM\u00cdLIA-ROMANHA; \u00cdMOLA;\" class=\"wp-image-465035\"\/><figcaption>Um dos momentos decisivos do domingo: Verstappen supera Hamilton pouco depois da largada em \u00cdmola (Foto: Getty Images\/Red Bull Content Pool)<\/figcaption><\/figure>\n\n\n\n<p class=\"wp-block-paragraph\"><strong>Conhe\u00e7a o canal do Grande Pr\u00eamio no YouTube! Clique\u00a0<a target=\"_blank\" href=\"https:\/\/youtube.com\/GrandePremioTV\" rel=\"noreferrer noopener\">aqui<\/a>.<\/strong><br><strong>Siga o Grande Pr\u00eamio no\u00a0<a target=\"_blank\" href=\"https:\/\/twitter.com\/grandepremio\" rel=\"noreferrer noopener\">Twitter\u00a0<\/a>e no\u00a0<a target=\"_blank\" href=\"https:\/\/instagram.com\/grandepremio\" rel=\"noreferrer noopener\">Instagram<\/a>!<\/strong><br><strong><a href=\"https:\/\/www.grandepremio.com\/br\/web-stories\/f1\/como-foi-o-gp-da-emilia-romagna-formula-1-2021\/\">WEB STORIES: Como foi o GP da Em\u00edlia-Romanha de\u00a0<\/a><a href=\"https:\/\/www.grandepremio.com\/br\/f1\/\" target=\"_blank\" rel=\"noreferrer noopener\">F\u00f3rmula 1<\/a><\/strong><\/p>\n\n\n\n<p class=\"wp-block-paragraph\">\u201cUma corrida como essa nunca \u00e9 f\u00e1cil. \u00c9 muito estressante tomar as decis\u00f5es corretas. O segredo, creio, foi ter feito aquela boa largada, o que tamb\u00e9m foi uma surpresa para mim\u201d, declarou o piloto da Red Bull em entrevista coletiva promovida pela FIA (Federa\u00e7\u00e3o Internacional de Automobilismo) pouco depois da corrida.<\/p>\n\n\n\n<p class=\"wp-block-paragraph\">\u201cDepois do ano passado, quando sempre sofremos no molhado, fizemos algumas melhorias sobre isso no inverno e no come\u00e7o do ano, e hoje foi muito bom. Mas ent\u00e3o, depois disso, fazer a escolha certa ao trocar os pneus intermedi\u00e1rios para os slicks n\u00e3o foi f\u00e1cil, j\u00e1 que eu vi alguns caras \u00e0 minha frente com os slicks, mas eles estavam sofrendo muito\u201d, lembrou.<\/p>\n\n\n\n<p class=\"wp-block-paragraph\">\u201cMas mesmo nos intermedi\u00e1rios, eles estavam destru\u00eddos, ent\u00e3o seguir em frente foi dif\u00edcil, escorregava muito&#8230; Ent\u00e3o, se voc\u00ea desviasse alguns cent\u00edmetros do trilho [seco], voc\u00ea poderia perder o carro, ent\u00e3o n\u00e3o \u00e9 f\u00e1cil. Mas t\u00e3o logo colocamos os slicks, deu tudo certo\u201d, destacou.<\/p>\n\n\n\n<figure class=\"wp-block-image size-large\"><img decoding=\"async\" src=\"https:\/\/www.grandepremio.com\/br\/wp-content\/uploads\/2021\/04\/VerstappenImola-1024x564.jpg\" alt=\"MAX VERSTAPPEN; RED BULL; \u00cdMOLA; GP DA EM\u00cdLIA-ROMANHA;\" class=\"wp-image-465103\"\/><figcaption>Max Verstappen respirou fundo depois da escorregada antes da relargada (Foto: Reprodu\u00e7\u00e3o)<\/figcaption><\/figure>\n\n\n\n<p class=\"wp-block-paragraph\">A corrida de Verstappen em \u00cdmola n\u00e3o foi completamente limpa. A atua\u00e7\u00e3o, quase irretoc\u00e1vel, foi marcada tamb\u00e9m por um grande susto antes da relargada ap\u00f3s a fort\u00edssima batida entre George Russell e Valtteri Bottas. O holand\u00eas escorregou no asfalto \u00famido quando percorria a curva Rivazza, que d\u00e1 acesso \u00e0 grande reta dos boxes. Pelo erro ter acontecido ainda em bandeira amarela, Max manteve a posi\u00e7\u00e3o e partiu para uma grande vit\u00f3ria no domingo.<\/p>\n\n\n\n<p class=\"wp-block-paragraph\">\u201cTivemos a bandeira vermelha com aquele monte de destro\u00e7os na curva 2, ent\u00e3o basicamente a vantagem se foi. E tive aquele meu momento na relargada. Foi um grande problema, mas correu tudo bem depois disso\u201d, concluiu o vencedor do dia.<\/p>\n\n\n\n<p class=\"wp-block-paragraph\"><strong>LEIA MAIS<\/strong><br><strong><a href=\"https:\/\/www.grandepremio.com\/br\/f1\/noticias\/chefe-critica-george-russell-erro-perto-renault-cup-que-mercedes\/\">+ Chefe critica Russell ap\u00f3s erro em \u00cdmola: \u201cMais perto da Copa Renault Clio do que Mercedes\u201d<\/a><\/strong><br><strong><a href=\"https:\/\/www.grandepremio.com\/br\/f1\/noticias\/valtteri-bottas-diz-george-russell-perdeu-controle-causou-acidente-imola-erro-claro-dele\/\">+ Bottas diz que Russell \u201cperdeu controle\u201d e causou acidente em \u00cdmola: \u201cErro claro dele\u201d<\/a><\/strong><\/p>\n\n\n\n<figure class=\"wp-block-embed is-type-video is-provider-youtube wp-block-embed-youtube wp-embed-aspect-16-9 wp-has-aspect-ratio\"><div class=\"wp-block-embed__wrapper\">\n<iframe loading=\"lazy\" title=\"F1 2021: VERSTAPPEN SUPERA HAMILTON NA LARGADA. E HAMILTON SE SUPERA PARA SER 2\u00ba EM \u00cdMOLA | Briefing\" width=\"500\" height=\"281\" src=\"https:\/\/www.youtube.com\/embed\/eFwaC4V0VnE?feature=oembed\" frameborder=\"0\" allow=\"accelerometer; autoplay; clipboard-write; encrypted-media; gyroscope; picture-in-picture; web-share\" referrerpolicy=\"strict-origin-when-cross-origin\" allowfullscreen><\/iframe>\n<\/div><\/figure>\n","protected":false},"excerpt":{"rendered":"<p>Um dos momentos decisivos que culminaram com a vit\u00f3ria de Max Verstappen no GP da Em\u00edlia-Romanha foi ter superado Lewis Hamilton e Sergio P\u00e9rez na largada. Mas, ao longo da corrida, o holand\u00eas enfrentou outro desafio para conseguir celebrar seu primeiro triunfo na temporada 2021 da F\u00f3rmula 1<\/p>\n","protected":false},"author":0,"featured_media":1000465018,"comment_status":"closed","ping_status":"closed","sticky":false,"template":"","format":"standard","meta":{"42wp_featured_image_caption":"","42wp_featured_image_credits":"","42wp_featured_video":"","42wp_featured_image_hidden":false,"42wp_authors_list":[],"footnotes":""},"categories":[2],"tags":[147,156,24837,25536,25606,24836,25027,610,203,204,24833],"42wp_author":[47110],"class_list":["post-121968","post","type-post","status-publish","format-standard","has-post-thumbnail","hentry","category-f1","tag-f1","tag-f1-2021","tag-formula-1-2","tag-formula-1-2021-2","tag-gp-da-emilia-romanha","tag-grande-premio-2","tag-imola-2","tag-largada","tag-max-verstappen","tag-red-bull","tag-vitoria-2","42wp_author-fernando-silva"],"_links":{"self":[{"href":"https:\/\/grandepremio.com\/br\/wp-json\/wp\/v2\/posts\/121968","targetHints":{"allow":["GET"]}}],"collection":[{"href":"https:\/\/grandepremio.com\/br\/wp-json\/wp\/v2\/posts"}],"about":[{"href":"https:\/\/grandepremio.com\/br\/wp-json\/wp\/v2\/types\/post"}],"replies":[{"embeddable":true,"href":"https:\/\/grandepremio.com\/br\/wp-json\/wp\/v2\/comments?post=121968"}],"version-history":[{"count":0,"href":"https:\/\/grandepremio.com\/br\/wp-json\/wp\/v2\/posts\/121968\/revisions"}],"wp:featuredmedia":[{"embeddable":true,"href":"https:\/\/grandepremio.com\/br\/wp-json\/wp\/v2\/media\/1000465018"}],"wp:attachment":[{"href":"https:\/\/grandepremio.com\/br\/wp-json\/wp\/v2\/media?parent=121968"}],"wp:term":[{"taxonomy":"category","embeddable":true,"href":"https:\/\/grandepremio.com\/br\/wp-json\/wp\/v2\/categories?post=121968"},{"taxonomy":"post_tag","embeddable":true,"href":"https:\/\/grandepremio.com\/br\/wp-json\/wp\/v2\/tags?post=121968"},{"taxonomy":"42wp_author","embeddable":true,"href":"https:\/\/grandepremio.com\/br\/wp-json\/wp\/v2\/42wp_author?post=121968"}],"curies":[{"name":"wp","href":"https:\/\/api.w.org\/{rel}","templated":true}]}}