{"id":122029,"date":"2021-04-17T19:00:00","date_gmt":"2021-04-17T22:00:00","guid":{"rendered":"https:\/\/grandepremio.com\/br\/noticias\/briefing-tem-edicoes-ao-vivo-e-analisa-pre-e-pos-gp-da-emilia-romanha-de-formula-1\/"},"modified":"2021-04-17T20:35:29","modified_gmt":"2021-04-17T23:35:29","slug":"briefing-tem-edicoes-ao-vivo-e-analisa-pre-e-pos-gp-da-emilia-romanha-de-formula-1","status":"publish","type":"post","link":"https:\/\/grandepremio.com\/br\/f1\/briefing-tem-edicoes-ao-vivo-e-analisa-pre-e-pos-gp-da-emilia-romanha-de-formula-1\/","title":{"rendered":"Briefing tem edi\u00e7\u00f5es ao vivo e analisa pr\u00e9 e p\u00f3s-GP da Em\u00edlia-Romanha de F\u00f3rmula 1"},"content":{"rendered":"\n<figure class=\"wp-block-video\"><video class=\"video-js vjs-big-play-centered\" data-gp-vjs=\"1\" controls src=\"https:\/\/www.grandepremio.com\/br\/wp-content\/uploads\/l-videos\/2021-04-17_F1_GPImola_s\u00e1bado_editado.mp4\"><\/video><figcaption>Assista aos melhores momentos da classifica\u00e7\u00e3o do GP da Em\u00edlia-Romanha (Cr\u00e9dito: GRANDE PR\u00caMIO com Reuters)<\/figcaption><\/figure>\n\n\n\n<p class=\"wp-block-paragraph\">A F\u00f3rmula 1 disputa neste domingo (18) a segunda etapa da temporada 2021. O GP da Em\u00edlia-Romanha tem ampla cobertura do <strong>GRANDE PR\u00caMIO,<\/strong> que analisa tudo em duas edi\u00e7\u00f5es do Briefing. O primeiro programa acontece uma hora antes da corrida e traz todas as informa\u00e7\u00f5es do grid, <a href=\"https:\/\/www.grandepremio.com\/br\/f1\/noticias\/lewis-hamilton-brilha-imola-pole-99-na-f1-sergio-perez-bate-max-verstappen-larga-2\/\">que tem na pole-position Lewis Hamilton.<\/a><\/p>\n\n\n\n<p class=\"wp-block-paragraph\">O ingl\u00eas sai na posi\u00e7\u00e3o de honra, depois de superar a dupla da Red Bull. Sergio P\u00e9rez vai alinhar em segundo, logo \u00e0 frente de Max Verstappen. Charles Leclerc e Pierre Gasly completam os cinco primeiros.<\/p>\n\n\n\n<p class=\"wp-block-paragraph\">A largada da prova em \u00cdmola est\u00e1 marcada para as 10h (de Bras\u00edlia). Por isso, a partir das 9h, Victor Martins, Fernando Silva e Pedro Henrique Marum j\u00e1 fazem a pr\u00e9via da etapa italiana. Logo depois, o <strong>GRANDE PR\u00caMIO<\/strong> segue ao vivo acompanhando o GP, com coment\u00e1rios de Renato Ribeiro, Felipe Noronha e Andy Bizzocchi.<\/p>\n\n\n\n<p class=\"wp-block-paragraph\"><strong>A PRIMEIRA EDI\u00c7\u00c3O DO BRIEFING NESTE DOMINGO:<\/strong><\/p>\n\n\n\n<figure class=\"wp-block-embed is-type-video is-provider-youtube wp-block-embed-youtube wp-embed-aspect-16-9 wp-has-aspect-ratio\"><div class=\"wp-block-embed__wrapper\">\n<iframe loading=\"lazy\" title=\"AO VIVO! F1 EM \u00cdMOLA PROMETE BRIGA ENTRE HAMILTON x VERSTAPPEN + P\u00c9REZ | Briefing + Cabine GP\" width=\"500\" height=\"281\" src=\"https:\/\/www.youtube.com\/embed\/FglGfsp5Lc8?feature=oembed\" frameborder=\"0\" allow=\"accelerometer; autoplay; clipboard-write; encrypted-media; gyroscope; picture-in-picture; web-share\" referrerpolicy=\"strict-origin-when-cross-origin\" allowfullscreen><\/iframe>\n<\/div><\/figure>\n\n\n\n<p class=\"wp-block-paragraph\"><strong>Conhe\u00e7a o canal do Grande Pr\u00eamio no YouTube! Clique&nbsp;<a target=\"_blank\" href=\"https:\/\/youtube.com\/GrandePremioTV\" rel=\"noreferrer noopener\">aqui<\/a>.<\/strong><br><strong>Siga o Grande Pr\u00eamio no&nbsp;<a target=\"_blank\" href=\"https:\/\/twitter.com\/grandepremio\" rel=\"noreferrer noopener\">Twitter&nbsp;<\/a>e no&nbsp;<a target=\"_blank\" href=\"https:\/\/instagram.com\/grandepremio\" rel=\"noreferrer noopener\">Instagram<\/a>!<\/strong><br><strong>WEB-STORIRES:&nbsp;<a href=\"https:\/\/www.grandepremio.com\/br\/web-stories\/f1\/grid-de-largada-gp-emilia-romagna-formula-1-2021\/\">o grid de largada do GP da Em\u00edlia-Romanha<\/a>!<\/strong><\/p>\n\n\n\n<p class=\"wp-block-paragraph\">Assim que a bandeirada for dada, o GP volta para o segundo Briefing, que analise tudo que acontecer na segunda corrida do campeonato. Victor Martins e Evelyn Guimar\u00e3es debatem a prova da Em\u00edlia-Romanha de F1.<\/p>\n\n\n\n<p class=\"wp-block-paragraph\">A largada para a segunda etapa de 2021 acontece \u00e0s 10h (de Bras\u00edlia). O <strong>GRANDE PR\u00caMIO<\/strong> acompanha <strong>AO VIVO<\/strong> e em <strong>TEMPO REAL<\/strong> todo o fim de semana do GP da Em\u00edlia-Romanha de F\u00f3rmula 1.<\/p>\n\n\n\n<p class=\"wp-block-paragraph\"><strong>A SEGUNDA EDI\u00c7\u00c3O DO BRIEFING NESTE DOMINGO:<\/strong><\/p>\n\n\n\n<figure class=\"wp-block-embed is-type-video is-provider-youtube wp-block-embed-youtube wp-embed-aspect-16-9 wp-has-aspect-ratio\"><div class=\"wp-block-embed__wrapper\">\n<iframe loading=\"lazy\" title=\"F1 2021: VERSTAPPEN SUPERA HAMILTON NA LARGADA. E HAMILTON SE SUPERA PARA SER 2\u00ba EM \u00cdMOLA | Briefing\" width=\"500\" height=\"281\" src=\"https:\/\/www.youtube.com\/embed\/eFwaC4V0VnE?feature=oembed\" frameborder=\"0\" allow=\"accelerometer; autoplay; clipboard-write; encrypted-media; gyroscope; picture-in-picture; web-share\" referrerpolicy=\"strict-origin-when-cross-origin\" allowfullscreen><\/iframe>\n<\/div><\/figure>\n","protected":false},"excerpt":{"rendered":"<p>O Briefing chega neste domingo (18) de F\u00f3rmula 1 para analisar tudo sobre o GP da Em\u00edlia-Romanha, a segunda etapa do campeonato. A primeira edi\u00e7\u00e3o acontece antes da corrida e a segunda logo depois da bandeirada<\/p>\n","protected":false},"author":0,"featured_media":1000464615,"comment_status":"closed","ping_status":"closed","sticky":false,"template":"","format":"standard","meta":{"42wp_featured_image_caption":"","42wp_featured_image_credits":"","42wp_featured_video":"","42wp_featured_image_hidden":false,"42wp_authors_list":[],"footnotes":""},"categories":[2],"tags":[1566,3350,147,156,25606,5386],"42wp_author":[47115],"class_list":["post-122029","post","type-post","status-publish","format-standard","has-post-thumbnail","hentry","category-f1","tag-ao-vivo","tag-briefing","tag-f1","tag-f1-2021","tag-gp-da-emilia-romanha","tag-imola","42wp_author-evelyn-guimaraes"],"_links":{"self":[{"href":"https:\/\/grandepremio.com\/br\/wp-json\/wp\/v2\/posts\/122029","targetHints":{"allow":["GET"]}}],"collection":[{"href":"https:\/\/grandepremio.com\/br\/wp-json\/wp\/v2\/posts"}],"about":[{"href":"https:\/\/grandepremio.com\/br\/wp-json\/wp\/v2\/types\/post"}],"replies":[{"embeddable":true,"href":"https:\/\/grandepremio.com\/br\/wp-json\/wp\/v2\/comments?post=122029"}],"version-history":[{"count":0,"href":"https:\/\/grandepremio.com\/br\/wp-json\/wp\/v2\/posts\/122029\/revisions"}],"wp:featuredmedia":[{"embeddable":true,"href":"https:\/\/grandepremio.com\/br\/wp-json\/wp\/v2\/media\/1000464615"}],"wp:attachment":[{"href":"https:\/\/grandepremio.com\/br\/wp-json\/wp\/v2\/media?parent=122029"}],"wp:term":[{"taxonomy":"category","embeddable":true,"href":"https:\/\/grandepremio.com\/br\/wp-json\/wp\/v2\/categories?post=122029"},{"taxonomy":"post_tag","embeddable":true,"href":"https:\/\/grandepremio.com\/br\/wp-json\/wp\/v2\/tags?post=122029"},{"taxonomy":"42wp_author","embeddable":true,"href":"https:\/\/grandepremio.com\/br\/wp-json\/wp\/v2\/42wp_author?post=122029"}],"curies":[{"name":"wp","href":"https:\/\/api.w.org\/{rel}","templated":true}]}}