{"id":122041,"date":"2021-04-17T15:14:09","date_gmt":"2021-04-17T18:14:09","guid":{"rendered":"https:\/\/grandepremio.com\/br\/noticias\/francesco-bagnaia-questiona-punicao-apos-perder-pole-portimao\/"},"modified":"2021-04-17T15:14:15","modified_gmt":"2021-04-17T18:14:15","slug":"francesco-bagnaia-questiona-punicao-apos-perder-pole-portimao","status":"publish","type":"post","link":"https:\/\/grandepremio.com\/br\/motogp\/francesco-bagnaia-questiona-punicao-apos-perder-pole-portimao\/","title":{"rendered":"Bagnaia questiona puni\u00e7\u00e3o ap\u00f3s perder pole: &#8220;Bandeiras precisam estar vis\u00edveis&#8221;"},"content":{"rendered":"\n<figure class=\"wp-block-video\"><video class=\"video-js vjs-big-play-centered\" data-gp-vjs=\"1\" controls src=\"https:\/\/www.grandepremio.com\/br\/wp-content\/uploads\/2021\/04\/MotoGP-Portimao-TL2-Martin-acidente.mp4\"><\/video><figcaption>Jorge Mart\u00edn caiu no fim do terceiro treino livre para o GP de Portugal (V\u00eddeo: MotoGP)<\/figcaption><\/figure>\n\n\n\n<p class=\"wp-block-paragraph\">Uma pol\u00eamica <a href=\"https:\/\/www.grandepremio.com\/br\/motogp\/noticias\/francesco-bagnaia-volta-cancelada-fabio-quartararo-pole-portugal-marc-marquez-sexto\/\">movimentou a classifica\u00e7\u00e3o<\/a> para o GP de Portugal, terceira da MotoGP na temporada 2021. Nos segundos finais da sess\u00e3o, Francesco Bagnaia marcou a melhor volta do dia, mas logo depois foi punido por desrespeitar bandeiras amarelas ap\u00f3s o acidente de Miguel Oliveira. Com isso, caiu para 11\u00ba e viu Fabio Quartararo ficar com a pole.<\/p>\n\n\n\n<p class=\"wp-block-paragraph\">Ap\u00f3s o treino, o piloto da Ducati comentou sobre o incidente e reclamou da falta de visibilidade das bandeiras amarelas no trecho do acidente de Oliveira. <a href=\"https:\/\/www.grandepremio.com\/br\/motogp\/noticias\/pol-espargaro-defende-francesco-bagnaia-apos-punicao-impossivel-enxergar-bandeira-amarela\/\">Uma cr\u00edtica semelhante<\/a> \u00e0 feita por Pol Espargar\u00f3.<\/p>\n\n\n\n<p class=\"wp-block-paragraph\">&#8220;A regra existe, tem de ser respeitada, mas as bandeiras precisam estar vis\u00edveis e n\u00e3o dava para v\u00ea-las naquele ponto. Pain\u00e9is? Sim, mas nos locais certos. Eu preciso levantar a moto, ent\u00e3o \u00e9 dif\u00edcil\u201d, disse Pecco.<\/p>\n\n\n\n<figure class=\"wp-block-image size-large\"><img decoding=\"async\" src=\"https:\/\/www.grandepremio.com\/br\/wp-content\/uploads\/2021\/04\/bagnaia-bandeira-amarela-q2-1024x576.jpg\" alt=\"\" class=\"wp-image-464695\"\/><figcaption>Francesco Bagnaia foi punido por desrespeitar bandeiras amarelas na classifica\u00e7\u00e3o do GP de Portugal (Foto: Reprodu\u00e7\u00e3o)<\/figcaption><\/figure>\n\n\n\n<p class=\"wp-block-paragraph\"><strong><strong>Conhe\u00e7a o canal do Grande Pr\u00eamio no\u00a0<a href=\"https:\/\/www.youtube.com\/GrandePremioTV\">YouTube<\/a>.<br>Siga o Grande Pr\u00eamio no\u00a0<a rel=\"noreferrer noopener\" href=\"https:\/\/twitter.com\/grandepremio\" target=\"_blank\">Twitter\u00a0<\/a>e no\u00a0<a rel=\"noreferrer noopener\" href=\"https:\/\/instagram.com\/grandepremio\" target=\"_blank\">Instagram<\/a>.<\/strong><\/strong><\/p>\n\n\n\n<p class=\"wp-block-paragraph\">\u201cAs regras existem e precisam ser cumpridas, ainda que neste caso eu n\u00e3o concorde. Sou um piloto correto, que desiste imediatamente de acelerar quando v\u00ea uma situa\u00e7\u00e3o de perigo, mas eu n\u00e3o vi, nem a bandeira, nem o piloto no ch\u00e3o, ou eu teria abrandado. O bom \u00e9 que eu me diverti muito e me sinto bem com o ritmo\u201d, ponderou.<\/p>\n\n\n\n<p class=\"wp-block-paragraph\">Apesar do atraso na posi\u00e7\u00e3o de largada, Bagnaia ainda n\u00e3o entregou os pontos em Portugal, mesmo que reconhe\u00e7a que ter\u00e1 uma miss\u00e3o dura pela frente.<\/p>\n\n\n\n<p class=\"wp-block-paragraph\">\u201cA corrida n\u00e3o est\u00e1 totalmente comprometida, mas nesta MotoGP, se n\u00e3o largar nas duas primeiras filas, \u00e9 preciso lutar muito. Eu estou mirando pelo menos o top-5, terei de recuperar de quatro a cinco posi\u00e7\u00f5es j\u00e1 na primeira volta, mas n\u00e3o mudarei a estrat\u00e9gia de pneus, ainda que tenha de for\u00e7ar 100% e n\u00e3o poderei economiz\u00e1-los. Espero que, no final, o consumo seja bom\u201d, completou o italiano.<\/p>\n\n\n\n<p class=\"wp-block-paragraph\">O GP de Portugal, em\u00a0<a href=\"https:\/\/www.grandepremio.com\/br\/etapa\/f1\/gp-de-portugal-formula-1-2020\/\" target=\"_blank\" rel=\"noreferrer noopener\">Portim\u00e3o<\/a>, \u00e9 a terceira etapa da temporada 2021 do Mundial de\u00a0<a href=\"https:\/\/www.grandepremio.com\/br\/motogp\/\" target=\"_blank\" rel=\"noreferrer noopener\">Motovelocidade<\/a>.\u00a0<a href=\"https:\/\/www.grandepremio.com\/br\/motogp\/ultimas-noticias\/\">Acompanhe a cobertura do\u00a0<strong>GRANDE PR\u00caMIO<\/strong>\u00a0sobre a\u00a0<\/a><a href=\"https:\/\/www.grandepremio.com\/br\/motogp\/\" target=\"_blank\" rel=\"noreferrer noopener\">MotoGP<\/a>.<\/p>\n\n\n\n<figure class=\"wp-block-embed is-type-video is-provider-dailymotion wp-block-embed-dailymotion\"><div class=\"wp-block-embed__wrapper\">\n<iframe loading=\"lazy\" title=\"VOLTA DE M\u00c1RQUEZ E DUELO YAMAHA X DUCATI: PR\u00c9VIA DA MOTOGP EM PORTUGAL | GP \u00e0s 10\" frameborder=\"0\" width=\"500\" height=\"281\" src=\"https:\/\/geo.dailymotion.com\/player.html?video=x80nkw2&#038;\" allowfullscreen allow=\"autoplay; fullscreen; picture-in-picture; web-share\"><\/iframe>\n<\/div><\/figure>\n","protected":false},"excerpt":{"rendered":"<p>Francesco Bagnaia entendeu, mas n\u00e3o ficou muito satisfeito por perder a pole em Portim\u00e3o ap\u00f3s desrespeitar bandeiras amarelas. O italiano questionou a visibilidade da sinaliza\u00e7\u00e3o durante a classifica\u00e7\u00e3o do GP de Portugal<\/p>\n","protected":false},"author":0,"featured_media":1000464156,"comment_status":"closed","ping_status":"closed","sticky":false,"template":"","format":"standard","meta":{"42wp_featured_image_caption":"","42wp_featured_image_credits":"","42wp_featured_video":"","42wp_featured_image_hidden":false,"42wp_authors_list":[],"footnotes":""},"categories":[8],"tags":[2327,8261,79,78,490,24850,25819,847,26690,510,25065,24968],"42wp_author":[47135],"class_list":["post-122041","post","type-post","status-publish","format-standard","has-post-thumbnail","hentry","category-motogp","tag-francesco-bagnaia","tag-gp-de-portugal","tag-moto-gp","tag-motogp","tag-motogp-2021","tag-motogp-fox-sports","tag-motogp-hoje","tag-mundial-de-motovelocidade","tag-pilotos-motogp","tag-pole","tag-portimao-2","tag-punicao-2","42wp_author-pedro-luis-cuenca"],"_links":{"self":[{"href":"https:\/\/grandepremio.com\/br\/wp-json\/wp\/v2\/posts\/122041","targetHints":{"allow":["GET"]}}],"collection":[{"href":"https:\/\/grandepremio.com\/br\/wp-json\/wp\/v2\/posts"}],"about":[{"href":"https:\/\/grandepremio.com\/br\/wp-json\/wp\/v2\/types\/post"}],"replies":[{"embeddable":true,"href":"https:\/\/grandepremio.com\/br\/wp-json\/wp\/v2\/comments?post=122041"}],"version-history":[{"count":0,"href":"https:\/\/grandepremio.com\/br\/wp-json\/wp\/v2\/posts\/122041\/revisions"}],"wp:featuredmedia":[{"embeddable":true,"href":"https:\/\/grandepremio.com\/br\/wp-json\/wp\/v2\/media\/1000464156"}],"wp:attachment":[{"href":"https:\/\/grandepremio.com\/br\/wp-json\/wp\/v2\/media?parent=122041"}],"wp:term":[{"taxonomy":"category","embeddable":true,"href":"https:\/\/grandepremio.com\/br\/wp-json\/wp\/v2\/categories?post=122041"},{"taxonomy":"post_tag","embeddable":true,"href":"https:\/\/grandepremio.com\/br\/wp-json\/wp\/v2\/tags?post=122041"},{"taxonomy":"42wp_author","embeddable":true,"href":"https:\/\/grandepremio.com\/br\/wp-json\/wp\/v2\/42wp_author?post=122041"}],"curies":[{"name":"wp","href":"https:\/\/api.w.org\/{rel}","templated":true}]}}