{"id":122095,"date":"2021-04-16T11:45:51","date_gmt":"2021-04-16T14:45:51","guid":{"rendered":"https:\/\/grandepremio.com\/br\/noticias\/chefe-ve-mercedes-melhor-que-no-bahrein-mas-prega-cautela-nao-vimos-max-hoje\/"},"modified":"2021-04-16T16:44:08","modified_gmt":"2021-04-16T19:44:08","slug":"chefe-ve-mercedes-melhor-que-no-bahrein-mas-prega-cautela-nao-vimos-max-hoje","status":"publish","type":"post","link":"https:\/\/grandepremio.com\/br\/f1\/chefe-ve-mercedes-melhor-que-no-bahrein-mas-prega-cautela-nao-vimos-max-hoje\/","title":{"rendered":"Chefe v\u00ea Mercedes &#8220;melhor que no Bahrein&#8221;, mas prega cautela: &#8220;N\u00e3o vimos Max hoje&#8221;"},"content":{"rendered":"\n<figure class=\"wp-block-video\"><video class=\"video-js vjs-big-play-centered\" data-gp-vjs=\"1\" controls src=\"https:\/\/www.grandepremio.com\/br\/wp-content\/uploads\/l-videos\/2021-04-16_F1_GPImola_sexta_editado.mp4\"><\/video><figcaption>Os melhores momentos dos treinos livres da F1 em \u00cdmola (V\u00eddeo: GRANDE PR\u00caMIO com Reuters)<\/figcaption><\/figure>\n\n\n\n<p class=\"wp-block-paragraph\">Diferentemente do aconteceu no Bahrein, h\u00e1 tr\u00eas semanas, <a href=\"https:\/\/www.grandepremio.com\/br\/f1\/noticias\/valtteri-bottas-supera-lewis-hamilton-lidera-tl2-gp-da-emilia-romanha-pierre-gasly-terceiro-max-verstappen-quebra\/\">a Mercedes foi capaz de colocar seus dois carros na lideran\u00e7a dos treinos livres do GP da Em\u00edlia-Romanha<\/a>, nesta sexta-feira (16). Valtteri Bottas foi o mais r\u00e1pido do dia, tendo Lewis Hamilton sempre na cola. Usando os pneus m\u00e9dios, o finland\u00eas estabeleceu a marca de 1min15s551, apenas 0s010 melhor que o companheiro, que obteve o tempo cal\u00e7ado com os compostos macios. A performance, portanto, chamou a aten\u00e7\u00e3o e arrancou um sorriso de Toto Wolff, o chefe da esquadra heptacampe\u00e3o.<\/p>\n\n\n\n<p class=\"wp-block-paragraph\">\u201cBom. Muito melhor que o Bahrein\u201d, reconheceu o dirigente austr\u00edaco. \u201cO carro pareceu bom durante a manh\u00e3 e \u00e0 tarde. Provavelmente as temperaturas ajudaram um pouco porque \u00e9 onde est\u00e1vamos sofrendo, principalmente no Bahrein. Ent\u00e3o, estou muito feliz em ver isso\u201d, completou em entrevista \u00e0 Sky Sports F1.<\/p>\n\n\n\n<p class=\"wp-block-paragraph\"><strong>Conhe\u00e7a o canal do Grande Pr\u00eamio no YouTube! Clique&nbsp;<a target=\"_blank\" href=\"https:\/\/youtube.com\/GrandePremioTV\" rel=\"noreferrer noopener\">aqui<\/a>.<\/strong><br><strong>Siga o Grande Pr\u00eamio no&nbsp;<a target=\"_blank\" href=\"https:\/\/twitter.com\/grandepremio\" rel=\"noreferrer noopener\">Twitter&nbsp;<\/a>e no&nbsp;<a target=\"_blank\" href=\"https:\/\/instagram.com\/grandepremio\" rel=\"noreferrer noopener\">Instagram<\/a>!<\/strong><\/p>\n\n\n\n<figure class=\"wp-block-image size-large\"><img decoding=\"async\" src=\"https:\/\/www.grandepremio.com\/br\/wp-content\/uploads\/2020\/10\/000_8U8887-1024x683.jpg\" alt=\"\" class=\"wp-image-431698\"\/><figcaption>Toto Wolff gostou da performance inicial da Mercedes em \u00cdmola (Foto: AFP)<\/figcaption><\/figure>\n\n\n\n<p class=\"wp-block-paragraph\"><strong>LEIA TAMB\u00c9M<br>+<a href=\"https:\/\/www.grandepremio.com\/br\/f1\/noticias\/f1-tv-pro-libera-7-dias-de-teste-gratuito-saiba-como-aproveitar-na-emilia-romanha\/\">F1 TV Pro libera 7 dias de teste gratuito. Saiba como aproveitar na Em\u00edlia-Romanha<\/a><\/strong><\/p>\n\n\n\n<p class=\"wp-block-paragraph\">Em Sakhir, Bottas e Hamilton sofreram com problemas de instabilidade na traseira do carro, que afetaram n\u00e3o apenas a pr\u00e9-temporada da equipe, mas tamb\u00e9m os dois primeiros treinos livres do GP, no m\u00eas passado. Nas sess\u00f5es em quest\u00e3o, nenhum dos dois pilotos chegou sequer a tomar a lideran\u00e7a, apesar da vit\u00f3ria naquele fim de semana.<\/p>\n\n\n\n<p class=\"wp-block-paragraph\">\u201cFoi uma daquelas reuni\u00f5es muito boas. Eles disseram que o equil\u00edbrio estava certo, entre a parte dianteira e traseira. Se voc\u00ea tiver seu carro devidamente acertado e na janela certa, o que \u00e9 dif\u00edcil, ent\u00e3o seu desempenho ser\u00e1 bom\u201d, explicou Wolff.<\/p>\n\n\n\n<p class=\"wp-block-paragraph\">Al\u00e9m disso, \u00e9 imposs\u00edvel deixar de falar da m\u00e1 apresenta\u00e7\u00e3o de um dos favoritos para disputar o t\u00edtulo frente a frente com a Mercedes em 2021: Max Verstappen. O piloto holand\u00eas enfrentou problemas com o carro da Red Bull ainda nos primeiros minutos da sess\u00e3o e n\u00e3o passou do 14\u00ba lugar na tabela de tempos. Ainda assim, o chefe da Mercedes foi cauteloso.<\/p>\n\n\n\n<p class=\"wp-block-paragraph\">&#8220;Eles t\u00eam um carro e um pacote mais r\u00e1pido, mas n\u00e3o vimos Max hoje&#8221;, concluiu.<\/p>\n\n\n\n<p class=\"wp-block-paragraph\">A F\u00f3rmula 1 volta \u00e0 pista neste s\u00e1bado com o treino livre 3, tamb\u00e9m com dura\u00e7\u00e3o de 60 minutos, a partir de 6h (de Bras\u00edlia), enquanto a defini\u00e7\u00e3o do grid de largada, a classifica\u00e7\u00e3o, acontece \u00e0s 9h. O&nbsp;<strong>GRANDE PR\u00caMIO<\/strong>&nbsp;acompanha tudo&nbsp;<strong><a href=\"https:\/\/www.grandepremio.com\/br\/ao-vivo\/f1\/gp-da-emilia-romanha-2021-treinos-livres-ao-vivo\/\">AO VIVO e em TEMPO REAL<\/a><\/strong>.<\/p>\n\n\n\n<figure class=\"wp-block-embed is-type-video is-provider-youtube wp-block-embed-youtube wp-embed-aspect-16-9 wp-has-aspect-ratio\"><div class=\"wp-block-embed__wrapper\">\n<iframe loading=\"lazy\" title=\"MACHISMO NO ESPORTE? A \u00daNICA CHEFE DE EQUIPE DA STOCK CAR REVELA | WGP\" width=\"500\" height=\"281\" src=\"https:\/\/www.youtube.com\/embed\/8pnp7RCOlUc?start=351&amp;feature=oembed\" frameborder=\"0\" allow=\"accelerometer; autoplay; clipboard-write; encrypted-media; gyroscope; picture-in-picture; web-share\" referrerpolicy=\"strict-origin-when-cross-origin\" allowfullscreen><\/iframe>\n<\/div><\/figure>\n","protected":false},"excerpt":{"rendered":"<p>O chefe de equipe da Mercedes, Toto Wolff, se mostrou mais otimista quanto \u00e0s chances dos heptacampe\u00f5es em \u00cdmola, especialmente ap\u00f3s a lideran\u00e7a nas duas sess\u00f5es de treinos desta sexta-feira (16)<\/p>\n","protected":false},"author":0,"featured_media":1000463794,"comment_status":"closed","ping_status":"closed","sticky":false,"template":"","format":"standard","meta":{"42wp_featured_image_caption":"","42wp_featured_image_credits":"","42wp_featured_video":"","42wp_featured_image_hidden":false,"42wp_authors_list":[],"footnotes":""},"categories":[2],"tags":[147,156,25081,5386,87,25544,150,2036,612],"42wp_author":[47139],"class_list":["post-122095","post","type-post","status-publish","format-standard","has-post-thumbnail","hentry","category-f1","tag-f1","tag-f1-2021","tag-horarios-da-f1-2","tag-imola","tag-lewis-hamilton","tag-lideranca","tag-toto-wolff","tag-treinos-livres","tag-valtteri-bottas","42wp_author-ana-cerveira"],"_links":{"self":[{"href":"https:\/\/grandepremio.com\/br\/wp-json\/wp\/v2\/posts\/122095","targetHints":{"allow":["GET"]}}],"collection":[{"href":"https:\/\/grandepremio.com\/br\/wp-json\/wp\/v2\/posts"}],"about":[{"href":"https:\/\/grandepremio.com\/br\/wp-json\/wp\/v2\/types\/post"}],"replies":[{"embeddable":true,"href":"https:\/\/grandepremio.com\/br\/wp-json\/wp\/v2\/comments?post=122095"}],"version-history":[{"count":0,"href":"https:\/\/grandepremio.com\/br\/wp-json\/wp\/v2\/posts\/122095\/revisions"}],"wp:featuredmedia":[{"embeddable":true,"href":"https:\/\/grandepremio.com\/br\/wp-json\/wp\/v2\/media\/1000463794"}],"wp:attachment":[{"href":"https:\/\/grandepremio.com\/br\/wp-json\/wp\/v2\/media?parent=122095"}],"wp:term":[{"taxonomy":"category","embeddable":true,"href":"https:\/\/grandepremio.com\/br\/wp-json\/wp\/v2\/categories?post=122095"},{"taxonomy":"post_tag","embeddable":true,"href":"https:\/\/grandepremio.com\/br\/wp-json\/wp\/v2\/tags?post=122095"},{"taxonomy":"42wp_author","embeddable":true,"href":"https:\/\/grandepremio.com\/br\/wp-json\/wp\/v2\/42wp_author?post=122095"}],"curies":[{"name":"wp","href":"https:\/\/api.w.org\/{rel}","templated":true}]}}