{"id":122166,"date":"2021-04-14T12:07:59","date_gmt":"2021-04-14T15:07:59","guid":{"rendered":"https:\/\/grandepremio.com\/br\/noticias\/alpine-da-de-ombros-williams-e-diz-aliancas-nao-sao-bom-negocio\/"},"modified":"2021-04-14T12:08:09","modified_gmt":"2021-04-14T15:08:09","slug":"alpine-da-de-ombros-williams-e-diz-aliancas-nao-sao-bom-negocio","status":"publish","type":"post","link":"https:\/\/grandepremio.com\/br\/f1\/alpine-da-de-ombros-williams-e-diz-aliancas-nao-sao-bom-negocio\/","title":{"rendered":"Alpine d\u00e1 de ombros para Williams e diz que alian\u00e7as \u201cn\u00e3o s\u00e3o um bom neg\u00f3cio\u201d"},"content":{"rendered":"\n<figure class=\"wp-block-video\"><video class=\"video-js vjs-big-play-centered\" data-gp-vjs=\"1\" controls src=\"https:\/\/www.grandepremio.com\/br\/wp-content\/uploads\/2021\/04\/2021-04-12_Indy_chamada_Cultura.mp4\"><\/video><figcaption>Chamada da Cultura trouxe trilha antiga do SBT (V\u00eddeo: TV Cultura)<\/figcaption><\/figure>\n\n\n\n<p class=\"wp-block-paragraph\">A Alpine, sucessora da Renault na F\u00f3rmula 1, n\u00e3o est\u00e1 em busca de uma \u2018equipe B\u2019. A montadora francesa reagiu aos rumores de uma alian\u00e7a com a Williams indo direto ao ponto: poss\u00edveis ganhos financeiros n\u00e3o compensam ceder tecnologias para outra escuderia do grid.<\/p>\n\n\n\n<p class=\"wp-block-paragraph\">De acordo com Luca de Meo, diretor-executivo da Alpine na F1, faz mais sentido guardar o motor para si e tocar o desenvolvimento por conta pr\u00f3pria.<\/p>\n\n\n\n<p class=\"wp-block-paragraph\">\u201cClaro que, em teoria, \u00e9 melhor ter os outros usando seus motores, porque isso permite uma troca de dados e de outras coisas\u201d, reconheceu De Meo. \u201cS\u00f3 que as condi\u00e7\u00f5es atuais, incluindo as financeiras e de transfer\u00eancia de tecnologia de uma equipe para outra, n\u00e3o s\u00e3o muito favor\u00e1veis. N\u00e3o acho que seja um bom neg\u00f3cio, pensando no pre\u00e7o que as equipes pagam para ter a tecnologia de gente como n\u00f3s, gente que faz o investimento inicial. J\u00e1 disse isso v\u00e1rias vezes. N\u00e3o quero entrar em n\u00fameros, mas posso dizer que n\u00e3o \u00e9 um bom neg\u00f3cio. Isso s\u00f3 existe para que equipes sem condi\u00e7\u00f5es de produzir um motor, que acabam sendo a grande maioria das equipes, sigam no jogo. S\u00f3 que, financeiramente, n\u00e3o muda muito para n\u00f3s\u201d, destacou.<\/p>\n\n\n\n<figure class=\"wp-block-image size-large\"><img decoding=\"async\" src=\"https:\/\/www.grandepremio.com\/br\/wp-content\/uploads\/2021\/03\/alpine-estebanocon-01-2-1024x683.jpg\" alt=\"\" class=\"wp-image-458675\"\/><figcaption>A Alpine n\u00e3o quer dividir tecnologias com mais ningu\u00e9m (Foto: Beto Issa)<\/figcaption><\/figure>\n\n\n\n<p class=\"wp-block-paragraph\">Na gest\u00e3o Renault, os franceses firmaram parceria com a McLaren. Esse v\u00ednculo durou entre 2018 e 2020, quando os brit\u00e2nicos optaram por usar motor Mercedes. Isso significa que, come\u00e7ando em 2021, a Alpine \u00e9 a \u00fanica com tais unidades de pot\u00eancia no grid.<\/p>\n\n\n\n<p class=\"wp-block-paragraph\">Da parte da Williams, o interesse em se aliar a algu\u00e9m como a Alpine <strong><a href=\"https:\/\/www.grandepremio.com\/br\/f1\/noticias\/williams-rejeita-alianca-renault-objetivo-independente\/\">tamb\u00e9m n\u00e3o existe<\/a><\/strong>. O diretor-executivo Jost Capito sente que tal depend\u00eancia seria uma amea\u00e7a ao futuro da escuderia.<\/p>\n\n\n\n<p class=\"wp-block-paragraph\">\u201cA Williams sempre foi independente, nada disso de ser equipe B. Para n\u00f3s, uma equipe B n\u00e3o tem independ\u00eancia e \u00e9 propriedade de outra equipe de F\u00f3rmula 1. Por essa defini\u00e7\u00e3o, n\u00e3o queremos ser uma equipe B. Queremos ser uma equipe A, com o automobilismo como nosso foco, longe de uma montadora que vai decidir se quer ficar ou n\u00e3o. Isso amea\u00e7aria nossa exist\u00eancia\u201d, apontou Capito.<\/p>\n\n\n\n<p class=\"wp-block-paragraph\"><strong>Conhe\u00e7a o canal do Grande Pr\u00eamio no YouTube! Clique\u00a0<a target=\"_blank\" href=\"https:\/\/youtube.com\/GrandePremioTV\" rel=\"noreferrer noopener\">aqui<\/a>.<\/strong><br><strong>Siga o Grande Pr\u00eamio no\u00a0<a target=\"_blank\" href=\"https:\/\/twitter.com\/grandepremio\" rel=\"noreferrer noopener\">Twitter\u00a0<\/a>e no\u00a0<a target=\"_blank\" href=\"https:\/\/instagram.com\/grandepremio\" rel=\"noreferrer noopener\">Instagram<\/a>!<\/strong><\/p>\n","protected":false},"excerpt":{"rendered":"<p>A Alpine n\u00e3o quer dividir suas tecnologias com mais ningu\u00e9m na F\u00f3rmula 1. O diretor-executivo Luca de Meo sente que os ganhos financeiros n\u00e3o compensariam poss\u00edveis alian\u00e7as com rivais<\/p>\n","protected":false},"author":0,"featured_media":1000459608,"comment_status":"closed","ping_status":"closed","sticky":false,"template":"","format":"standard","meta":{"42wp_featured_image_caption":"","42wp_featured_image_credits":"","42wp_featured_video":"","42wp_featured_image_hidden":false,"42wp_authors_list":[],"footnotes":""},"categories":[2],"tags":[20491,156,24837,25606,1754,311,229,215],"42wp_author":[47118],"class_list":["post-122166","post","type-post","status-publish","format-standard","has-post-thumbnail","hentry","category-f1","tag-alpine","tag-f1-2021","tag-formula-1-2","tag-gp-da-emilia-romanha","tag-gp-do-bahrein","tag-parceria","tag-renault","tag-williams","42wp_author-vitor-fazio"],"_links":{"self":[{"href":"https:\/\/grandepremio.com\/br\/wp-json\/wp\/v2\/posts\/122166","targetHints":{"allow":["GET"]}}],"collection":[{"href":"https:\/\/grandepremio.com\/br\/wp-json\/wp\/v2\/posts"}],"about":[{"href":"https:\/\/grandepremio.com\/br\/wp-json\/wp\/v2\/types\/post"}],"replies":[{"embeddable":true,"href":"https:\/\/grandepremio.com\/br\/wp-json\/wp\/v2\/comments?post=122166"}],"version-history":[{"count":0,"href":"https:\/\/grandepremio.com\/br\/wp-json\/wp\/v2\/posts\/122166\/revisions"}],"wp:featuredmedia":[{"embeddable":true,"href":"https:\/\/grandepremio.com\/br\/wp-json\/wp\/v2\/media\/1000459608"}],"wp:attachment":[{"href":"https:\/\/grandepremio.com\/br\/wp-json\/wp\/v2\/media?parent=122166"}],"wp:term":[{"taxonomy":"category","embeddable":true,"href":"https:\/\/grandepremio.com\/br\/wp-json\/wp\/v2\/categories?post=122166"},{"taxonomy":"post_tag","embeddable":true,"href":"https:\/\/grandepremio.com\/br\/wp-json\/wp\/v2\/tags?post=122166"},{"taxonomy":"42wp_author","embeddable":true,"href":"https:\/\/grandepremio.com\/br\/wp-json\/wp\/v2\/42wp_author?post=122166"}],"curies":[{"name":"wp","href":"https:\/\/api.w.org\/{rel}","templated":true}]}}