{"id":122167,"date":"2021-04-14T10:03:43","date_gmt":"2021-04-14T13:03:43","guid":{"rendered":"https:\/\/grandepremio.com\/br\/noticias\/mclaughlin-mostra-ansiedade-inicio-temporada-indy-sonho\/"},"modified":"2021-04-14T10:03:50","modified_gmt":"2021-04-14T13:03:50","slug":"mclaughlin-mostra-ansiedade-inicio-temporada-indy-sonho","status":"publish","type":"post","link":"https:\/\/grandepremio.com\/br\/indy\/mclaughlin-mostra-ansiedade-inicio-temporada-indy-sonho\/","title":{"rendered":"McLaughlin mostra ansiedade para in\u00edcio da temporada da Indy: &#8220;\u00c9 um sonho para mim&#8221;"},"content":{"rendered":"\n<figure class=\"wp-block-video\"><video class=\"video-js vjs-big-play-centered\" data-gp-vjs=\"1\" controls src=\"https:\/\/www.grandepremio.com\/br\/wp-content\/uploads\/2021\/04\/2021-04-12_Indy_chamada_Cultura.mp4\"><\/video><\/figure>\n\n\n\n<p class=\"wp-block-paragraph\">Ap\u00f3s disputar a \u00faltima etapa da Indy no ano passado, Scott McLaughlin se prepara para fazer o campeonato completo em 2021, com a Penske. Aos 27 anos, e com tr\u00eas t\u00edtulos do Supercars na bagagem, o neozeland\u00eas ainda est\u00e1 se adaptando ao carro e ao ritmo da categoria.<\/p>\n\n\n\n<p class=\"wp-block-paragraph\">Na \u00faltima semana, McLaughlin testou no oval de Indian\u00e1polis como prepara\u00e7\u00e3o da pr\u00e9-temporada. Nos pr\u00f3ximos dias, por\u00e9m, vai visitar um circuito misto, um de rua e outro oval de alta velocidade para as primeiras provas do calend\u00e1rio. Isso parece n\u00e3o assustar o novato da Indy.<\/p>\n\n\n\n<p class=\"wp-block-paragraph\">&#8220;\u00c9 cada vez melhor quando fa\u00e7o voltas com esses carros. \u00c9 selvagem [o carro], mas foi exatamente por isso que vim \u00e0 Am\u00e9rica. Cheguei aqui para correr quase toda semana em todos os tra\u00e7ados que n\u00e3o pude anteriormente&#8221;, afirmou o neozeland\u00eas.<\/p>\n\n\n\n<figure class=\"wp-block-image size-large\"><img decoding=\"async\" src=\"https:\/\/www.grandepremio.com\/br\/wp-content\/uploads\/2021\/04\/scott-mclaughlin2-1024x684.jpg\" alt=\"\" class=\"wp-image-463178\"\/><figcaption>McLaughlin testou com a Penske em Indian\u00e1polis na \u00faltima semana (Foto: IndyCar)<\/figcaption><\/figure>\n\n\n\n<p class=\"wp-block-paragraph\"><strong>Conhe\u00e7a o canal do Grande Pr\u00eamio no YouTube! Clique\u00a0<a target=\"_blank\" href=\"https:\/\/youtube.com\/GrandePremioTV\" rel=\"noreferrer noopener\">aqui<\/a>.<\/strong><br><strong>Siga o Grande Pr\u00eamio no\u00a0<a target=\"_blank\" href=\"https:\/\/twitter.com\/grandepremio\" rel=\"noreferrer noopener\">Twitter\u00a0<\/a>e no\u00a0<a target=\"_blank\" href=\"https:\/\/instagram.com\/grandepremio\" rel=\"noreferrer noopener\">Instagram<\/a>!<\/strong><\/p>\n\n\n\n<p class=\"wp-block-paragraph\">&#8220;Felizmente j\u00e1 estive em todas as pistas do in\u00edcio da temporada. Sei o que preciso, tenho um plano s\u00f3lido em mente e n\u00f3s podemos alcan\u00e7\u00e1-lo em cada pista. Nesta semana [em Barber], \u00e9 provavelmente o circuito que mais preciso trabalhar. St. Pete eu sinto que conhe\u00e7o a pista, sei nosso equil\u00edbrio, vai ser tranquilo. Ent\u00e3o chega o Texas, \u00e9 um oval e preciso apenas trabalhar meu estilo nele&#8221;, completou.<\/p>\n\n\n\n<p class=\"wp-block-paragraph\">O tricampe\u00e3o do Supercars mostrou muita empolga\u00e7\u00e3o com o in\u00edcio de trabalho e valorizou os experientes companheiros de time que possui na Penske para a temporada 2021. Para McLaughlin, essa \u00e9 a hora de conseguir extrair o m\u00e1ximo de informa\u00e7\u00f5es sobre o equipamento antes do come\u00e7o do certame.<\/p>\n\n\n\n<p class=\"wp-block-paragraph\">&#8220;Tenho \u00f3timos companheiros de equipe para me apoiar e tenho um grande engenheiro com uma enorme experi\u00eancia. Estou me apoiando em todo mundo e tentando me encharcar de tudo como uma esponja. Agora \u00e9 para valer e realmente preciso entrar nisso. Cheguei na Am\u00e9rica para correr quase todos os finais de semana e isso \u00e9 um sonho para mim&#8221;, finalizou.<\/p>\n\n\n\n\n\n<figure class=\"wp-block-embed is-type-video is-provider-youtube wp-block-embed-youtube wp-embed-aspect-16-9 wp-has-aspect-ratio\"><div class=\"wp-block-embed__wrapper\">\n<iframe loading=\"lazy\" title=\"FLAVIO GOMES LAN\u00c7A LIVRO \u2018\u00cdMOLA 1994\u2019 E REVELA BASTIDORES DA F1 | GP \u00c0S 10\" width=\"500\" height=\"281\" src=\"https:\/\/www.youtube.com\/embed\/yOFuuhhu_C8?feature=oembed\" frameborder=\"0\" allow=\"accelerometer; autoplay; clipboard-write; encrypted-media; gyroscope; picture-in-picture; web-share\" referrerpolicy=\"strict-origin-when-cross-origin\" allowfullscreen><\/iframe>\n<\/div><\/figure>\n","protected":false},"excerpt":{"rendered":"<p>Scott McLaughlin faz, em 2021, a primeira temporada completa na Indy. Para isso, o neozeland\u00eas admitiu que est\u00e1 buscando o m\u00e1ximo de informa\u00e7\u00f5es com os companheiros de Penske antes de abertura do campeonato, neste domingo (18), em Barber<\/p>\n","protected":false},"author":0,"featured_media":1000463181,"comment_status":"closed","ping_status":"closed","sticky":false,"template":"","format":"standard","meta":{"42wp_featured_image_caption":"","42wp_featured_image_credits":"","42wp_featured_video":"","42wp_featured_image_hidden":false,"42wp_authors_list":[],"footnotes":""},"categories":[3],"tags":[24881,93,5601,94,26664,265,266],"42wp_author":[47135],"class_list":["post-122167","post","type-post","status-publish","format-standard","has-post-thumbnail","hentry","category-indy","tag-formula-indy-2","tag-indy","tag-indy-2021","tag-indycar","tag-indycar-2021","tag-penske","tag-scott-mclaughlin","42wp_author-pedro-luis-cuenca"],"_links":{"self":[{"href":"https:\/\/grandepremio.com\/br\/wp-json\/wp\/v2\/posts\/122167","targetHints":{"allow":["GET"]}}],"collection":[{"href":"https:\/\/grandepremio.com\/br\/wp-json\/wp\/v2\/posts"}],"about":[{"href":"https:\/\/grandepremio.com\/br\/wp-json\/wp\/v2\/types\/post"}],"replies":[{"embeddable":true,"href":"https:\/\/grandepremio.com\/br\/wp-json\/wp\/v2\/comments?post=122167"}],"version-history":[{"count":0,"href":"https:\/\/grandepremio.com\/br\/wp-json\/wp\/v2\/posts\/122167\/revisions"}],"wp:featuredmedia":[{"embeddable":true,"href":"https:\/\/grandepremio.com\/br\/wp-json\/wp\/v2\/media\/1000463181"}],"wp:attachment":[{"href":"https:\/\/grandepremio.com\/br\/wp-json\/wp\/v2\/media?parent=122167"}],"wp:term":[{"taxonomy":"category","embeddable":true,"href":"https:\/\/grandepremio.com\/br\/wp-json\/wp\/v2\/categories?post=122167"},{"taxonomy":"post_tag","embeddable":true,"href":"https:\/\/grandepremio.com\/br\/wp-json\/wp\/v2\/tags?post=122167"},{"taxonomy":"42wp_author","embeddable":true,"href":"https:\/\/grandepremio.com\/br\/wp-json\/wp\/v2\/42wp_author?post=122167"}],"curies":[{"name":"wp","href":"https:\/\/api.w.org\/{rel}","templated":true}]}}