{"id":122211,"date":"2021-04-12T17:10:24","date_gmt":"2021-04-12T20:10:24","guid":{"rendered":"https:\/\/grandepremio.com\/br\/noticias\/paddock-plus-favoritismos-na-formula-e-reviravoltas-na-nascar-e-expectativas-para-indy\/"},"modified":"2021-04-12T17:19:38","modified_gmt":"2021-04-12T20:19:38","slug":"paddock-plus-favoritismos-na-formula-e-reviravoltas-na-nascar-e-expectativas-para-indy","status":"publish","type":"post","link":"https:\/\/grandepremio.com\/br\/grande-premio\/paddock-plus-favoritismos-na-formula-e-reviravoltas-na-nascar-e-expectativas-para-indy\/","title":{"rendered":"Paddock Plus: Favoritismos na F\u00f3rmula E, reviravoltas na Nascar e expectativas na Indy"},"content":{"rendered":"\n<figure class=\"wp-block-video\"><video class=\"video-js vjs-big-play-centered\" data-gp-vjs=\"1\" controls src=\"https:\/\/www.grandepremio.com\/br\/wp-content\/uploads\/2021\/04\/2021-04-12_Indy_chamada_Cultura.mp4\"><\/video><figcaption>Chamada da Cultura trouxe trilha antiga do SBT (V\u00eddeo: TV Cultura)<\/figcaption><\/figure>\n\n\n\n<p class=\"wp-block-paragraph\">O Paddock Plus voltou a fazer a pr\u00e9via do Paddock GP nesta segunda-feira (12). O dia foi de card\u00e1pio cheio: al\u00e9m de recuperar os acontecimentos da Nascar e da F\u00f3rmula E no fim de semana, foi hora de fazer uma pr\u00e9via das temporadas da Indy e da F\u00f3rmula Regional Europeia.<\/p>\n\n\n\n<p class=\"wp-block-paragraph\">O Paddock Plus teve apresenta\u00e7\u00e3o de Gabriel Curty e coment\u00e1rios de Vitor Fazio e Lucas Couto. O programa foca em categorias que tendem a ficar fora do Paddock GP, principal mesa redonda do <strong>GRANDE PR\u00caMIO<\/strong>.<\/p>\n\n\n\n<p class=\"wp-block-paragraph\">[twitchtv url=&#8221;https:\/\/www.twitch.tv\/grandepremio\/v\/985055309&#8243;]<\/p>\n\n\n\n<p class=\"wp-block-paragraph\"><strong>Conhe\u00e7a o canal do Grande Pr\u00eamio no YouTube! Clique&nbsp;<a rel=\"noreferrer noopener\" href=\"https:\/\/youtube.com\/GrandePremioTV\" target=\"_blank\">aqui<\/a>.<br>Siga o Grande Pr\u00eamio no&nbsp;<a rel=\"noreferrer noopener\" href=\"https:\/\/twitter.com\/grandepremio\" target=\"_blank\">Twitter&nbsp;<\/a>e no&nbsp;<a rel=\"noreferrer noopener\" href=\"https:\/\/instagram.com\/grandepremio\" target=\"_blank\">Instagram<\/a>!<\/strong><\/p>\n","protected":false},"excerpt":{"rendered":"<p>Os jornalistas do GRANDE PR\u00caMIO se reuniram no Paddock Plus para recordar o fim de semana de Nascar e F\u00f3rmula E, al\u00e9m de prever o pr\u00f3ximo, de Indy e F-Regional<\/p>\n","protected":false},"author":0,"featured_media":1000462616,"comment_status":"closed","ping_status":"closed","sticky":false,"template":"","format":"standard","meta":{"42wp_featured_image_caption":"","42wp_featured_image_credits":"","42wp_featured_video":"","42wp_featured_image_hidden":false,"42wp_authors_list":[],"footnotes":""},"categories":[4],"tags":[25000,25663,230,93,411,336],"42wp_author":[47118],"class_list":["post-122211","post","type-post","status-publish","format-standard","has-post-thumbnail","hentry","category-grande-premio","tag-formula-e-2","tag-formula-regional-2","tag-gabriel-curty","tag-indy","tag-nascar","tag-vitor-fazio","42wp_author-vitor-fazio"],"_links":{"self":[{"href":"https:\/\/grandepremio.com\/br\/wp-json\/wp\/v2\/posts\/122211","targetHints":{"allow":["GET"]}}],"collection":[{"href":"https:\/\/grandepremio.com\/br\/wp-json\/wp\/v2\/posts"}],"about":[{"href":"https:\/\/grandepremio.com\/br\/wp-json\/wp\/v2\/types\/post"}],"replies":[{"embeddable":true,"href":"https:\/\/grandepremio.com\/br\/wp-json\/wp\/v2\/comments?post=122211"}],"version-history":[{"count":0,"href":"https:\/\/grandepremio.com\/br\/wp-json\/wp\/v2\/posts\/122211\/revisions"}],"wp:featuredmedia":[{"embeddable":true,"href":"https:\/\/grandepremio.com\/br\/wp-json\/wp\/v2\/media\/1000462616"}],"wp:attachment":[{"href":"https:\/\/grandepremio.com\/br\/wp-json\/wp\/v2\/media?parent=122211"}],"wp:term":[{"taxonomy":"category","embeddable":true,"href":"https:\/\/grandepremio.com\/br\/wp-json\/wp\/v2\/categories?post=122211"},{"taxonomy":"post_tag","embeddable":true,"href":"https:\/\/grandepremio.com\/br\/wp-json\/wp\/v2\/tags?post=122211"},{"taxonomy":"42wp_author","embeddable":true,"href":"https:\/\/grandepremio.com\/br\/wp-json\/wp\/v2\/42wp_author?post=122211"}],"curies":[{"name":"wp","href":"https:\/\/api.w.org\/{rel}","templated":true}]}}