{"id":122261,"date":"2021-04-10T08:02:11","date_gmt":"2021-04-10T11:02:11","guid":{"rendered":"https:\/\/grandepremio.com\/br\/noticias\/stoffel-vandoorne-voa-coloca-mercedes-pole-roma-formula-e-lucas-di-grassi-quarto\/"},"modified":"2021-04-10T08:30:22","modified_gmt":"2021-04-10T11:30:22","slug":"stoffel-vandoorne-voa-coloca-mercedes-pole-roma-formula-e-lucas-di-grassi-quarto","status":"publish","type":"post","link":"https:\/\/grandepremio.com\/br\/formula-e\/stoffel-vandoorne-voa-coloca-mercedes-pole-roma-formula-e-lucas-di-grassi-quarto\/","title":{"rendered":"Vandoorne voa e coloca Mercedes na pole do eP de Roma da F\u00f3rmula E. Di Grassi \u00e9 4\u00ba"},"content":{"rendered":"\n<figure class=\"wp-block-video\"><video class=\"video-js vjs-big-play-centered\" data-gp-vjs=\"1\" controls src=\"https:\/\/www.grandepremio.com\/br\/wp-content\/uploads\/2021\/04\/Anuncio-Ganassi-Johnson.mp4\"><\/video><figcaption>Jimmie Johnson &#8220;ca\u00e7ou&#8221; Tony Kanaan para achar o carro da Ganassi (V\u00eddeo: Ganassi)<\/figcaption><\/figure>\n\n\n\n<p class=\"wp-block-paragraph\">Com o cen\u00e1rio de Roma do plano de fundo, a F\u00f3rmula E tomou a pista atualizada da capital italiana para o treino de classifica\u00e7\u00e3o deste s\u00e1bado (10). Ap\u00f3s treinos livres <a href=\"https:\/\/www.grandepremio.com\/br\/formula-e\/noticias\/lucas-di-grassi-maximilian-guenter-lideram-treinos-livres-manha-marcada-acidente-roma\/\">com menos tempo de pista que o desejado<\/a>, os pilotos tiveram de encarar o tempo fechado da capital. A Superpole apresentou, como de costume, embate at\u00e9 a \u00faltima volta lan\u00e7ada, mas quem se destacou e ficou com a pole-position foi Stoffel Vandoorne.<\/p>\n\n\n\n<p class=\"wp-block-paragraph\"><strong><strong>Conhe\u00e7a o canal do Grande Pr\u00eamio no&nbsp;<a href=\"https:\/\/www.youtube.com\/GrandePremioTV\">YouTube<\/a>.<br>Siga o Grande Pr\u00eamio no&nbsp;<a rel=\"noreferrer noopener\" href=\"https:\/\/twitter.com\/grandepremio\" target=\"_blank\">Twitter&nbsp;<\/a>e no&nbsp;<a rel=\"noreferrer noopener\" href=\"https:\/\/instagram.com\/grandepremio\" target=\"_blank\">Instagram<\/a>.<\/strong><\/strong><\/p>\n\n\n\n<p class=\"wp-block-paragraph\">O belga da Mercedes foi o quarto a andar e sobrou para cima dos tr\u00eas que tinham andado antes dele. Ainda havia desafio, contudo. Andr\u00e9 Lotterer foi r\u00e1pido, mas perdeu a chance ao triscar o muro de leve e perder tempo. Sobra, ent\u00e3o, Oliver Rowland. Ap\u00f3s dois trechos mais r\u00e1pidos, o ingl\u00eas tamb\u00e9m tocou o muro e deixou a dianteira cair por terra.<\/p>\n\n\n\n<p class=\"wp-block-paragraph\">Desta feita, Vandoorne divide a primeira fila com Lotterer. Rowland \u00e9 o terceiro e ter\u00e1 Lucas Di Grassi a seu lado, ap\u00f3s o piloto da Audi superar Jean-\u00c9ric Vergne e Maximilian G\u00fcnther, outros dois membros da Superpole. As tr\u00eas primeiras filas apresentam uma sequ\u00eancia de marcas pesadas: Mercedes, Porsche, Nissan, Audi, DS Techeetah e BMW.<\/p>\n\n\n\n<p class=\"wp-block-paragraph\">Ainda formam o top-10: Robin Frijns, Nyck de vries, Pascal Wehrlein e S\u00e9bastien Buemi. S\u00e9rgio Sette C\u00e2mara larga na 16\u00aa posi\u00e7\u00e3o, enquanto Ant\u00f3nio F\u00e9lix da Costa \u00e9 o 18\u00ba colocado.<\/p>\n\n\n\n<p class=\"wp-block-paragraph\">A largada para o eP de Roma est\u00e1 marcada para as 11h (de Bras\u00edlia).<\/p>\n\n\n\n<figure class=\"wp-block-image size-large\"><img decoding=\"async\" src=\"https:\/\/www.grandepremio.com\/br\/wp-content\/uploads\/2021\/04\/EymxaDbWUAUI-Rx-1024x576.jpg\" alt=\"\" class=\"wp-image-462298\"\/><figcaption>Lucas Di Grassi fica com a quarta coloca\u00e7\u00e3o (Foto: Audi)<\/figcaption><\/figure>\n\n\n\n<p class=\"wp-block-paragraph\"><strong>Confira como foi o treino de classifica\u00e7\u00e3o: <\/strong><\/p>\n\n\n\n<p class=\"wp-block-paragraph\"><em><strong>Grupo 1 &#8211; Robin Frijns, Nyck de Vries, Sam Bird, Mitch Evans e Ant\u00f3nio F\u00e9lix da Costa<\/strong><\/em><\/p>\n\n\n\n<p class=\"wp-block-paragraph\">O sempre sofrido grupo dos l\u00edderes do campeonato sempre faz sofrer, mas sobretudo no come\u00e7o da temporada, quando a localiza\u00e7\u00e3o na tabela ainda n\u00e3o est\u00e1 consolidada. Dentro dessa realidade, sofreu o atual campe\u00e3o: Da Costa errou e passou longe de um tempo sequer mediano. Vai largar bem atr\u00e1s.<\/p>\n\n\n\n<p class=\"wp-block-paragraph\">Frijns foi o mais r\u00e1pido do grupo, seguido por De Vries bem pr\u00f3ximo. Bird ficou 0s3 atr\u00e1s, enquanto Evans foi meio segundo mais lento.<\/p>\n\n\n\n<p class=\"wp-block-paragraph\"><strong><em>Grupo 2 &#8211; Oliver Rowland, Pascal Wehrlein, S\u00e9rgio Sette C\u00e2mara, Nico M\u00fcller, Ren\u00e9 Rast e Oliver Turvey<\/em><\/strong><\/p>\n\n\n\n<p class=\"wp-block-paragraph\">Ap\u00f3s o acidente do TL1, Turvey sequer tomou a pista para classificar &#8211; a NIO segue tentando recuperar o carro para a corrida. J\u00e1 Rast nem deu volta r\u00e1pida, sofrendo com a Audi em Roma.<\/p>\n\n\n\n<p class=\"wp-block-paragraph\">Rowland, j\u00e1 veloz no primeiro treino, repetiu a dose e pulou para a dianteira por 0s5 de vantagem. Wehrlein foi o segundo mais r\u00e1pido, pulando por quarto lugar geral. Sette C\u00e2mara ficou em s\u00e9timo e sem chances de Superpole.<\/p>\n\n\n\n<figure class=\"wp-block-image size-large\"><img decoding=\"async\" src=\"https:\/\/www.grandepremio.com\/br\/wp-content\/uploads\/2021\/04\/3-EPS703_143950_ALS6488-1024x682.jpg\" alt=\"\" class=\"wp-image-462295\"\/><figcaption>Andre Lotterer sai na primeira fila (Foto: F\u00f3rmula E)<\/figcaption><\/figure>\n\n\n\n<p class=\"wp-block-paragraph\"><em><strong>Grupo 3 &#8211; Andr\u00e9 Lotterer, Stoffel Vandoorne, Lucas Di Grassi, Jean-\u00c9ric Vergne, Alexander Sims, Jake Dennis<\/strong><\/em><\/p>\n\n\n\n<p class=\"wp-block-paragraph\">Embora ningu\u00e9m tenha conseguido desbancar Rowland, o pen\u00faltimo grupo emendou quatro pilotos entre o segundo o quinto lugares. Lotterer ficou em segundo por 0s1 e, apesar de mais distantes, Vandoorne, Di Grassi e Vergne se posicionaram bem.<\/p>\n\n\n\n<p class=\"wp-block-paragraph\">Impressionante para o franc\u00eas, que sequer fez o TL2 ap\u00f3s o acidente no fim do treino inicial. Sims e Dennis ficaram fora do top-10.<\/p>\n\n\n\n<p class=\"wp-block-paragraph\"><em><strong>Grupo 4 &#8211; Maximilian G\u00fcnther, Alex Lynn, Tom Blomqvist, Norman Nato, Edoardo Mortara e Nick Cassidy<\/strong><\/em><\/p>\n\n\n\n<p class=\"wp-block-paragraph\">Deste grupo, G\u00fcnther, ap\u00f3s liderar o TL2, conseguiu se esgueirar para come\u00e7ar a recuperar a temporada ap\u00f3s o come\u00e7o desastroso na Ar\u00e1bia Saudita.<\/p>\n\n\n\n<p class=\"wp-block-paragraph\">Mas foi apenas ele, porque o restante ficou bem para tr\u00e1s. Lynn e Nato foram para o meio do pelot\u00e3o, mas um erro de Mortara fez com que Cassidy nem abrisse volta r\u00e1pida. Os dois dividem as \u00faltimas duas filas com Turvey e Rast.<\/p>\n\n\n\n<figure class=\"wp-block-image size-large\"><img decoding=\"async\" src=\"https:\/\/www.grandepremio.com\/br\/wp-content\/uploads\/2021\/04\/Eym4TBdVIAECPNg-1024x576.jpg\" alt=\"\" class=\"wp-image-462300\"\/><figcaption>Oliver Rowland bateu na \u00faltima curva (Foto: F\u00f3rmula E)<\/figcaption><\/figure>\n\n\n\n<p class=\"wp-block-paragraph\"><em><strong>Superpole &#8211; Rowland, Lotterer, Vandoorne, Di Grassi, Vergne e G\u00fcnther<\/strong><\/em><\/p>\n\n\n\n<p class=\"wp-block-paragraph\">Na grande decis\u00e3o, G\u00fcnther n\u00e3o conseguiu impor qualquer ritmo e ficou para tr\u00e1s. Vergne e Di Grassi vieram na sequ\u00eancia, nessa ordem e, apesar de melhores, tamb\u00e9m n\u00e3o foram r\u00e1pidos o bastante para a primeira fila a n\u00e3o ser que os trio que restava tivesse grandes problemas. N\u00e3o foi o que aconteceu.<\/p>\n\n\n\n<p class=\"wp-block-paragraph\">Vandoorne foi bem r\u00e1pido e, com 1min38s484, colocou 0s4 em Di Grassi. Lotterer era o pr\u00f3ximo, mas uma arrastada no muro logo no come\u00e7o da volta lan\u00e7ada tirou as chances de pole. Mesmo assim, o alem\u00e3o da Porsche foi r\u00e1pido e colocou em segundo. Rowland veio com pinta de pole e tirando tempo nas duas primeiras parciais, mas um erro e uma pancada mais forte no muro nos metros finais custaram caro. O piloto da Nissan cruzou a linha com carro capenga, mas ainda conseguiu segurar um valioso terceiro lugar.<\/p>\n\n\n\n<h3 class=\"wp-block-heading\"><strong>F\u00f3rmula E 2021, eP de Roma 1, Classifica\u00e7\u00e3o:<\/strong><\/h3>\n\n\n\n<figure class=\"wp-block-table\"><table><tbody><tr><td>1<\/td><td>S VANDOORNE<\/td><td>Mercedes<\/td><td>&nbsp;<\/td><td>1:38.484<\/td><td>&nbsp;<\/td><\/tr><tr><td>2<\/td><td>A LOTTERER<\/td><td>Porsche<\/td><td>&nbsp;<\/td><td>1:38.651<\/td><td>+0.167<\/td><\/tr><tr><td>3<\/td><td>O ROWLAND<\/td><td>Nissan<\/td><td>&nbsp;<\/td><td>1:38.889<\/td><td>+0.405<\/td><\/tr><tr><td>4<\/td><td>L DI GRASSI<\/td><td>Audi<\/td><td>&nbsp;<\/td><td>1:38.903<\/td><td>+0.419<\/td><\/tr><tr><td>5<\/td><td>J.E VERGNE<\/td><td>DS Techeetah<\/td><td>&nbsp;<\/td><td>1:38.947<\/td><td>+0.463<\/td><\/tr><tr><td>6<\/td><td>M G\u00dcNTHER<\/td><td>BMW<\/td><td>&nbsp;<\/td><td>1:39.751<\/td><td>+0.959<\/td><\/tr><tr><td>7<\/td><td>R FRIJNS<\/td><td>Virgin Audi<\/td><td>&nbsp;<\/td><td>1:39.081<\/td><td>+1.267<\/td><\/tr><tr><td>8<\/td><td>N DE VRIES<\/td><td>Mercedes<\/td><td>&nbsp;<\/td><td>1:39.162<\/td><td>+0.597<\/td><\/tr><tr><td>9<\/td><td>P WEHRLEIN<\/td><td>Porsche<\/td><td>&nbsp;<\/td><td>1:39.241<\/td><td>+0.678<\/td><\/tr><tr><td>10<\/td><td>S BUEMI<\/td><td>Nissan<\/td><td>&nbsp;<\/td><td>1:39.348<\/td><td>+0.757<\/td><\/tr><tr><td>11<\/td><td>S BIRD<\/td><td>Jaguar<\/td><td>&nbsp;<\/td><td>1:39.443<\/td><td>+0.864<\/td><\/tr><tr><td>12<\/td><td>M EVANS<\/td><td>Jaguar<\/td><td>&nbsp;<\/td><td>1:39.654<\/td><td>+1.170<\/td><\/tr><tr><td>13<\/td><td>A LYNN<\/td><td>Mahindra<\/td><td>&nbsp;<\/td><td>1:39.743<\/td><td>+1.259<\/td><\/tr><tr><td>14<\/td><td>N NATO<\/td><td>Venturi Mercedes<\/td><td>&nbsp;<\/td><td>1:39.762<\/td><td>+1.278<\/td><\/tr><tr><td>15<\/td><td>A SIMS<\/td><td>Mahindra<\/td><td>&nbsp;<\/td><td>1:39.829<\/td><td>+1.345<\/td><\/tr><tr><td>16<\/td><td>S. SETTE C\u00c2MARA<\/td><td>Dragon Penske<\/td><td>&nbsp;<\/td><td>1:39.943<\/td><td>+1.459<\/td><\/tr><tr><td>17<\/td><td>N M\u00dcLLER<\/td><td>Dragon Penske<\/td><td>&nbsp;<\/td><td>1:40.057<\/td><td>+1.573<\/td><\/tr><tr><td>18<\/td><td>A.F DA COSTA<\/td><td>DS Techeetah<\/td><td>&nbsp;<\/td><td>1:40.079<\/td><td>+1.595<\/td><\/tr><tr><td>19<\/td><td>T BLOMQVIST<\/td><td>NIO<\/td><td>&nbsp;<\/td><td>1:40.120<\/td><td>+1.636<\/td><\/tr><tr><td>20<\/td><td>J DENNIS<\/td><td>BMW<\/td><td>&nbsp;<\/td><td>1:40.456<\/td><td>+1.972<\/td><\/tr><tr><td>21<\/td><td>R RAST<\/td><td>Audi<\/td><td>&nbsp;<\/td><td>1:48.022<\/td><td>+9.538<\/td><\/tr><tr><td>23<\/td><td>E MORTARA<\/td><td>Venturi Mercedes<\/td><td>&nbsp;<\/td><td>1:52.081<\/td><td>+13.597<\/td><\/tr><tr><td>23<\/td><td>N CASSIDY<\/td><td>Virgin Audi<\/td><td>&nbsp;<\/td><td>&nbsp;<\/td><td><\/td><\/tr><tr><td>24<\/td><td>O TURVEY<\/td><td>NIO<\/td><td>&nbsp;<\/td><td>&nbsp;<\/td><td><\/td><\/tr><\/tbody><\/table><\/figure>\n\n\n\n<figure class=\"wp-block-embed is-type-video is-provider-youtube wp-block-embed-youtube wp-embed-aspect-16-9 wp-has-aspect-ratio\"><div class=\"wp-block-embed__wrapper\">\n<iframe loading=\"lazy\" title=\"F1 2021: VETTEL \u00c9 &amp;apos;ANIMAL DIFERENTE&amp;apos; E INTERESSANTE MESMO EM M\u00c1 FASE | GP \u00c0S 10\" width=\"500\" height=\"281\" src=\"https:\/\/www.youtube.com\/embed\/x5A97zKJ6Hw?feature=oembed\" frameborder=\"0\" allow=\"accelerometer; autoplay; clipboard-write; encrypted-media; gyroscope; picture-in-picture; web-share\" referrerpolicy=\"strict-origin-when-cross-origin\" allowfullscreen><\/iframe>\n<\/div><\/figure>\n","protected":false},"excerpt":{"rendered":"<p>A F\u00f3rmula E fez seu terceiro treino de classifica\u00e7\u00e3o em 2021, agora em Roma, e teve briga at\u00e9 o \u00faltimo instante. No fim das contas, pole ficou com Stoffel Vandoorne<\/p>\n","protected":false},"author":0,"featured_media":1000462296,"comment_status":"closed","ping_status":"closed","sticky":false,"template":"","format":"standard","meta":{"42wp_featured_image_caption":"","42wp_featured_image_credits":"","42wp_featured_video":"","42wp_featured_image_hidden":false,"42wp_authors_list":[],"footnotes":""},"categories":[19],"tags":[5378,26482,27535,25158,966,82,25527,967],"42wp_author":[47120],"class_list":["post-122261","post","type-post","status-publish","format-standard","has-post-thumbnail","hentry","category-formula-e","tag-ep-de-roma","tag-fe-2021","tag-formula-e-2021-2","tag-formula-e-2021","tag-lucas-di-grassi","tag-mercedes","tag-sergio-sette-camara-2","tag-stoffel-vandoorne","42wp_author-pedro-henrique-marum"],"_links":{"self":[{"href":"https:\/\/grandepremio.com\/br\/wp-json\/wp\/v2\/posts\/122261","targetHints":{"allow":["GET"]}}],"collection":[{"href":"https:\/\/grandepremio.com\/br\/wp-json\/wp\/v2\/posts"}],"about":[{"href":"https:\/\/grandepremio.com\/br\/wp-json\/wp\/v2\/types\/post"}],"replies":[{"embeddable":true,"href":"https:\/\/grandepremio.com\/br\/wp-json\/wp\/v2\/comments?post=122261"}],"version-history":[{"count":0,"href":"https:\/\/grandepremio.com\/br\/wp-json\/wp\/v2\/posts\/122261\/revisions"}],"wp:featuredmedia":[{"embeddable":true,"href":"https:\/\/grandepremio.com\/br\/wp-json\/wp\/v2\/media\/1000462296"}],"wp:attachment":[{"href":"https:\/\/grandepremio.com\/br\/wp-json\/wp\/v2\/media?parent=122261"}],"wp:term":[{"taxonomy":"category","embeddable":true,"href":"https:\/\/grandepremio.com\/br\/wp-json\/wp\/v2\/categories?post=122261"},{"taxonomy":"post_tag","embeddable":true,"href":"https:\/\/grandepremio.com\/br\/wp-json\/wp\/v2\/tags?post=122261"},{"taxonomy":"42wp_author","embeddable":true,"href":"https:\/\/grandepremio.com\/br\/wp-json\/wp\/v2\/42wp_author?post=122261"}],"curies":[{"name":"wp","href":"https:\/\/api.w.org\/{rel}","templated":true}]}}