{"id":122262,"date":"2021-04-10T07:01:00","date_gmt":"2021-04-10T10:01:00","guid":{"rendered":"https:\/\/grandepremio.com\/br\/noticias\/lucas-di-grassi-maximilian-guenter-lideram-treinos-livres-manha-marcada-acidente-roma\/"},"modified":"2021-04-10T08:45:04","modified_gmt":"2021-04-10T11:45:04","slug":"lucas-di-grassi-maximilian-guenter-lideram-treinos-livres-manha-marcada-acidente-roma","status":"publish","type":"post","link":"https:\/\/grandepremio.com\/br\/formula-e\/lucas-di-grassi-maximilian-guenter-lideram-treinos-livres-manha-marcada-acidente-roma\/","title":{"rendered":"Di Grassi e G\u00fcnther lideram treinos livres em manh\u00e3 marcada por acidente em Roma"},"content":{"rendered":"\n<figure class=\"wp-block-video\"><video class=\"video-js vjs-big-play-centered\" data-gp-vjs=\"1\" controls src=\"https:\/\/www.grandepremio.com\/br\/wp-content\/uploads\/2021\/04\/y7vq6lQxB9k_r3Ng.mp4\"><\/video><figcaption>Rinus VeeKay bate forte no primeiro dia de testes coletivos da Indy em Indian\u00e1polis (V\u00eddeo: IndyCar)<\/figcaption><\/figure>\n\n\n\n<p class=\"wp-block-paragraph\">O dia da terceira corrida da F\u00f3rmula E na temporada 2021, este s\u00e1bado (10) come\u00e7ou com um acidente daqueles em Roma. Uma batida forte entre Oliver Turvey, Jean-\u00c9ric Vergne e Jake Dennis encerrou primeiro treino livre, liderado por Lucas Di Grassi. A segunda sess\u00e3o foi bem curta e terminou com Maximilian G\u00fcnther na dianteira ap\u00f3s bandeira vermelha de 40 minutos.<\/p>\n\n\n\n<p class=\"wp-block-paragraph\"><strong><strong>Conhe\u00e7a o canal do Grande Pr\u00eamio no&nbsp;<a href=\"https:\/\/www.youtube.com\/GrandePremioTV\">YouTube<\/a>.<br>Siga o Grande Pr\u00eamio no&nbsp;<a rel=\"noreferrer noopener\" href=\"https:\/\/twitter.com\/grandepremio\" target=\"_blank\">Twitter&nbsp;<\/a>e no&nbsp;<a rel=\"noreferrer noopener\" href=\"https:\/\/instagram.com\/grandepremio\" target=\"_blank\">Instagram<\/a>.<\/strong><\/strong><\/p>\n\n\n\n<p class=\"wp-block-paragraph\">No retorno \u00e0 capital italiana ap\u00f3s dois anos, numa pista modificada, a F\u00f3rmula E caminhava com certa tranquilidade no treino realizado no come\u00e7o da madrugada brasileira, cedo na manh\u00e3 romana. Com 9min para o fim, Tom Blomqvist acertou o muro e causou a primeira bandeira vermelha.<\/p>\n\n\n\n<p class=\"wp-block-paragraph\">Ap\u00f3s a sess\u00e3o ser retomada, Lucas Di Grassi aproveitou para cravar 1min38s785 e desbancar o l\u00edder Oliver Rowland. O piloto da Nissan, inclusive, foi caindo at\u00e9 o oitavo lugar. O top-10 foi formado por Di Grassi, Stoffel Vandoorne, Robin Frijns, S\u00e9rgio Sette C\u00e2mara, Norman Nato, Nick Cassidy, Sam Bird, Rowland, Dennis e Mitch Evans.<\/p>\n\n\n\n<figure class=\"wp-block-image size-large\"><img decoding=\"async\" src=\"https:\/\/www.grandepremio.com\/br\/wp-content\/uploads\/2021\/04\/GPF1-1024x576.jpg\" alt=\"\" class=\"wp-image-462288\"\/><figcaption>O forte acidente do TL1 (Foto: Reprodu\u00e7\u00e3o\/Twitter)<\/figcaption><\/figure>\n\n\n\n<p class=\"wp-block-paragraph\">A sess\u00e3o j\u00e1 havia essencialmente chegado ao fim e os pilotos ajustavam procedimentos de largada quando Turvey completava uma volta lan\u00e7ada e acertou Vergne e Dennis. O acidente foi forte e num ponto cego da pista. Os tr\u00eas sa\u00edram de seus carros sem maiores problemas.<\/p>\n\n\n\n<p class=\"wp-block-paragraph\">&#8220;\u00c9 a primeira vez que eu bato sem saber o que estava acontecendo. O cara veio em velocidade normal, sem frear, e me acertou. O bom \u00e9 que n\u00e3o deu tempo de me assustar&#8221;, afirmou Vergne depois da batida.<\/p>\n\n\n\n<p class=\"wp-block-paragraph\">Os quatro carros que se envolveram em acidentes no TL1 ficaram fora do TL2 e correm contra o tempo para conseguirem entrar na classifica\u00e7\u00e3o. Problemas sobretudo para a NIO, que perdeu os dois b\u00f3lidos.<\/p>\n\n\n\n<figure class=\"wp-block-image size-large\"><img decoding=\"async\" src=\"https:\/\/www.grandepremio.com\/br\/wp-content\/uploads\/2021\/04\/GPF2-1-1024x576.jpg\" alt=\"\" class=\"wp-image-462290\"\/><figcaption>Maximilian G\u00fcnther liderou o TL2 (Foto: BMW)<\/figcaption><\/figure>\n\n\n\n<p class=\"wp-block-paragraph\">Mas o segundo treino livre foi ainda mais atrapalhado. A sess\u00e3o de 30 minutos acabou tendo menos da metade de atividade, com uma das zebras m\u00f3veis quebrando e for\u00e7ando a necessidade de reparos ap\u00f3s 13 minutos. A organiza\u00e7\u00e3o interrompeu, parou por cerca de 40 minutos com a inten\u00e7\u00e3o de retomar a atividade, mas capitulou.<\/p>\n\n\n\n<p class=\"wp-block-paragraph\">O mais r\u00e1pido foi Maximilian G\u00fcnther, com 1min39s517. Al\u00e9m dele, o top-10 contou com Nyck de Vries, Stoffel Vandoorne, Oliver Rowland, Nico M\u00fcller, Nick Cassidy, Mitch Evans, Pascal Wehrlein, Sam Bird e Ant\u00f3nio F\u00e9lix da Costa. Lucas Di Grassi e S\u00e9rgio Sette C\u00e2mara foram, respectivamente, 12\u00ba e 13\u00ba colocados.<\/p>\n\n\n\n<p class=\"wp-block-paragraph\">O treino de classifica\u00e7\u00e3o fica para as 7h (de Bras\u00edlia).<\/p>\n\n\n\n<figure class=\"wp-block-embed is-type-video is-provider-youtube wp-block-embed-youtube wp-embed-aspect-16-9 wp-has-aspect-ratio\"><div class=\"wp-block-embed__wrapper\">\n<iframe loading=\"lazy\" title=\"F1 2021: VETTEL \u00c9 &amp;apos;ANIMAL DIFERENTE&amp;apos; E INTERESSANTE MESMO EM M\u00c1 FASE | GP \u00c0S 10\" width=\"500\" height=\"281\" src=\"https:\/\/www.youtube.com\/embed\/x5A97zKJ6Hw?feature=oembed\" frameborder=\"0\" allow=\"accelerometer; autoplay; clipboard-write; encrypted-media; gyroscope; picture-in-picture; web-share\" referrerpolicy=\"strict-origin-when-cross-origin\" allowfullscreen><\/iframe>\n<\/div><\/figure>\n","protected":false},"excerpt":{"rendered":"<p>Batida de Oliver Turvey em Jean-\u00c9ric Vergne e Jake Dennis marcou, mas Lucas Di Grassi e Maximilian G\u00fcnther pontearam dos treinos da F\u00f3rmula E<\/p>\n","protected":false},"author":0,"featured_media":1000462289,"comment_status":"closed","ping_status":"closed","sticky":false,"template":"","format":"standard","meta":{"42wp_featured_image_caption":"","42wp_featured_image_credits":"","42wp_featured_video":"","42wp_featured_image_hidden":false,"42wp_authors_list":[],"footnotes":""},"categories":[19],"tags":[487,970,5378,26482,25158,25070,966],"42wp_author":[47120],"class_list":["post-122262","post","type-post","status-publish","format-standard","has-post-thumbnail","hentry","category-formula-e","tag-acidente","tag-audi","tag-ep-de-roma","tag-fe-2021","tag-formula-e-2021","tag-italia-2","tag-lucas-di-grassi","42wp_author-pedro-henrique-marum"],"_links":{"self":[{"href":"https:\/\/grandepremio.com\/br\/wp-json\/wp\/v2\/posts\/122262","targetHints":{"allow":["GET"]}}],"collection":[{"href":"https:\/\/grandepremio.com\/br\/wp-json\/wp\/v2\/posts"}],"about":[{"href":"https:\/\/grandepremio.com\/br\/wp-json\/wp\/v2\/types\/post"}],"replies":[{"embeddable":true,"href":"https:\/\/grandepremio.com\/br\/wp-json\/wp\/v2\/comments?post=122262"}],"version-history":[{"count":0,"href":"https:\/\/grandepremio.com\/br\/wp-json\/wp\/v2\/posts\/122262\/revisions"}],"wp:featuredmedia":[{"embeddable":true,"href":"https:\/\/grandepremio.com\/br\/wp-json\/wp\/v2\/media\/1000462289"}],"wp:attachment":[{"href":"https:\/\/grandepremio.com\/br\/wp-json\/wp\/v2\/media?parent=122262"}],"wp:term":[{"taxonomy":"category","embeddable":true,"href":"https:\/\/grandepremio.com\/br\/wp-json\/wp\/v2\/categories?post=122262"},{"taxonomy":"post_tag","embeddable":true,"href":"https:\/\/grandepremio.com\/br\/wp-json\/wp\/v2\/tags?post=122262"},{"taxonomy":"42wp_author","embeddable":true,"href":"https:\/\/grandepremio.com\/br\/wp-json\/wp\/v2\/42wp_author?post=122262"}],"curies":[{"name":"wp","href":"https:\/\/api.w.org\/{rel}","templated":true}]}}