{"id":122270,"date":"2021-04-09T13:36:14","date_gmt":"2021-04-09T16:36:14","guid":{"rendered":"https:\/\/grandepremio.com\/br\/noticias\/ferrari-charles-leclerc-carro-primeiras-vitorias-formula-1\/"},"modified":"2021-04-09T13:36:23","modified_gmt":"2021-04-09T16:36:23","slug":"ferrari-charles-leclerc-carro-primeiras-vitorias-formula-1","status":"publish","type":"post","link":"https:\/\/grandepremio.com\/br\/f1\/ferrari-charles-leclerc-carro-primeiras-vitorias-formula-1\/","title":{"rendered":"Ferrari presenteia Leclerc com carro de primeiras vit\u00f3rias na F\u00f3rmula 1"},"content":{"rendered":"\n<figure class=\"wp-block-video\"><video class=\"video-js vjs-big-play-centered\" data-gp-vjs=\"1\" controls src=\"https:\/\/www.grandepremio.com\/br\/wp-content\/uploads\/l-videos\/2021-03-28_F1_GPBahrein_domingo_editado.mp4\"><\/video><figcaption>Hamilton vence na estrat\u00e9gia e pega Verstappen: assista como foi o GP do Bahrein (V\u00eddeo: GRANDE PR\u00caMIO com Reuters)<\/figcaption><\/figure>\n\n\n\n<p class=\"wp-block-paragraph\">A Ferrari deu um presente para l\u00e1 de especial ao monegasco Charles Leclerc. A equipe de Maranello deu a SF90 com a qual conquistou suas \u00fanicas vit\u00f3rias na F\u00f3rmula 1, registradas nos GPs da B\u00e9lgica e da It\u00e1lia de 2019.<\/p>\n\n\n\n<p class=\"wp-block-paragraph\">Leclerc compartilhou a foto do presente nas redes sociais. O carro vem com a unidade de pot\u00eancia h\u00edbrida da Ferrari e \u00e9 praticamente preparado para corrida, mas precisa de um grupo de engenheiros para oper\u00e1-lo.<\/p>\n\n\n\n<p class=\"wp-block-paragraph\"><strong>Conhe\u00e7a o canal do Grande Pr\u00eamio no YouTube! Clique\u00a0<a target=\"_blank\" href=\"https:\/\/youtube.com\/GrandePremioTV\" rel=\"noreferrer noopener\">aqui<\/a>.<\/strong><br><strong>Siga o Grande Pr\u00eamio no\u00a0<a target=\"_blank\" href=\"https:\/\/twitter.com\/grandepremio\" rel=\"noreferrer noopener\">Twitter\u00a0<\/a>e no\u00a0<a target=\"_blank\" href=\"https:\/\/instagram.com\/grandepremio\" rel=\"noreferrer noopener\">Instagram<\/a>!<\/strong><br><strong>WEB STORIES:\u00a0<a href=\"https:\/\/www.grandepremio.com\/br\/web-stories\/f1\/por-quem-toto-wolff-chefe-mercedes-perdeu-respeito-na-formula-1\/\">Por quem Toto Wolff perdeu o respeito?<\/a><\/strong><\/p>\n\n\n\n<figure class=\"wp-block-image\"><img decoding=\"async\" src=\"https:\/\/pbs.twimg.com\/media\/Eyib9aPXIAgC7to?format=jpg&amp;name=large\" alt=\"Imagem\"\/><figcaption>O presente que Leclerc ganhou da Ferrari (Foto: Reprodu\u00e7\u00e3o\/Instagram)<\/figcaption><\/figure>\n\n\n\n<p class=\"wp-block-paragraph\">N\u00e3o \u00e9 a primeira vez nos \u00faltimos tempos que a Ferrari presenteia um piloto com um carro vitorioso. Em 2020, a <a href=\"https:\/\/www.grandepremio.com\/br\/f1\/noticias\/foto-raikkonen-e-presenteado-pela-ferrari-com-carro-de-ultima-vitoria-na-f1\/\">equipe enviou a SF71H com a <\/a>qual Kimi R\u00e4ikk\u00f6nen venceu o GP dos Estados Unidos de 2018, sua \u00faltima vit\u00f3ria na F\u00f3rmula 1. O finland\u00eas \u00e9 o mais recente campe\u00e3o mundial pela Scuderia.<\/p>\n\n\n\n<p class=\"wp-block-paragraph\">As vit\u00f3rias de Leclerc na F\u00f3rmula 1 ocorreram em um espa\u00e7o de duas semanas. Na B\u00e9lgica, largou da pole-position e superou a press\u00e3o de Lewis Hamilton para vencer no mesmo fim de semana da morte do amigo Anthoine Hubert. Na It\u00e1lia, tamb\u00e9m lidou com a Mercedes na cola, mas o motor falou mais alto e venceu na frente da tifosi.<\/p>\n\n\n\n<p class=\"wp-block-paragraph\">Charles iniciou a temporada 2021 da F1 com o sexto lugar no GP do Bahrein. A pr\u00f3xima etapa do Mundial \u00e9 o GP da Em\u00edlia-Romanha, que acontece em 18 de abril, em \u00cdmola.<\/p>\n\n\n\n<figure class=\"wp-block-embed is-type-video is-provider-youtube wp-block-embed-youtube wp-embed-aspect-16-9 wp-has-aspect-ratio\"><div class=\"wp-block-embed__wrapper\">\n<iframe loading=\"lazy\" title=\"F1 2021: VETTEL \u00c9 &amp;apos;ANIMAL DIFERENTE&amp;apos; E INTERESSANTE MESMO EM M\u00c1 FASE | GP \u00c0S 10\" width=\"500\" height=\"281\" src=\"https:\/\/www.youtube.com\/embed\/x5A97zKJ6Hw?start=219&amp;feature=oembed\" frameborder=\"0\" allow=\"accelerometer; autoplay; clipboard-write; encrypted-media; gyroscope; picture-in-picture; web-share\" referrerpolicy=\"strict-origin-when-cross-origin\" allowfullscreen><\/iframe>\n<\/div><\/figure>\n\n\n\n<p class=\"wp-block-paragraph\"><\/p>\n","protected":false},"excerpt":{"rendered":"<p>Assim como Kimi R\u00e4ikk\u00f6nen em 2020, Charles Leclerc recebeu de presente a Ferrari de suas vit\u00f3rias mais recentes na F\u00f3rmula 1. Piloto monegasco guiou a SF90 em triunfos na B\u00e9lgica e na It\u00e1lia<\/p>\n","protected":false},"author":0,"featured_media":1000462230,"comment_status":"closed","ping_status":"closed","sticky":false,"template":"","format":"standard","meta":{"42wp_featured_image_caption":"","42wp_featured_image_credits":"","42wp_featured_video":"","42wp_featured_image_hidden":false,"42wp_authors_list":[],"footnotes":""},"categories":[2],"tags":[209,147,84,207,25536,1047],"42wp_author":[47119],"class_list":["post-122270","post","type-post","status-publish","format-standard","has-post-thumbnail","hentry","category-f1","tag-charles-leclerc","tag-f1","tag-f1-2019","tag-ferrari","tag-formula-1-2021-2","tag-sf90","42wp_author-gabriel-carvalho"],"_links":{"self":[{"href":"https:\/\/grandepremio.com\/br\/wp-json\/wp\/v2\/posts\/122270","targetHints":{"allow":["GET"]}}],"collection":[{"href":"https:\/\/grandepremio.com\/br\/wp-json\/wp\/v2\/posts"}],"about":[{"href":"https:\/\/grandepremio.com\/br\/wp-json\/wp\/v2\/types\/post"}],"replies":[{"embeddable":true,"href":"https:\/\/grandepremio.com\/br\/wp-json\/wp\/v2\/comments?post=122270"}],"version-history":[{"count":0,"href":"https:\/\/grandepremio.com\/br\/wp-json\/wp\/v2\/posts\/122270\/revisions"}],"wp:featuredmedia":[{"embeddable":true,"href":"https:\/\/grandepremio.com\/br\/wp-json\/wp\/v2\/media\/1000462230"}],"wp:attachment":[{"href":"https:\/\/grandepremio.com\/br\/wp-json\/wp\/v2\/media?parent=122270"}],"wp:term":[{"taxonomy":"category","embeddable":true,"href":"https:\/\/grandepremio.com\/br\/wp-json\/wp\/v2\/categories?post=122270"},{"taxonomy":"post_tag","embeddable":true,"href":"https:\/\/grandepremio.com\/br\/wp-json\/wp\/v2\/tags?post=122270"},{"taxonomy":"42wp_author","embeddable":true,"href":"https:\/\/grandepremio.com\/br\/wp-json\/wp\/v2\/42wp_author?post=122270"}],"curies":[{"name":"wp","href":"https:\/\/api.w.org\/{rel}","templated":true}]}}