{"id":122281,"date":"2021-04-09T09:25:56","date_gmt":"2021-04-09T12:25:56","guid":{"rendered":"https:\/\/grandepremio.com\/br\/noticias\/motogp-visita-obra-enquanto-onu-denuncia-violacoes-construcao-mandalika\/"},"modified":"2021-04-09T09:26:04","modified_gmt":"2021-04-09T12:26:04","slug":"motogp-visita-obra-enquanto-onu-denuncia-violacoes-construcao-mandalika","status":"publish","type":"post","link":"https:\/\/grandepremio.com\/br\/motogp\/motogp-visita-obra-enquanto-onu-denuncia-violacoes-construcao-mandalika\/","title":{"rendered":"MotoGP visita obra enquanto ONU denuncia viola\u00e7\u00f5es na constru\u00e7\u00e3o de Mandalika"},"content":{"rendered":"\n<figure class=\"wp-block-video\"><video class=\"video-js vjs-big-play-centered\" data-gp-vjs=\"1\" controls src=\"https:\/\/www.grandepremio.com\/br\/wp-content\/uploads\/2021\/04\/MandalikaCircuit.mp4\"><\/video><figcaption>A MotoGP divulgou as primeiras imagens do palco do novo GP da Indon\u00e9sia (V\u00eddeo: MotoGP)<\/figcaption><\/figure>\n\n\n\n<p class=\"wp-block-paragraph\">Enquanto a ONU (Organiza\u00e7\u00e3o das Na\u00e7\u00f5es Unidas) denuncia viola\u00e7\u00f5es, a MotoGP inspeciona a constru\u00e7\u00e3o do circuito de Mandalika, futuro palco do GP da Indon\u00e9sia. Circuito urbano j\u00e1 integra o calend\u00e1rio deste ano do Mundial de Superbike e deve entrar na programa\u00e7\u00e3o do Mundial de Superbike no in\u00edcio de 2022.<\/p>\n\n\n\n<p class=\"wp-block-paragraph\">Dias antes da visita de Franco Uncini, comiss\u00e1rio de seguran\u00e7a da FIM (Federa\u00e7\u00e3o Internacional de Motociclismo), Loris Capirossi, representante da Dorna, e Carlos Ezpeleta, diretor da promotora espanhola, a ONU denunciou viola\u00e7\u00f5es aos direitos humanos durante a constru\u00e7\u00e3o do complexo tur\u00edstico em Lombok que abriga a pista.<\/p>\n\n\n\n<p class=\"wp-block-paragraph\">No \u00faltimo dia 31, especialistas em direitos humanos pediram que o governo indon\u00e9sio \u201crespeite os direitos humanos e o estado de direito em meio a relatos de que um projeto tur\u00edstico de US$ 3 bilh\u00f5es [cerca de R$ 16,8 bilh\u00f5es] na ilha de Lombok envolveu agressivas apropria\u00e7\u00f5es de terra, despejos for\u00e7ados do povo ind\u00edgena Sasak e intimida\u00e7\u00e3o e amea\u00e7as contra defensores de direitos humanos\u201d.<\/p>\n\n\n\n<figure class=\"wp-block-image size-large\"><img decoding=\"async\" src=\"https:\/\/www.grandepremio.com\/br\/wp-content\/uploads\/2021\/04\/ec3b0629-1ab4-4fd8-b48f-ef402fc52c99-1024x576.jpg\" alt=\"\" class=\"wp-image-462126\"\/><figcaption>MotoGP inspecionou a constru\u00e7\u00e3o do tra\u00e7ado de Mandalika (Foto: Divulga\u00e7\u00e3o\/MotoGP)<\/figcaption><\/figure>\n\n\n\n<p class=\"wp-block-paragraph\"><strong><strong>Conhe\u00e7a o canal do Grande Pr\u00eamio no\u00a0<a href=\"https:\/\/www.youtube.com\/GrandePremioTV\">YouTube<\/a>.<br>Siga o Grande Pr\u00eamio no\u00a0<a rel=\"noreferrer noopener\" href=\"https:\/\/twitter.com\/grandepremio\" target=\"_blank\">Twitter\u00a0<\/a>e no\u00a0<a rel=\"noreferrer noopener\" href=\"https:\/\/instagram.com\/grandepremio\" target=\"_blank\">Instagram<\/a>.<\/strong><\/strong><\/p>\n\n\n\n<p class=\"wp-block-paragraph\">\u201cAgricultores e pescadores foram expulsos de suas terras e suportaram a destrui\u00e7\u00e3o de suas casas, campos, fontes de \u00e1gua, locais culturais e religiosos, enquanto o governo da Indon\u00e9sia e a ITDC (Corpora\u00e7\u00e3o para o Desenvolvimento do Turismo na Indon\u00e9sia) preparam Mandalika para se tornar uma \u2018nova Bali\u2019\u201d, disse Olivier De Schutter, relator especial da ONU sobre pobreza extrema e direitos humanos. \u201cFontes confi\u00e1veis descobriram que os residentes locais foram submetidos a amea\u00e7as e intimida\u00e7\u00f5es e expulsos \u00e0 for\u00e7a de suas terras sem compensa\u00e7\u00e3o. Apesar dessas descobertas, a ITDC n\u00e3o buscou pagar indeniza\u00e7\u00f5es ou resolver as disputas por terra\u201d, seguiu.<\/p>\n\n\n\n<p class=\"wp-block-paragraph\">A den\u00fancia da ONU destaca que completo tur\u00edstico \u00e9 financiado pelo Banco Asi\u00e1tico de Investimentos em Infraestrutura (AIIB) e atraiu mais de US$ 1 bilh\u00e3o [aproximadamente R$ 5,6 bilh\u00f5es] em investimentos de empresas privadas para construir, al\u00e9m do circuito, parques, hot\u00e9is e resorts de luxo.<\/p>\n\n\n\n<p class=\"wp-block-paragraph\">\u201c\u00c0 luz da hist\u00f3ria sombria de viola\u00e7\u00f5es dos direitos humanos e grilagem de terras na regi\u00e3o, o AIIB e as empresas n\u00e3o podem olhar para o outro lado e continuar seus neg\u00f3cios normalmente. Seu fracasso em prevenir e tratar riscos de abusos aos direitos humanos equivale a ser c\u00famplice de tais abusos\u201d, denunciou De Schutter. \u201cO projeto Mandalika coloca \u00e0 prova os louv\u00e1veis compromissos da Indon\u00e9sia com os Objetivos de Desenvolvimento Sustent\u00e1vel e suas obriga\u00e7\u00f5es de direitos humanos subjacentes. O desenvolvimento do turismo em grande escala que atropela os direitos humanos \u00e9 fundamentalmente incompat\u00edvel com o conceito de desenvolvimento sustent\u00e1vel\u201d, frisou.<\/p>\n\n\n\n<p class=\"wp-block-paragraph\">\u201cJ\u00e1 acabou o tempo de que circuitos de corrida e grandes projetos de infraestrutura tur\u00edstica transnacional que beneficiem um punhado de atores econ\u00f4micos e n\u00e3o a popula\u00e7\u00e3o como um todo. As economias p\u00f3s-Covid devem se concentrar no empoderamento de comunidades locais, melhorando seus meios de subsist\u00eancia e participa\u00e7\u00e3o na tomada de decis\u00f5es. Instamos o governo indon\u00e9sio a garantir que o ITDC respeite os direitos humanos e o estado de direito, bem como o AIIB e as empresas privadas a n\u00e3o financiarem ou se envolverem em projetos que contribuam para viola\u00e7\u00f5es e abusos dos direitos humanos\u201d, insistiu.<\/p>\n\n\n\n<p class=\"wp-block-paragraph\">O pedido da ONU foi enviado ao governo indon\u00e9sio, mas tamb\u00e9m ao ITDC, ao AIIB e a empresas privadas como a Dorna Sports, al\u00e9m de seus pa\u00edses de origem.<\/p>\n\n\n\n<p class=\"wp-block-paragraph\">A promotora espanhola, por\u00e9m, n\u00e3o se manifestou publicamente sobre o assunto e ainda enviou representantes junto a uma comitiva da FIM para inspecionar o circuito na \u00faltima quarta-feira (7).<\/p>\n\n\n\n<p class=\"wp-block-paragraph\">O tra\u00e7ado de Mandalika j\u00e1 consta no calend\u00e1rio do Mundial de Superbike deste ano, com uma etapa prevista para 14 de novembro. No entanto, a corrida da MotoGP foi adiada para 2022 por conta dos efeitos da pandemia do novo coronav\u00edrus.<\/p>\n\n\n\n<p class=\"wp-block-paragraph\">\u201cA visita a Lombok foi muito bem sucedida e podemos confirmar que o Circuito Urbano Internacional de Mandalika ser\u00e1 uma das pra\u00e7as mais importantes do calend\u00e1rio no futuro\u201d, disse Carlos Ezpeleta. \u201cTamb\u00e9m sabemos que os f\u00e3s indon\u00e9sios v\u00e3o comparecer em peso e o GP ser\u00e1 um dos mais ic\u00f4nicos da temporada. A Indon\u00e9sia \u00e9 um mercado chave, n\u00e3o s\u00f3 para a Dorna, mas para acionistas\u2013chave do campeonato\u201d, sublinhou.<\/p>\n\n\n\n<p class=\"wp-block-paragraph\">Ministro de Empresas Estatais da Indon\u00e9sia, Erick Thohir assegurou que a chegada da MotoGP j\u00e1 est\u00e1 alinhada ao programa nacional de vacina\u00e7\u00e3o contra a Covid-19. De acordo com a OMS (Organiza\u00e7\u00e3o Mundial da Sa\u00fade), a Indon\u00e9sia soma 1.552.880 casos de Covid-19, com 42.227 mortes. At\u00e9 7 de abril, 13.751.130 doses de vacina tinham sido aplicadas em um pa\u00eds de 270,6 milh\u00f5es de pessoas.<\/p>\n\n\n\n<p class=\"wp-block-paragraph\">\u201cApoio completamente a realiza\u00e7\u00e3o do evento da MotoGP em mar\u00e7o de 2022. Isso est\u00e1 alinhado ao acelerado programa nacional de vacina\u00e7\u00e3o do governo da Indon\u00e9sia. Queremos garantir a seguran\u00e7a de visitantes nacionais e internacionais\u201d, declarou Thohir.<\/p>\n\n\n\n<p class=\"wp-block-paragraph\">Diretor do ITDC, Abdulbar M. Mansoer agradeceu FIM e Dorna pela inspe\u00e7\u00e3o e garantiu que o governo local est\u00e1 empenhado em completar a constru\u00e7\u00e3o do circuito.<\/p>\n\n\n\n<p class=\"wp-block-paragraph\">\u201cAgradecemos a FIM e a Dorna por virem fazer uma inspe\u00e7\u00e3o t\u00e9cnica que correu bem e correspondeu \u00e0s expectativas deles. Sabendo firmemente o m\u00eas do evento da MotoGP, garantimos que estamos focados em completar o projeto de desenvolvimento do Circuito Urbano Internacional de Mandalika, enquanto tamb\u00e9m maximizamos o valor que este esporte mundial tem a oferecer\u201d, completou.<\/p>\n\n\n\n<p class=\"wp-block-paragraph\">Antes da den\u00fancia da ONU, moradores locais j\u00e1 tinham denunciado viola\u00e7\u00f5es pelas redes sociais, inclusive pedindo a ajuda dos pilotos.<\/p>\n\n\n\n<p class=\"wp-block-paragraph\"><strong>LEIA TAMB\u00c9M<\/strong><br>\u21dd\u00a0<strong><a href=\"https:\/\/www.grandepremio.com\/br\/motogp\/noticias\/serie-drive-to-survive-impulso-necessario-expansao-motogp\/\" target=\"_blank\" rel=\"noreferrer noopener\">S\u00e9rie \u00e0 la \u2018Drive to Survive\u2019 \u00e9 impulso necess\u00e1rio para expans\u00e3o da\u00a0MotoGP<\/a><\/strong><br>\u21dd\u00a0<strong><a href=\"https:\/\/www.grandepremio.com\/br\/web-stories\/motogp\/pedro-acosta-nova-perola-mundial-motovelocidade\/\" target=\"_blank\" rel=\"noreferrer noopener\">WEB STORIE \u2013 Pedro Acosta: a nova p\u00e9rola do Mundial de\u00a0<\/a><a href=\"https:\/\/www.grandepremio.com\/br\/motogp\/\" target=\"_blank\" rel=\"noreferrer noopener\">Motovelocidade<\/a><\/strong><br>\u21dd\u00a0<strong><a href=\"https:\/\/www.grandepremio.com\/br\/motogp\/noticias\/johann-zarco-acerta-confiar-ducati-da-volta-cima-apos-saida-tumultuada-ktm\/\" target=\"_blank\" rel=\"noreferrer noopener\">Zarco acerta ao confiar na Ducati e d\u00e1 volta por cima ap\u00f3s sa\u00edda tumultuada da KTM<\/a><\/strong><br>\u21dd\u00a0<strong><a href=\"https:\/\/www.grandepremio.com\/br\/motogp\/noticias\/jack-miller-sucumbe-pressao-derrete-favoritismo-rodada-dupla-motogp-catar\/\" target=\"_blank\" rel=\"noreferrer noopener\">Miller sucumbe \u00e0 press\u00e3o e derrete favoritismo em rodada dupla da MotoGP no Catar<\/a><\/strong><br>\u21dd\u00a0<strong><a href=\"https:\/\/www.grandepremio.com\/br\/motogp\/noticias\/pol-espargaro-comeca-oscilante-deixa-honda-longe-yamaha-ducati-suzuki-catar\/\" target=\"_blank\" rel=\"noreferrer noopener\">Pol Espargar\u00f3\u00a0come\u00e7a oscilante e deixa Honda longe de Yamaha, Ducati e Suzuki no Catar<\/a><\/strong><br>\u21dd <strong><a href=\"https:\/\/www.grandepremio.com\/br\/motogp\/noticias\/novo-marc-marquez-pedro-acosta-encanta-catar-ganha-protagonismo-moto3\/\" target=\"_blank\" rel=\"noreferrer noopener\">Novo Marc M\u00e1rquez? Acosta encanta no Catar e ganha protagonismo na Moto3<\/a><\/strong><\/p>\n\n\n\n<figure class=\"wp-block-embed is-type-video is-provider-dailymotion wp-block-embed-dailymotion wp-embed-aspect-16-9 wp-has-aspect-ratio\"><div class=\"wp-block-embed__wrapper\">\n<iframe loading=\"lazy\" title=\"MOTOGP SURGE COMPETITIVA COM CL\u00c1SSICOS INSTANT\u00c2NEOS  DO CATAR | GP \u00e0s 10\" frameborder=\"0\" width=\"500\" height=\"281\" src=\"https:\/\/geo.dailymotion.com\/player.html?video=x80epff&#038;\" allowfullscreen allow=\"autoplay; fullscreen; picture-in-picture; web-share\"><\/iframe>\n<\/div><\/figure>\n","protected":false},"excerpt":{"rendered":"<p>Franco Uncini, Loris Capirossi e Carlos Ezpeleta foram inspecionar a constru\u00e7\u00e3o do circuito da Indon\u00e9sia. No fim de mar\u00e7o, a ONU (Organiza\u00e7\u00e3o das Na\u00e7\u00f5es Unidas) pediu que o governo local respeite os direitos humanos na constru\u00e7\u00e3o do complexo tur\u00edstico <\/p>\n","protected":false},"author":0,"featured_media":1000462125,"comment_status":"closed","ping_status":"closed","sticky":false,"template":"","format":"standard","meta":{"42wp_featured_image_caption":"","42wp_featured_image_credits":"","42wp_featured_video":"","42wp_featured_image_hidden":false,"42wp_authors_list":[],"footnotes":""},"categories":[8],"tags":[79,3162,78,490,26999,26690,27001],"42wp_author":[47113],"class_list":["post-122281","post","type-post","status-publish","format-standard","has-post-thumbnail","hentry","category-motogp","tag-moto-gp","tag-moto-gp-2021","tag-motogp","tag-motogp-2021","tag-motogp-calendario-2021","tag-pilotos-motogp","tag-transmissao-motogp-2021","42wp_author-juliana-tesser"],"_links":{"self":[{"href":"https:\/\/grandepremio.com\/br\/wp-json\/wp\/v2\/posts\/122281","targetHints":{"allow":["GET"]}}],"collection":[{"href":"https:\/\/grandepremio.com\/br\/wp-json\/wp\/v2\/posts"}],"about":[{"href":"https:\/\/grandepremio.com\/br\/wp-json\/wp\/v2\/types\/post"}],"replies":[{"embeddable":true,"href":"https:\/\/grandepremio.com\/br\/wp-json\/wp\/v2\/comments?post=122281"}],"version-history":[{"count":0,"href":"https:\/\/grandepremio.com\/br\/wp-json\/wp\/v2\/posts\/122281\/revisions"}],"wp:featuredmedia":[{"embeddable":true,"href":"https:\/\/grandepremio.com\/br\/wp-json\/wp\/v2\/media\/1000462125"}],"wp:attachment":[{"href":"https:\/\/grandepremio.com\/br\/wp-json\/wp\/v2\/media?parent=122281"}],"wp:term":[{"taxonomy":"category","embeddable":true,"href":"https:\/\/grandepremio.com\/br\/wp-json\/wp\/v2\/categories?post=122281"},{"taxonomy":"post_tag","embeddable":true,"href":"https:\/\/grandepremio.com\/br\/wp-json\/wp\/v2\/tags?post=122281"},{"taxonomy":"42wp_author","embeddable":true,"href":"https:\/\/grandepremio.com\/br\/wp-json\/wp\/v2\/42wp_author?post=122281"}],"curies":[{"name":"wp","href":"https:\/\/api.w.org\/{rel}","templated":true}]}}