{"id":122285,"date":"2021-04-09T04:15:00","date_gmt":"2021-04-09T07:15:00","guid":{"rendered":"https:\/\/grandepremio.com\/br\/noticias\/toto-wolff-renovacao-lewis-hamilton-formula-1-2022\/"},"modified":"2021-04-09T06:26:03","modified_gmt":"2021-04-09T09:26:03","slug":"toto-wolff-renovacao-lewis-hamilton-formula-1-2022","status":"publish","type":"post","link":"https:\/\/grandepremio.com\/br\/f1\/toto-wolff-renovacao-lewis-hamilton-formula-1-2022\/","title":{"rendered":"Chefe da Mercedes v\u00ea renova\u00e7\u00e3o com Hamilton como &#8220;l\u00f3gica&#8221; para 2022"},"content":{"rendered":"\n<figure class=\"wp-block-video\"><video class=\"video-js vjs-big-play-centered\" data-gp-vjs=\"1\" controls src=\"https:\/\/www.grandepremio.com\/br\/wp-content\/uploads\/2021\/03\/HamiltonTrackLimits.mp4\"><\/video><figcaption>V\u00eddeo mostra Hamilton excedendo os limites de pista repetidas vezes na curva 4 no Bahrein (V\u00eddeo: Reprodu\u00e7\u00e3o)<\/figcaption><\/figure>\n\n\n\n<p class=\"wp-block-paragraph\">Apesar das especula\u00e7\u00f5es de uma poss\u00edvel sa\u00edda de Lewis Hamilton da Mercedes e da F\u00f3rmula 1 ao fim de 2021, o chefe de equipe, Toto Wolff, n\u00e3o disfar\u00e7ou a vontade de continuar contando com o heptacampe\u00e3o mundial na pr\u00f3xima temporada.\u00a0E na esteira que se tornou a novela da negocia\u00e7\u00e3o do <a href=\"https:\/\/www.grandepremio.com\/br\/f1\/noticias\/mercedes-acaba-com-espera-e-renova-contrato-de-lewis-hamilton-para-temporada-2021\/\">contrato vigente<\/a>, com dura\u00e7\u00e3o de apenas um ano, o dirigente austr\u00edaco agora deseja que um novo acordo seja definido da forma mais r\u00e1pida e tranquila poss\u00edvel.<\/p>\n\n\n\n<p class=\"wp-block-paragraph\">O chef\u00e3o da esquadra alem\u00e3 ainda aproveitou para relembrar a s\u00f3lida rela\u00e7\u00e3o que Hamilton possui com a montadora alem\u00e3, que o apoia desde o in\u00edcio da carreira, como um grande trunfo para a continuidade do brit\u00e2nico, e salientou a rela\u00e7\u00e3o vitoriosa de ambos na F\u00f3rmula 1. <\/p>\n\n\n\n<p class=\"wp-block-paragraph\">\u201cEu realmente espero isso: a jornada que constru\u00edmos juntos foi de muito sucesso. Ele \u00e9 piloto Mercedes, um jovem da Mercedes desde a \u00e9poca do kart. Ele nunca correu, um final de semana sequer, sem uma unidade de pot\u00eancia da Mercedes, ent\u00e3o, \u00e9 l\u00f3gico essa hist\u00f3ria continuar\u201d, disse Wolff em entrevista veiculada pelo site da F\u00f3rmula 1.<\/p>\n\n\n\n<p class=\"wp-block-paragraph\">Apesar dos recentes ind\u00edcios de que Lewis est\u00e1 <a href=\"https:\/\/www.grandepremio.com\/br\/f1\/noticias\/hamilton-nao-esta-totalmente-feliz-com-contrato-de-1-ano-com-mercedes-diz-ex-piloto-herbert\/\">cogitando deixar a categoria<\/a> e das especula\u00e7\u00f5es de que o pr\u00f3prio Toto  poderia deixar o cargo de chefe de equipe da Mercedes em raz\u00e3o do cansa\u00e7o do dirigente com a pol\u00edtica da F\u00f3rmula 1, o que revelou ao longo das <a href=\"https:\/\/www.grandepremio.com\/br\/f1\/noticias\/wolff-dispara-contra-ceo-da-mclaren-e-chefe-da-red-bull-so-espalham-merda\/\">pol\u00eamicas e sinceras declara\u00e7\u00f5es recentes<\/a>, o austr\u00edaco se mostrou otimista para o futuro da equipe anglo-alem\u00e3.<\/p>\n\n\n\n<figure class=\"wp-block-image size-large\"><img decoding=\"async\" src=\"https:\/\/www.grandepremio.com\/br\/wp-content\/uploads\/2021\/03\/EwTQFXsWgAEs1QF-1024x538.jpg\" alt=\"TOTO WOLFF; MERCEDES; PR\u00c9-TEMPORADA; BAHREIN; GRANDE PR\u00caMIO;\" class=\"wp-image-455901\"\/><figcaption>Toto Wolff est\u00e1 otimista para renova\u00e7\u00e3o de Lewis Hamilton  (Foto: Mercedes)<\/figcaption><\/figure>\n\n\n\n<p class=\"wp-block-paragraph\"><strong>Conhe\u00e7a o canal do Grande Pr\u00eamio no YouTube! Clique&nbsp;<\/strong><strong><a target=\"_blank\" href=\"https:\/\/youtube.com\/GrandePremioTV\" rel=\"noreferrer noopener\">aqui<\/a><\/strong><strong>.<\/strong><br><strong>Siga o Grande Pr\u00eamio no&nbsp;<\/strong><strong><a target=\"_blank\" href=\"https:\/\/twitter.com\/grandepremio\" rel=\"noreferrer noopener\">Twitter&nbsp;<\/a><\/strong><strong>e no&nbsp;<\/strong><strong><a target=\"_blank\" href=\"https:\/\/instagram.com\/grandepremio\" rel=\"noreferrer noopener\">Instagram<\/a><\/strong><strong>!<\/strong><\/p>\n\n\n\n<p class=\"wp-block-paragraph\">Se para 2021 a negocia\u00e7\u00e3o com o brit\u00e2nico se arrastou at\u00e9 fevereiro deste ano, Wolff ressaltou que n\u00e3o quer que o mesmo aconte\u00e7a para 2022, para nenhum de seus pilotos, visto que Valtteri Bottas tamb\u00e9m tem contrato at\u00e9 o final do ano e George Russell desponta como o grande favorito para assumir um dos carros na pr\u00f3xima temporada. <\/p>\n\n\n\n<p class=\"wp-block-paragraph\">\u201cCertamente. N\u00e3o queremos deixar para confirmar os dois pilotos para janeiro. Valtteri foi bem regular ao longo da temporada. E, al\u00e9m disso, [\u00e9 bom] para dar tranquilidade aos pilotos e se concentrar no trabalho\u201d, seguiu.<\/p>\n\n\n\n<p class=\"wp-block-paragraph\">\u201cObviamente que, nos pr\u00f3ximos anos, muitas oportunidades surgir\u00e3o, e n\u00f3s sempre tentamos dar nosso melhor pensando no futuro da equipe ao mesmo tempo, em que temos total lealdade ao piloto que estiver conosco no momento. N\u00e3o estamos duvidando de Valtteri ou Lewis, mas especula\u00e7\u00f5es v\u00e3o acontecer, mas n\u00e3o em janeiro do ano que vem\u201d, concluiu Wolff.<\/p>\n\n\n\n<figure class=\"wp-block-embed is-type-video is-provider-youtube wp-block-embed-youtube wp-embed-aspect-16-9 wp-has-aspect-ratio\"><div class=\"wp-block-embed__wrapper\">\n<iframe loading=\"lazy\" title=\"F1 2021 COM CORRIDA DE CLASSIFICA\u00c7\u00c3O: SPRINT QUALIFYING \u00c9 BOM? | GP \u00e0s 10\" width=\"500\" height=\"281\" src=\"https:\/\/www.youtube.com\/embed\/cR1v3JK2bZ0?feature=oembed\" frameborder=\"0\" allow=\"accelerometer; autoplay; clipboard-write; encrypted-media; gyroscope; picture-in-picture; web-share\" referrerpolicy=\"strict-origin-when-cross-origin\" allowfullscreen><\/iframe>\n<\/div><\/figure>\n","protected":false},"excerpt":{"rendered":"<p>Toto Wolff projeta continuidade de Hamilton na Mercedes como \u201cl\u00f3gica\u201d e espera definir futuro de seus pilotos bem antes do come\u00e7o do ano que vem<\/p>\n","protected":false},"author":0,"featured_media":1000460361,"comment_status":"closed","ping_status":"closed","sticky":false,"template":"","format":"standard","meta":{"42wp_featured_image_caption":"","42wp_featured_image_credits":"","42wp_featured_video":"","42wp_featured_image_hidden":false,"42wp_authors_list":[],"footnotes":""},"categories":[2],"tags":[180,1285,87,82,150,612],"42wp_author":[47138],"class_list":["post-122285","post","type-post","status-publish","format-standard","has-post-thumbnail","hentry","category-f1","tag-formula-1","tag-formula-1-2021","tag-lewis-hamilton","tag-mercedes","tag-toto-wolff","tag-valtteri-bottas","42wp_author-lucascouto"],"_links":{"self":[{"href":"https:\/\/grandepremio.com\/br\/wp-json\/wp\/v2\/posts\/122285","targetHints":{"allow":["GET"]}}],"collection":[{"href":"https:\/\/grandepremio.com\/br\/wp-json\/wp\/v2\/posts"}],"about":[{"href":"https:\/\/grandepremio.com\/br\/wp-json\/wp\/v2\/types\/post"}],"replies":[{"embeddable":true,"href":"https:\/\/grandepremio.com\/br\/wp-json\/wp\/v2\/comments?post=122285"}],"version-history":[{"count":0,"href":"https:\/\/grandepremio.com\/br\/wp-json\/wp\/v2\/posts\/122285\/revisions"}],"wp:featuredmedia":[{"embeddable":true,"href":"https:\/\/grandepremio.com\/br\/wp-json\/wp\/v2\/media\/1000460361"}],"wp:attachment":[{"href":"https:\/\/grandepremio.com\/br\/wp-json\/wp\/v2\/media?parent=122285"}],"wp:term":[{"taxonomy":"category","embeddable":true,"href":"https:\/\/grandepremio.com\/br\/wp-json\/wp\/v2\/categories?post=122285"},{"taxonomy":"post_tag","embeddable":true,"href":"https:\/\/grandepremio.com\/br\/wp-json\/wp\/v2\/tags?post=122285"},{"taxonomy":"42wp_author","embeddable":true,"href":"https:\/\/grandepremio.com\/br\/wp-json\/wp\/v2\/42wp_author?post=122285"}],"curies":[{"name":"wp","href":"https:\/\/api.w.org\/{rel}","templated":true}]}}