{"id":122287,"date":"2021-04-08T22:00:00","date_gmt":"2021-04-09T01:00:00","guid":{"rendered":"https:\/\/grandepremio.com\/br\/noticias\/gp-as-10-sem-reacao-valentino-rossi-decepciona-motogp-hora-de-parar\/"},"modified":"2021-04-08T15:43:30","modified_gmt":"2021-04-08T18:43:30","slug":"gp-as-10-sem-reacao-valentino-rossi-decepciona-motogp-hora-de-parar","status":"publish","type":"post","link":"https:\/\/grandepremio.com\/br\/motogp\/gp-as-10-sem-reacao-valentino-rossi-decepciona-motogp-hora-de-parar\/","title":{"rendered":"GP \u00e0s 10: Sem rea\u00e7\u00e3o, Rossi volta a decepcionar na MotoGP. \u00c9 hora de parar?"},"content":{"rendered":"\n<figure class=\"wp-block-video\"><video class=\"video-js vjs-big-play-centered\" data-gp-vjs=\"1\" controls src=\"https:\/\/www.grandepremio.com\/br\/wp-content\/uploads\/l-videos\/2021-04-04_MotoGP_GPDoha_domingo_editado.mp4\"><\/video><\/figure>\n\n\n\n<p class=\"wp-block-paragraph\">N\u00e3o \u00e9 de hoje que Valentino Rossi est\u00e1 longe das brigas por vit\u00f3rias e p\u00f3dios na MotoGP. A rodada dupla no Catar, que abriu a temporada 2021 da categoria foi apenas um exemplo da queda de rendimento do veterano italiano.<\/p>\n\n\n\n<p class=\"wp-block-paragraph\">No GP \u00e0s 10, Pedro Luis Cuenca relembra os anos ruins do heptacampe\u00e3o da classe rainha do Mundial de Motovelocidade, os problemas que o fizeram sair da equipe de f\u00e1brica da Yamaha e o que aconteceu no Catar, quando Rossi conseguiu apenas um 12\u00ba lugar como melhor resultado.<\/p>\n\n\n\n<p class=\"wp-block-paragraph\"><strong>Conhe\u00e7a o canal do Grande Pr\u00eamio no YouTube! Clique\u00a0<a rel=\"noreferrer noopener\" href=\"https:\/\/youtube.com\/GrandePremioTV\" target=\"_blank\">aqui<\/a>.<br>Siga o Grande Pr\u00eamio no\u00a0<a rel=\"noreferrer noopener\" href=\"https:\/\/twitter.com\/grandepremio\" target=\"_blank\">Twitter\u00a0<\/a>e no\u00a0<a rel=\"noreferrer noopener\" href=\"https:\/\/instagram.com\/grandepremio\" target=\"_blank\">Instagram<\/a>!<\/strong><\/p>\n\n\n\n<p class=\"wp-block-paragraph\">O jornalista ainda analisa uma poss\u00edvel sa\u00edda de Valentino Rossi no grid da MotoGP no fim de 2021, para cuidar da equipe VR46 ou de outros neg\u00f3cios, evitando assim passar novos vexames dentro das pistas.<\/p>\n\n\n\n<figure class=\"wp-block-embed is-type-video is-provider-dailymotion wp-block-embed-dailymotion\"><div class=\"wp-block-embed__wrapper\">\n<iframe loading=\"lazy\" title=\"VALENTINO ROSSI SEGUE DECEPCIONANDO NA MOTOGP: HORA DE PARAR? | GP \u00e0s 10\" frameborder=\"0\" width=\"500\" height=\"281\" src=\"https:\/\/geo.dailymotion.com\/player.html?video=x80hq1t&#038;\" allowfullscreen allow=\"autoplay; fullscreen; picture-in-picture; web-share\"><\/iframe>\n<\/div><\/figure>\n\n\n\n<p class=\"wp-block-paragraph\"><strong>LEIA TAMB\u00c9M<\/strong><br>\u21dd&nbsp;<strong><a href=\"https:\/\/www.grandepremio.com\/br\/motogp\/noticias\/serie-drive-to-survive-impulso-necessario-expansao-motogp\/\" target=\"_blank\" rel=\"noreferrer noopener\">S\u00e9rie \u00e0 la \u2018Drive to Survive\u2019 \u00e9 impulso necess\u00e1rio para expans\u00e3o da&nbsp;MotoGP<\/a><\/strong><br>\u21dd&nbsp;<strong><a href=\"https:\/\/www.grandepremio.com\/br\/web-stories\/motogp\/pedro-acosta-nova-perola-mundial-motovelocidade\/\" target=\"_blank\" rel=\"noreferrer noopener\">WEB STORIE \u2013 Pedro Acosta: a nova p\u00e9rola do Mundial de&nbsp;<\/a><a href=\"https:\/\/www.grandepremio.com\/br\/motogp\/\" target=\"_blank\" rel=\"noreferrer noopener\">Motovelocidade<\/a><\/strong><br>\u21dd&nbsp;<strong><a href=\"https:\/\/www.grandepremio.com\/br\/motogp\/noticias\/johann-zarco-acerta-confiar-ducati-da-volta-cima-apos-saida-tumultuada-ktm\/\" target=\"_blank\" rel=\"noreferrer noopener\">Zarco acerta ao confiar na Ducati e d\u00e1 volta por cima ap\u00f3s sa\u00edda tumultuada da KTM<\/a><\/strong><br>\u21dd&nbsp;<strong><a href=\"https:\/\/www.grandepremio.com\/br\/motogp\/noticias\/jack-miller-sucumbe-pressao-derrete-favoritismo-rodada-dupla-motogp-catar\/\" target=\"_blank\" rel=\"noreferrer noopener\">Miller sucumbe \u00e0 press\u00e3o e derrete favoritismo em rodada dupla da MotoGP no Catar<\/a><\/strong><br>\u21dd&nbsp;<strong><a href=\"https:\/\/www.grandepremio.com\/br\/motogp\/noticias\/pol-espargaro-comeca-oscilante-deixa-honda-longe-yamaha-ducati-suzuki-catar\/\">Espargar\u00f3&nbsp;come\u00e7a oscilante e deixa Honda longe de Yamaha, Ducati e Suzuki no Catar<\/a><\/strong><\/p>\n\n\n","protected":false},"excerpt":{"rendered":"<p>Valentino Rossi foi discreto na rodada dupla da MotoGP no Catar, com resultados ruins. A fase ruim do veterano italiano parece continuar por mais um ano e levanta novamente questionamentos sobre uma poss\u00edvel aposentadoria<\/p>\n","protected":false},"author":0,"featured_media":1000462052,"comment_status":"closed","ping_status":"closed","sticky":false,"template":"","format":"standard","meta":{"42wp_featured_image_caption":"","42wp_featured_image_credits":"","42wp_featured_video":"","42wp_featured_image_hidden":false,"42wp_authors_list":[],"footnotes":""},"categories":[8],"tags":[1113,24840,600,5790,79,3162,78,490,26999,847,26690,25441,27001,80,172],"42wp_author":[47135],"class_list":["post-122287","post","type-post","status-publish","format-standard","has-post-thumbnail","hentry","category-motogp","tag-catar","tag-gp-as-10-2","tag-gp-do-catar","tag-losail","tag-moto-gp","tag-moto-gp-2021","tag-motogp","tag-motogp-2021","tag-motogp-calendario-2021","tag-mundial-de-motovelocidade","tag-pilotos-motogp","tag-srt","tag-transmissao-motogp-2021","tag-valentino-rossi","tag-yamaha","42wp_author-pedro-luis-cuenca"],"_links":{"self":[{"href":"https:\/\/grandepremio.com\/br\/wp-json\/wp\/v2\/posts\/122287","targetHints":{"allow":["GET"]}}],"collection":[{"href":"https:\/\/grandepremio.com\/br\/wp-json\/wp\/v2\/posts"}],"about":[{"href":"https:\/\/grandepremio.com\/br\/wp-json\/wp\/v2\/types\/post"}],"replies":[{"embeddable":true,"href":"https:\/\/grandepremio.com\/br\/wp-json\/wp\/v2\/comments?post=122287"}],"version-history":[{"count":0,"href":"https:\/\/grandepremio.com\/br\/wp-json\/wp\/v2\/posts\/122287\/revisions"}],"wp:featuredmedia":[{"embeddable":true,"href":"https:\/\/grandepremio.com\/br\/wp-json\/wp\/v2\/media\/1000462052"}],"wp:attachment":[{"href":"https:\/\/grandepremio.com\/br\/wp-json\/wp\/v2\/media?parent=122287"}],"wp:term":[{"taxonomy":"category","embeddable":true,"href":"https:\/\/grandepremio.com\/br\/wp-json\/wp\/v2\/categories?post=122287"},{"taxonomy":"post_tag","embeddable":true,"href":"https:\/\/grandepremio.com\/br\/wp-json\/wp\/v2\/tags?post=122287"},{"taxonomy":"42wp_author","embeddable":true,"href":"https:\/\/grandepremio.com\/br\/wp-json\/wp\/v2\/42wp_author?post=122287"}],"curies":[{"name":"wp","href":"https:\/\/api.w.org\/{rel}","templated":true}]}}