{"id":122325,"date":"2021-04-07T10:00:00","date_gmt":"2021-04-07T13:00:00","guid":{"rendered":"https:\/\/grandepremio.com\/br\/noticias\/gp-as-10-quem-transmite-indy-2021-o-que-esperar-pilotos-brasileiros\/"},"modified":"2021-04-07T10:00:23","modified_gmt":"2021-04-07T13:00:23","slug":"gp-as-10-quem-transmite-indy-2021-o-que-esperar-pilotos-brasileiros","status":"publish","type":"post","link":"https:\/\/grandepremio.com\/br\/indy\/gp-as-10-quem-transmite-indy-2021-o-que-esperar-pilotos-brasileiros\/","title":{"rendered":"GP \u00e0s 10: Quem transmite a Indy em 2021 e o que esperar dos pilotos brasileiros"},"content":{"rendered":"\n<figure class=\"wp-block-video\"><video class=\"video-js vjs-big-play-centered\" data-gp-vjs=\"1\" controls src=\"https:\/\/www.grandepremio.com\/br\/wp-content\/uploads\/2021\/03\/VISORCAM-Grosjean-Sebring.mp4\"><\/video><\/figure>\n\n\n\n<p class=\"wp-block-paragraph\">N\u00e3o \u00e9 de hoje que os <a href=\"https:\/\/www.grandepremio.com\/br\/indy\/noticias\/indy-emissoras-parceiras-mundo-duvida-sobre-transmissao-no-brasil\/\">direitos de transmiss\u00e3o<\/a> da Indy no Brasil ficam para ser definidos de \u00faltima hora, mas em 2021 a quest\u00e3o parece mais complicada. Com a Band dificilmente renovando o acordo, a categoria procura outra casa, preferencialmente na TV aberta.<\/p>\n\n\n\n<p class=\"wp-block-paragraph\">No GP \u00e0s 10, Gabriel Curty explica o cen\u00e1rio dos direitos da Indy, da prefer\u00eancia da categoria pela TV aberta, mas que h\u00e1 negocia\u00e7\u00f5es, por exemplo, com plataformas de streamings. Um acordo de \u00faltima hora segue sendo poss\u00edvel, inclusive.<\/p>\n\n\n\n<p class=\"wp-block-paragraph\">O jornalista aproveita tamb\u00e9m e analisa a situa\u00e7\u00e3o dos tr\u00eas brasileiros que v\u00e3o disputar o campeonato da Indy em 2021. Helio Castroneves, Pietro Fittipaldi e Tony Kanaan v\u00e3o estar em um n\u00famero limitado de corridas, mas t\u00eam objetivos importantes para a temporada que v\u00e3o ditar o futuro de cada um deles.<\/p>\n\n\n\n<p class=\"wp-block-paragraph\">Assista j\u00e1 e responda: o que esperar dos brasileiros na Indy 2021?<\/p>\n\n\n\n<figure class=\"wp-block-embed is-type-video is-provider-youtube wp-block-embed-youtube wp-embed-aspect-16-9 wp-has-aspect-ratio\"><div class=\"wp-block-embed__wrapper\">\n<iframe loading=\"lazy\" title=\"INDY 2021: QUEM TRANSMITE E O QUE ESPERAR DOS BRASILEIROS | GP \u00e0s 10\" width=\"500\" height=\"281\" src=\"https:\/\/www.youtube.com\/embed\/GNXOHVcvd38?feature=oembed\" frameborder=\"0\" allow=\"accelerometer; autoplay; clipboard-write; encrypted-media; gyroscope; picture-in-picture; web-share\" referrerpolicy=\"strict-origin-when-cross-origin\" allowfullscreen><\/iframe>\n<\/div><\/figure>\n\n\n\n<p class=\"wp-block-paragraph\"><strong>Conhe\u00e7a o canal do Grande Pr\u00eamio no YouTube! Clique&nbsp;<a rel=\"noreferrer noopener\" href=\"https:\/\/youtube.com\/GrandePremioTV\" target=\"_blank\">aqui<\/a>.<br>Siga o Grande Pr\u00eamio no&nbsp;<a rel=\"noreferrer noopener\" href=\"https:\/\/twitter.com\/grandepremio\" target=\"_blank\">Twitter&nbsp;<\/a>e no&nbsp;<a rel=\"noreferrer noopener\" href=\"https:\/\/instagram.com\/grandepremio\" target=\"_blank\">Instagram<\/a>!<\/strong><\/p>\n","protected":false},"excerpt":{"rendered":"<p>No GP \u00e0s 10 desta ter\u00e7a-feira (6), Gabriel Curty fala dos direitos de transmiss\u00e3o da Indy no Brasil em 2021, que seguem sem defini\u00e7\u00e3o. O jornalista aproveita tamb\u00e9m para comentar as expectativas para os pilotos brasileiros que v\u00e3o disputar a temporada da categoria<\/p>\n","protected":false},"author":0,"featured_media":1000461709,"comment_status":"closed","ping_status":"closed","sticky":false,"template":"","format":"standard","meta":{"42wp_featured_image_caption":"","42wp_featured_image_credits":"","42wp_featured_video":"","42wp_featured_image_hidden":false,"42wp_authors_list":[],"footnotes":""},"categories":[3],"tags":[1280,1009,24840,93,5601],"42wp_author":[47117],"class_list":["post-122325","post","type-post","status-publish","format-standard","has-post-thumbnail","hentry","category-indy","tag-band","tag-dazn","tag-gp-as-10-2","tag-indy","tag-indy-2021","42wp_author-gabriel-curty"],"_links":{"self":[{"href":"https:\/\/grandepremio.com\/br\/wp-json\/wp\/v2\/posts\/122325","targetHints":{"allow":["GET"]}}],"collection":[{"href":"https:\/\/grandepremio.com\/br\/wp-json\/wp\/v2\/posts"}],"about":[{"href":"https:\/\/grandepremio.com\/br\/wp-json\/wp\/v2\/types\/post"}],"replies":[{"embeddable":true,"href":"https:\/\/grandepremio.com\/br\/wp-json\/wp\/v2\/comments?post=122325"}],"version-history":[{"count":0,"href":"https:\/\/grandepremio.com\/br\/wp-json\/wp\/v2\/posts\/122325\/revisions"}],"wp:featuredmedia":[{"embeddable":true,"href":"https:\/\/grandepremio.com\/br\/wp-json\/wp\/v2\/media\/1000461709"}],"wp:attachment":[{"href":"https:\/\/grandepremio.com\/br\/wp-json\/wp\/v2\/media?parent=122325"}],"wp:term":[{"taxonomy":"category","embeddable":true,"href":"https:\/\/grandepremio.com\/br\/wp-json\/wp\/v2\/categories?post=122325"},{"taxonomy":"post_tag","embeddable":true,"href":"https:\/\/grandepremio.com\/br\/wp-json\/wp\/v2\/tags?post=122325"},{"taxonomy":"42wp_author","embeddable":true,"href":"https:\/\/grandepremio.com\/br\/wp-json\/wp\/v2\/42wp_author?post=122325"}],"curies":[{"name":"wp","href":"https:\/\/api.w.org\/{rel}","templated":true}]}}