{"id":122348,"date":"2021-04-06T09:08:20","date_gmt":"2021-04-06T12:08:20","guid":{"rendered":"https:\/\/grandepremio.com\/br\/noticias\/ceo-mclaren-preve-mudancas-calendario-f1-vamos-perder-uma-corrida-ou-duas\/"},"modified":"2021-04-06T09:11:36","modified_gmt":"2021-04-06T12:11:36","slug":"ceo-mclaren-preve-mudancas-calendario-f1-vamos-perder-uma-corrida-ou-duas","status":"publish","type":"post","link":"https:\/\/grandepremio.com\/br\/f1\/ceo-mclaren-preve-mudancas-calendario-f1-vamos-perder-uma-corrida-ou-duas\/","title":{"rendered":"CEO da McLaren prev\u00ea cancelamentos no calend\u00e1rio da F1: &#8220;Uma corrida ou duas&#8221;"},"content":{"rendered":"\n<figure class=\"wp-block-video\"><video class=\"video-js vjs-big-play-centered\" data-gp-vjs=\"1\" controls src=\"https:\/\/www.grandepremio.com\/br\/wp-content\/uploads\/2021\/03\/HamiltonTrackLimits.mp4\"><\/video><\/figure>\n\n\n\n<p class=\"wp-block-paragraph\">A F\u00f3rmula 1 planejou um longo e ambicioso calend\u00e1rio para a temporada 2021, com 23 corridas previstas entre mar\u00e7o e dezembro, mesmo com a continua\u00e7\u00e3o da pandemia de Covid-19. Por isso, alguns dirigentes j\u00e1 acreditam que corridas devem ser canceladas nos pr\u00f3ximos meses. Zak Brown, CEO da McLaren, \u00e9 um deles.<\/p>\n\n\n\n<p class=\"wp-block-paragraph\">A ent\u00e3o etapa inicial do campeonato, o GP da Austr\u00e1lia, j\u00e1 teve a data remanejada por conta da pandemia, e agora est\u00e1 marcado para novembro. Com isso, a F1 abriu a temporada no Bahrein pela terceira vez na hist\u00f3ria. O GP da China <a href=\"https:\/\/www.grandepremio.com\/br\/f1\/noticias\/china-ve-enorme-incerteza-sobre-corrida-em-abril-e-mira-data-no-segundo-semestre\/\">tamb\u00e9m segue amea\u00e7ado<\/a>, assim como a etapa do Canad\u00e1, que est\u00e1 com futuro indefinido at\u00e9 o momento. Com isso, os GPs de Portgual e da Em\u00edlia-Romanha retornam para o segundo ano seguido.<\/p>\n\n\n\n<p class=\"wp-block-paragraph\">&#8220;N\u00f3s achamos que vai causar um impacto, o calend\u00e1rio j\u00e1 foi modificado uma vez. Acho que a F1 fez um grande trabalho com 17 corridas em meio ano [em 2020], \u00e9 \u00f3timo que tenhamos come\u00e7ado em mar\u00e7o. Acho que vamos perder uma corrida ou duas&#8221;, disse Brown a jornalistas no Bahrein.<\/p>\n\n\n\n<figure class=\"wp-block-image size-large\"><img decoding=\"async\" src=\"https:\/\/www.grandepremio.com\/br\/wp-content\/uploads\/2021\/03\/5-Largada-1024x693.jpg\" alt=\"\" class=\"wp-image-459415\"\/><figcaption>Largada do GP do Bahrein marcou o in\u00edcio da temporada 2021 da F\u00f3rmula 1 (Foto: Beto Issa)<\/figcaption><\/figure>\n\n\n\n<p class=\"wp-block-paragraph\"><strong>Conhe\u00e7a o canal do Grande Pr\u00eamio no YouTube! Clique&nbsp;<a target=\"_blank\" href=\"https:\/\/youtube.com\/GrandePremioTV\" rel=\"noreferrer noopener\">aqui<\/a>.<\/strong><br><strong>Siga o Grande Pr\u00eamio no&nbsp;<a target=\"_blank\" href=\"https:\/\/twitter.com\/grandepremio\" rel=\"noreferrer noopener\">Twitter&nbsp;<\/a>e no&nbsp;<a target=\"_blank\" href=\"https:\/\/instagram.com\/grandepremio\" rel=\"noreferrer noopener\">Instagram<\/a>!<\/strong><\/p>\n\n\n\n<p class=\"wp-block-paragraph\">&#8220;H\u00e1 n\u00e3o muito tempo, como voc\u00eas sabem, o calend\u00e1rio da F1 tinha de 15 a 18 corridas, ent\u00e3o acho que se conseguirmos 20 \u00e9 um cronograma normal e completo para a F\u00f3rmula 1. Estou confiante de que vamos ter 20 corridas de mar\u00e7o a dezembro&#8221;, pontuou o CEO da McLaren.<\/p>\n\n\n\n<p class=\"wp-block-paragraph\">Enquanto isso, pa\u00edses seguem com seus programas de vacina\u00e7\u00e3o em busca da redu\u00e7\u00e3o de casos de Covid-19 em todo mundo. A expectativa \u00e9 de que o calend\u00e1rio da F1 em 2021 tenha menos mudan\u00e7as do que as vistas no ano passado, quando diversas provas foram adiadas ou canceladas por conta da crise do coronav\u00edrus.<\/p>\n","protected":false},"excerpt":{"rendered":"<p>O calend\u00e1rio de 23 corridas planejado pela F\u00f3rmula 1 para 2021 pode n\u00e3o ir t\u00e3o longe, segundo Zak Brown, CEO da McLaren. O dirigente acredita que a pandemia de Covid-19 pode gerar mais mudan\u00e7as no cronograma at\u00e9 o fim do campeonato<\/p>\n","protected":false},"author":0,"featured_media":1000448185,"comment_status":"closed","ping_status":"closed","sticky":false,"template":"","format":"standard","meta":{"42wp_featured_image_caption":"","42wp_featured_image_credits":"","42wp_featured_video":"","42wp_featured_image_hidden":false,"42wp_authors_list":[],"footnotes":""},"categories":[2],"tags":[24858,147,156,24837,25536,90,24830,27179,580],"42wp_author":[47135],"class_list":["post-122348","post","type-post","status-publish","format-standard","has-post-thumbnail","hentry","category-f1","tag-covid-19","tag-f1","tag-f1-2021","tag-formula-1-2","tag-formula-1-2021-2","tag-mclaren","tag-pandemia","tag-temporada-f1-2021","tag-zak-brown","42wp_author-pedro-luis-cuenca"],"_links":{"self":[{"href":"https:\/\/grandepremio.com\/br\/wp-json\/wp\/v2\/posts\/122348","targetHints":{"allow":["GET"]}}],"collection":[{"href":"https:\/\/grandepremio.com\/br\/wp-json\/wp\/v2\/posts"}],"about":[{"href":"https:\/\/grandepremio.com\/br\/wp-json\/wp\/v2\/types\/post"}],"replies":[{"embeddable":true,"href":"https:\/\/grandepremio.com\/br\/wp-json\/wp\/v2\/comments?post=122348"}],"version-history":[{"count":0,"href":"https:\/\/grandepremio.com\/br\/wp-json\/wp\/v2\/posts\/122348\/revisions"}],"wp:featuredmedia":[{"embeddable":true,"href":"https:\/\/grandepremio.com\/br\/wp-json\/wp\/v2\/media\/1000448185"}],"wp:attachment":[{"href":"https:\/\/grandepremio.com\/br\/wp-json\/wp\/v2\/media?parent=122348"}],"wp:term":[{"taxonomy":"category","embeddable":true,"href":"https:\/\/grandepremio.com\/br\/wp-json\/wp\/v2\/categories?post=122348"},{"taxonomy":"post_tag","embeddable":true,"href":"https:\/\/grandepremio.com\/br\/wp-json\/wp\/v2\/tags?post=122348"},{"taxonomy":"42wp_author","embeddable":true,"href":"https:\/\/grandepremio.com\/br\/wp-json\/wp\/v2\/42wp_author?post=122348"}],"curies":[{"name":"wp","href":"https:\/\/api.w.org\/{rel}","templated":true}]}}