{"id":122349,"date":"2021-04-06T08:55:00","date_gmt":"2021-04-06T11:55:00","guid":{"rendered":"https:\/\/grandepremio.com\/br\/noticias\/wolff-dispara-contra-ceo-da-mclaren-e-chefe-da-red-bull-so-espalham-merda\/"},"modified":"2021-04-07T10:33:42","modified_gmt":"2021-04-07T13:33:42","slug":"wolff-dispara-contra-ceo-da-mclaren-e-chefe-da-red-bull-so-espalham-merda","status":"publish","type":"post","link":"https:\/\/grandepremio.com\/br\/f1\/wolff-dispara-contra-ceo-da-mclaren-e-chefe-da-red-bull-so-espalham-merda\/","title":{"rendered":"Wolff dispara contra CEO da McLaren e chefe da Red Bull: &#8220;S\u00f3 espalham merda&#8221;"},"content":{"rendered":"<p><iframe loading=\"lazy\" src=\"https:\/\/www.facebook.com\/plugins\/video.php?href=https%3A%2F%2Fwww.facebook.com%2Fgrandepremio%2Fvideos%2F3795181173897647%2F&amp;show_text=0&amp;width=560\" width=\"560\" height=\"315\" style=\"border:none;overflow:hidden\" scrolling=\"no\" frameborder=\"0\" allowfullscreen=\"true\" allow=\"autoplay; clipboard-write; encrypted-media; picture-in-picture; web-share\"><\/iframe><\/p>\n\n\n<p class=\"wp-block-paragraph\">Toto Wolff est\u00e1 falante e, na mesma semana em que disse ter &#8220;<strong><a href=\"https:\/\/www.grandepremio.com\/br\/web-stories\/f1\/por-quem-toto-wolff-chefe-mercedes-perdeu-respeito-na-formula-1\/\">perdido o respeito por personagens<\/a><\/strong> da F\u00f3rmula 1&#8243;, resolveu criticar, mas desta vez nominalmente, outros dois: Zak Brown, CEO da McLaren, e Christian Horner, chefe da Red Bull.<\/p>\n\n\n\n<p class=\"wp-block-paragraph\">Para o comandante da Mercedes, seus advers\u00e1rios gostam de falar demais. Foi o que declarou em entrevista ao jornal austr\u00edaco \u00d6sterreich quando questionado sobre os coment\u00e1rios de Brown, <a href=\"https:\/\/www.grandepremio.com\/br\/f1\/noticias\/ceo-da-mclaren-max-verstappen-george-russell-mercedes-2022\/\">que afirmou &#8220;ser \u00f3bvio&#8221; que Max Verstappen e George Russell formar\u00e3o a dupla da equipe alem\u00e3 em 2022<\/a>.<\/p>\n\n\n\n<p class=\"wp-block-paragraph\">&#8220;Brown \u00e9 como Christian Horner, eles s\u00f3 espalham merda. Acho que Zak quer andar junto a Christian, mas n\u00e3o me importo com isso&#8221;, disse Wolff sobre o CEO da McLaren.<\/p>\n\n\n\n<p class=\"wp-block-paragraph\"><strong>Conhe\u00e7a o canal do Grande Pr\u00eamio no YouTube! Clique&nbsp;<a rel=\"noreferrer noopener\" href=\"https:\/\/youtube.com\/GrandePremioTV\" target=\"_blank\">aqui<\/a>.<br>Siga o Grande Pr\u00eamio no&nbsp;<a rel=\"noreferrer noopener\" href=\"https:\/\/twitter.com\/grandepremio\" target=\"_blank\">Twitter&nbsp;<\/a>e no&nbsp;<a rel=\"noreferrer noopener\" href=\"https:\/\/instagram.com\/grandepremio\" target=\"_blank\">Instagram<\/a>!<\/strong><\/p>\n\n\n\n<figure class=\"wp-block-image size-large\"><img decoding=\"async\" src=\"https:\/\/www.grandepremio.com\/br\/wp-content\/uploads\/2021\/03\/EwTQFXsWgAEs1QF-1024x538.jpg\" alt=\"TOTO WOLFF; MERCEDES; PR\u00c9-TEMPORADA; BAHREIN; GRANDE PR\u00caMIO;\" class=\"wp-image-455901\"\/><figcaption>Toto Wolff anda falante (Foto: Mercedes)<\/figcaption><\/figure>\n\n\n\n<p class=\"wp-block-paragraph\">N\u00e3o foi o \u00fanico tema pol\u00eamico abordado: o austr\u00edaco tamb\u00e9m foi questionado sobre supostamente Lewis Hamilton e Russell n\u00e3o conversarem mais desde que o segundo substituiu o heptacampe\u00e3o do mundo em Sakhir, no ano passado. <\/p>\n\n\n\n<p class=\"wp-block-paragraph\">Tal situa\u00e7\u00e3o, inclusive, <strong><a href=\"https:\/\/www.grandepremio.com\/br\/f1\/noticias\/george-russell-afirma-decisao-sobre-mercedes-ate-meio-do-ano\/\">foi levantada pelo pr\u00f3prio piloto<\/a><\/strong> da Williams, no final de mar\u00e7o, quando perguntado sobre: &#8220;N\u00e3o, nada. Mas nossa rela\u00e7\u00e3o \u00e9 boa, n\u00e3o h\u00e1 problemas. N\u00e3o sei se esperava que ele falasse comigo ap\u00f3s a corrida. Mas \u00e9 aquilo: n\u00e3o sei como me sentiria se algu\u00e9m me substitu\u00edsse na Williams.&#8221;<\/p>\n\n\n\n<p class=\"wp-block-paragraph\">Wolff respondeu sobre a rela\u00e7\u00e3o dos seus pilotos. &#8220;\u00c9 a primeira vez que ou\u00e7o isso.&nbsp;Mas a condi\u00e7\u00e3o dos meus pilotos \u00e9 a \u00faltima das minhas preocupa\u00e7\u00f5es.&nbsp;Mas posso imaginar isso porque a competi\u00e7\u00e3o entre os dois \u00e9 muito forte.&nbsp;Os grandes sentem quando um cara bom est\u00e1 chegando.&nbsp;E George \u00e9 a pr\u00f3xima gera\u00e7\u00e3o&#8221;, comentou.<\/p>\n\n\n\n<figure class=\"wp-block-embed is-type-wp-embed is-provider-grande-premium wp-block-embed-grande-premium\"><div class=\"wp-block-embed__wrapper\">\nhttps:\/\/grandepremium.grandepremio.com\/br\/10\/f1\/materias\/os-dirigentes-mais-influentes-da-formula-1-nos-ultimos-30-anos\/\n<\/div><\/figure>\n\n\n\n<figure class=\"wp-block-embed is-type-video is-provider-youtube wp-block-embed-youtube wp-embed-aspect-16-9 wp-has-aspect-ratio\"><div class=\"wp-block-embed__wrapper\">\n<iframe loading=\"lazy\" title=\"HAMILTON x VERSTAPPEN \u00c9 DUELO DE G\u00caNIOS NA F1, ANALISA FLAVIO GOMES | GP \u00e0s 10\" width=\"500\" height=\"281\" src=\"https:\/\/www.youtube.com\/embed\/MeiIswBEq7U?feature=oembed\" frameborder=\"0\" allow=\"accelerometer; autoplay; clipboard-write; encrypted-media; gyroscope; picture-in-picture; web-share\" referrerpolicy=\"strict-origin-when-cross-origin\" allowfullscreen><\/iframe>\n<\/div><\/figure>\n","protected":false},"excerpt":{"rendered":"<p>Toto Wolff anda pol\u00eamico: desta vez, o chefe da Mercedes usou palavras duras, e r\u00e1pidas, para falar de Christian Horner e Zak Brown<\/p>\n","protected":false},"author":0,"featured_media":0,"comment_status":"closed","ping_status":"closed","sticky":false,"template":"","format":"standard","meta":{"42wp_featured_image_caption":"","42wp_featured_image_credits":"","42wp_featured_video":"","42wp_featured_image_hidden":false,"42wp_authors_list":[],"footnotes":""},"categories":[2],"tags":[655,147,156,24837,24846,800,87,203,90,82,204,150,215,580],"42wp_author":[47129],"class_list":["post-122349","post","type-post","status-publish","format-standard","hentry","category-f1","tag-christian-horner","tag-f1","tag-f1-2021","tag-formula-1-2","tag-formula-um-2","tag-george-russell","tag-lewis-hamilton","tag-max-verstappen","tag-mclaren","tag-mercedes","tag-red-bull","tag-toto-wolff","tag-williams","tag-zak-brown","42wp_author-felipe-noronha"],"_links":{"self":[{"href":"https:\/\/grandepremio.com\/br\/wp-json\/wp\/v2\/posts\/122349","targetHints":{"allow":["GET"]}}],"collection":[{"href":"https:\/\/grandepremio.com\/br\/wp-json\/wp\/v2\/posts"}],"about":[{"href":"https:\/\/grandepremio.com\/br\/wp-json\/wp\/v2\/types\/post"}],"replies":[{"embeddable":true,"href":"https:\/\/grandepremio.com\/br\/wp-json\/wp\/v2\/comments?post=122349"}],"version-history":[{"count":0,"href":"https:\/\/grandepremio.com\/br\/wp-json\/wp\/v2\/posts\/122349\/revisions"}],"wp:attachment":[{"href":"https:\/\/grandepremio.com\/br\/wp-json\/wp\/v2\/media?parent=122349"}],"wp:term":[{"taxonomy":"category","embeddable":true,"href":"https:\/\/grandepremio.com\/br\/wp-json\/wp\/v2\/categories?post=122349"},{"taxonomy":"post_tag","embeddable":true,"href":"https:\/\/grandepremio.com\/br\/wp-json\/wp\/v2\/tags?post=122349"},{"taxonomy":"42wp_author","embeddable":true,"href":"https:\/\/grandepremio.com\/br\/wp-json\/wp\/v2\/42wp_author?post=122349"}],"curies":[{"name":"wp","href":"https:\/\/api.w.org\/{rel}","templated":true}]}}