{"id":122353,"date":"2021-04-06T05:00:00","date_gmt":"2021-04-06T08:00:00","guid":{"rendered":"https:\/\/grandepremio.com\/br\/noticias\/jenson-button-correr-indy-e-foca-em-possivel-ida-a-le-mans-em-2023\/"},"modified":"2021-04-06T12:36:23","modified_gmt":"2021-04-06T15:36:23","slug":"jenson-button-correr-indy-e-foca-em-possivel-ida-a-le-mans-em-2023","status":"publish","type":"post","link":"https:\/\/grandepremio.com\/br\/indy\/jenson-button-correr-indy-e-foca-em-possivel-ida-a-le-mans-em-2023\/","title":{"rendered":"Button desiste de correr na Indy e foca em poss\u00edvel ida a Le Mans em 2023"},"content":{"rendered":"\n<figure class=\"wp-block-video\"><video class=\"video-js vjs-big-play-centered\" data-gp-vjs=\"1\" controls src=\"https:\/\/www.grandepremio.com\/br\/wp-content\/uploads\/2021\/03\/VISORCAM-Grosjean-Sebring.mp4\"><\/video><figcaption>Romain Grosjean divulgou um onboard em Sebring (V\u00eddeo: Romain Grosjean)<\/figcaption><\/figure>\n\n\n\n<p class=\"wp-block-paragraph\">Aos 41 anos, Jenson Button, que atualmente compete em sua pr\u00f3pria equipe no Extreme E, busca novos horizontes para o futuro de sua carreira. Por\u00e9m, segundo o brit\u00e2nico, o sonho de correr nos Estados Unidos, onde reside atualmente, n\u00e3o se concretizar\u00e1. Os pr\u00f3ximos anos da sua trajet\u00f3ria nas pistas v\u00e3o passar bem longe da Indy, que, ap\u00f3s ser cogitada por Button, foi completamente descartada em raz\u00e3o da dif\u00edcil adaptabilidade.<\/p>\n\n\n\n<p class=\"wp-block-paragraph\">Campe\u00e3o mundial de F\u00f3rmula 1 em 2009, o brit\u00e2nico chegou a ventilar uma poss\u00edvel ida \u00e0 Indy para a disputa de provas de rua e em circuitos mistos, mas rejeitou completamente a possibilidade e mostrou que seu foco est\u00e1 na busca por uma vaga nas 24 Horas de Le Mans de 2023, quando ser\u00e3o introduzidos os novos hipercarros na prova.<\/p>\n\n\n\n<p class=\"wp-block-paragraph\">\u201cSim, eu estava pensando na possibilidade [de correr na Indy], mas apenas come\u00e7ar a correr l\u00e1 \u00e9 complicado, pois n\u00e3o existem testes. Eu n\u00e3o quero iniciar algo e fazer um trabalho ruim. \u00c9 completamente diferente da F\u00f3rmula 1, os carros s\u00e3o bem pesados sem dire\u00e7\u00e3o hidr\u00e1ulica e eu tenho visto alguns pilotos ex-F1 indo para l\u00e1 e tendo dificuldades no come\u00e7o\u201d, afirmou Button \u00e0 revista norte-americana Racer.<\/p>\n\n\n\n<p class=\"wp-block-paragraph\"><strong>Conhe\u00e7a o canal do Grande Pr\u00eamio no YouTube! Clique&nbsp;<a rel=\"noreferrer noopener\" href=\"https:\/\/youtube.com\/GrandePremioTV\" target=\"_blank\">aqui<\/a>.<br>Siga o Grande Pr\u00eamio no&nbsp;<a rel=\"noreferrer noopener\" href=\"https:\/\/twitter.com\/grandepremio\" target=\"_blank\">Twitter&nbsp;<\/a>e no&nbsp;<a rel=\"noreferrer noopener\" href=\"https:\/\/instagram.com\/grandepremio\" target=\"_blank\">Instagram<\/a>!<\/strong><br><strong>WEB STORIES:&nbsp;<a target=\"_blank\" rel=\"noreferrer noopener\" href=\"https:\/\/www.grandepremio.com\/br\/web-stories\/f1\/deselegante-piquet-globolixo-band-repreende\/\">Q<\/a><\/strong><a target=\"_blank\" rel=\"noreferrer noopener\" href=\"https:\/\/www.grandepremio.com\/br\/web-stories\/f1\/deselegante-piquet-globolixo-band-repreende\/\"><strong>ue deselegante! Piquet solta \u2018Globolixo\u2019 e Band repreende<\/strong><\/a><\/p>\n\n\n\n<figure class=\"wp-block-image size-large\"><img decoding=\"async\" src=\"https:\/\/www.grandepremio.com\/br\/wp-content\/uploads\/2020\/05\/NINTCHDBPICT000600573947-1024x683.jpg\" alt=\"JENSON BUTTON; WILLIAMS; F1;\" class=\"wp-image-446999\"\/><figcaption>A Indy n\u00e3o \u00e9 mais um objetivo para Jenson Button (Foto: The Sun\/Divulga\u00e7\u00e3o)<\/figcaption><\/figure>\n\n\n\n<p class=\"wp-block-paragraph\"><strong>Conhe\u00e7a o canal do Grande Pr\u00eamio no YouTube! Clique&nbsp;<a target=\"_blank\" href=\"https:\/\/youtube.com\/GrandePremioTV\" rel=\"noreferrer noopener\">aqui<\/a>.<\/strong><br><strong>Siga o Grande Pr\u00eamio no&nbsp;<a target=\"_blank\" href=\"https:\/\/twitter.com\/grandepremio\" rel=\"noreferrer noopener\">Twitter&nbsp;<\/a>e no&nbsp;<a target=\"_blank\" href=\"https:\/\/instagram.com\/grandepremio\" rel=\"noreferrer noopener\">Instagram<\/a>!<\/strong><\/p>\n\n\n\n<p class=\"wp-block-paragraph\">Ainda sobre a Indy, o brit\u00e2nico lembrou de Romain Grosejan, que deixou a Haas e a F\u00f3rmula 1 para competir em circuitos mistos e de rua pela Dale Coyne em 2021. <\/p>\n\n\n\n<p class=\"wp-block-paragraph\">\u201cDepois de cinco ou seis corridas, tenho certeza que o Grosejan se adaptar\u00e1, mas vai levar um tempo e eu n\u00e3o quero ter de disputar algumas corridas para me acostumar. \u00c9 uma pena, mas n\u00e3o acho que isso v\u00e1 acontecer\u201d, afirmou o brit\u00e2nico.<\/p>\n\n\n\n<p class=\"wp-block-paragraph\">Button, que se mostra animado com a confirma\u00e7\u00e3o de que Ferrari, Audi e Porsche se unir\u00e3o a Toyota, a Peugeot e a Glickenhaus em 2023, com a introdu\u00e7\u00e3o do regulamento dos hipercarros, nas 24 Horas de Le Mans, sinalizou que disputar a prova \u00e9 seu novo objetivo na carreira. <\/p>\n\n\n\n<p class=\"wp-block-paragraph\">\u201cMeu sonho \u00e9 correr na Le Mans de 2023. Acho que ser\u00e1 melhor do que nunca, provavelmente. Eu lembro de falar de Le Mans h\u00e1 dez anos, sobre o qu\u00e3o era especial\u201d, concluiu.<\/p>\n\n\n\n<figure class=\"wp-block-embed is-type-video is-provider-youtube wp-block-embed-youtube wp-embed-aspect-16-9 wp-has-aspect-ratio\"><div class=\"wp-block-embed__wrapper\">\n<iframe loading=\"lazy\" title=\"F1 2021: DE P\u00c9REZ A TSUNODA: AS IMPRESS\u00d5ES PRECIPITADAS DO GP DO BAHREIN | GP \u00c0S 10\" width=\"500\" height=\"281\" src=\"https:\/\/www.youtube.com\/embed\/gXEQfzeEBhs?feature=oembed\" frameborder=\"0\" allow=\"accelerometer; autoplay; clipboard-write; encrypted-media; gyroscope; picture-in-picture; web-share\" referrerpolicy=\"strict-origin-when-cross-origin\" allowfullscreen><\/iframe>\n<\/div><\/figure>\n","protected":false},"excerpt":{"rendered":"<p>Jenson Button, campe\u00e3o mundial de 2009 da F\u00f3rmula 1, descartou possibilidade de correr na Indy por conta da dif\u00edcil adapta\u00e7\u00e3o e da falta de testes na categoria, e afirmou que disputar as 24 Horas de Le Mans em 2023 \u00e9 seu novo objetivo na carreira<\/p>\n","protected":false},"author":0,"featured_media":1000445629,"comment_status":"closed","ping_status":"closed","sticky":false,"template":"","format":"standard","meta":{"42wp_featured_image_caption":"","42wp_featured_image_credits":"","42wp_featured_video":"","42wp_featured_image_hidden":false,"42wp_authors_list":[],"footnotes":""},"categories":[3],"tags":[619,93,5601,94,678,27659],"42wp_author":[47138],"class_list":["post-122353","post","type-post","status-publish","format-standard","has-post-thumbnail","hentry","category-indy","tag-formula-indy","tag-indy","tag-indy-2021","tag-indycar","tag-jenson-button","tag-le-mans-2023","42wp_author-lucascouto"],"_links":{"self":[{"href":"https:\/\/grandepremio.com\/br\/wp-json\/wp\/v2\/posts\/122353","targetHints":{"allow":["GET"]}}],"collection":[{"href":"https:\/\/grandepremio.com\/br\/wp-json\/wp\/v2\/posts"}],"about":[{"href":"https:\/\/grandepremio.com\/br\/wp-json\/wp\/v2\/types\/post"}],"replies":[{"embeddable":true,"href":"https:\/\/grandepremio.com\/br\/wp-json\/wp\/v2\/comments?post=122353"}],"version-history":[{"count":0,"href":"https:\/\/grandepremio.com\/br\/wp-json\/wp\/v2\/posts\/122353\/revisions"}],"wp:featuredmedia":[{"embeddable":true,"href":"https:\/\/grandepremio.com\/br\/wp-json\/wp\/v2\/media\/1000445629"}],"wp:attachment":[{"href":"https:\/\/grandepremio.com\/br\/wp-json\/wp\/v2\/media?parent=122353"}],"wp:term":[{"taxonomy":"category","embeddable":true,"href":"https:\/\/grandepremio.com\/br\/wp-json\/wp\/v2\/categories?post=122353"},{"taxonomy":"post_tag","embeddable":true,"href":"https:\/\/grandepremio.com\/br\/wp-json\/wp\/v2\/tags?post=122353"},{"taxonomy":"42wp_author","embeddable":true,"href":"https:\/\/grandepremio.com\/br\/wp-json\/wp\/v2\/42wp_author?post=122353"}],"curies":[{"name":"wp","href":"https:\/\/api.w.org\/{rel}","templated":true}]}}