{"id":122355,"date":"2021-04-06T04:30:00","date_gmt":"2021-04-06T07:30:00","guid":{"rendered":"https:\/\/grandepremio.com\/br\/noticias\/chefao-da-f1-diz-finalizar-detalhes-para-estrear-corrida-sprint-no-gp-da-inglaterra\/"},"modified":"2021-04-05T21:07:13","modified_gmt":"2021-04-06T00:07:13","slug":"chefao-da-f1-diz-finalizar-detalhes-para-estrear-corrida-sprint-no-gp-da-inglaterra","status":"publish","type":"post","link":"https:\/\/grandepremio.com\/br\/f1\/chefao-da-f1-diz-finalizar-detalhes-para-estrear-corrida-sprint-no-gp-da-inglaterra\/","title":{"rendered":"Chef\u00e3o da F1 diz \u201cfinalizar detalhes\u201d para estrear corrida sprint no GP da Inglaterra"},"content":{"rendered":"\n<figure class=\"wp-block-video\"><video class=\"video-js vjs-big-play-centered\" data-gp-vjs=\"1\" controls src=\"https:\/\/www.grandepremio.com\/br\/wp-content\/uploads\/l-videos\/2021-04-04_MotoGP_GPDoha_domingo_editado.mp4\"><\/video><figcaption>Assista aos melhores momentos do GP de Doha de MotoGP (V\u00eddeo: GRANDE PR\u00caMIO com Reuters)<\/figcaption><\/figure>\n\n\n\n<p class=\"wp-block-paragraph\">O formato de corrida sprint est\u00e1 em vias de virar realidade na F\u00f3rmula 1. A novidade, uma corrida de classifica\u00e7\u00e3o no s\u00e1bado para definir o grid do GP no domingo, j\u00e1 foi aprovada para ser testada em 2021, com a estreia provavelmente acontecendo no GP da Inglaterra em Silverstone, em julho.<\/p>\n\n\n\n<p class=\"wp-block-paragraph\">Quem apontou isso foi Stefano Domenicali, sucessor de Chase Carey como l\u00edder da F\u00f3rmula 1 na gest\u00e3o do Liberty Media. De acordo com o dirigente, faltam apenas \u201cdetalhes\u201d antes de confirmar uma corrida de classifica\u00e7\u00e3o em Silverstone.<\/p>\n\n\n\n<p class=\"wp-block-paragraph\">\u201cEstamos finalizando os \u00faltimos detalhes\u201d, disse Domenicali, entrevistado pela Sky Sports italiana. \u201cA gente gostaria de ter um fim de semana muito mais intenso, com uma hora de treino livre na sexta-feira, classifica\u00e7\u00e3o para a corrida sprint, com essa definindo o grid da corrida de verdade no domingo. Tudo para ter mais intensidade e gerar mais interesse. Queremos definir todos os detalhes para fazer esse experimento, que eu posso confirmar que deve acontecer em Silverstone. Depois, voltaremos a propor isso para o ano que vem\u201d, seguiu.<\/p>\n\n\n\n<p class=\"wp-block-paragraph\"><strong>Conhe\u00e7a o canal do Grande Pr\u00eamio no YouTube! Clique\u00a0<a rel=\"noreferrer noopener\" href=\"https:\/\/youtube.com\/GrandePremioTV\" target=\"_blank\">aqui<\/a>.<br>Siga o Grande Pr\u00eamio no\u00a0<a rel=\"noreferrer noopener\" href=\"https:\/\/twitter.com\/grandepremio\" target=\"_blank\">Twitter\u00a0<\/a>e no\u00a0<a rel=\"noreferrer noopener\" href=\"https:\/\/instagram.com\/grandepremio\" target=\"_blank\">Instagram<\/a>!<\/strong><\/p>\n\n\n\n<figure class=\"wp-block-image size-large is-resized\"><img loading=\"lazy\" decoding=\"async\" src=\"https:\/\/www.grandepremio.com\/br\/wp-content\/uploads\/2020\/09\/000-8qj6vg-1024x683.jpg\" alt=\"F1; F\u00d3RMULA 1; STEFANO DOMENICALI;\" class=\"wp-image-421831\" width=\"840\" height=\"560\"\/><figcaption>Stefano Domenicali \u00e9 novo chef\u00e3o da F\u00f3rmula 1, e j\u00e1 trazendo novidades (Foto: Lamborghini)<\/figcaption><\/figure>\n\n\n\n<p class=\"wp-block-paragraph\">O objetivo da F1 \u00e9 usar corridas em 2021 como teste visando uma implementa\u00e7\u00e3o completa do formato para 2022. Ainda n\u00e3o est\u00e1 claro se o plano \u00e9 testar apenas em Silverstone ou em outras corridas do segundo semestre.<\/p>\n\n\n\n<p class=\"wp-block-paragraph\">A proposta das corridas de classifica\u00e7\u00e3o \u00e9 debatida para valer desde 2019, mas nunca vingou. As equipes de ponta n\u00e3o queriam apoiar um formato que implicava em grid invertido. A solu\u00e7\u00e3o foi simples: a ordem final da corrida de classifica\u00e7\u00e3o, ou corrida sprint, <strong><a href=\"https:\/\/www.grandepremio.com\/br\/f1\/noticias\/pontos-para-top-8-e-100-km-de-distancia-proposta-de-corrida-sprint-na-f1-ganha-forma\/\">ser\u00e1 a mesma do grid de largada no domingo<\/a><\/strong>.<\/p>\n\n\n\n<p class=\"wp-block-paragraph\">A princ\u00edpio, a corrida de classifica\u00e7\u00e3o de Silverstone ser\u00e1 em 17 de julho, seguida pelo GP da Inglaterra propriamente dito em 18 de julho. A vers\u00e3o definitiva do formato s\u00f3 ser\u00e1 divulgada junto da confirma\u00e7\u00e3o oficial da F1.<\/p>\n","protected":false},"excerpt":{"rendered":"<p>A corrida de classifica\u00e7\u00e3o, ou sprint, vai virar realidade na F1. De acordo com o chef\u00e3o Stefano Domenicali, a novidade est\u00e1 em vias de ser testada no GP da Inglaterra, em Silverstone<\/p>\n","protected":false},"author":0,"featured_media":1000405439,"comment_status":"closed","ping_status":"closed","sticky":false,"template":"","format":"standard","meta":{"42wp_featured_image_caption":"","42wp_featured_image_credits":"","42wp_featured_video":"","42wp_featured_image_hidden":false,"42wp_authors_list":[],"footnotes":""},"categories":[2],"tags":[5921,156,24837,1505,3632,907],"42wp_author":[47118],"class_list":["post-122355","post","type-post","status-publish","format-standard","has-post-thumbnail","hentry","category-f1","tag-corrida-sprint","tag-f1-2021","tag-formula-1-2","tag-gp-da-inglaterra","tag-silverstone","tag-stefano-domenicali","42wp_author-vitor-fazio"],"_links":{"self":[{"href":"https:\/\/grandepremio.com\/br\/wp-json\/wp\/v2\/posts\/122355","targetHints":{"allow":["GET"]}}],"collection":[{"href":"https:\/\/grandepremio.com\/br\/wp-json\/wp\/v2\/posts"}],"about":[{"href":"https:\/\/grandepremio.com\/br\/wp-json\/wp\/v2\/types\/post"}],"replies":[{"embeddable":true,"href":"https:\/\/grandepremio.com\/br\/wp-json\/wp\/v2\/comments?post=122355"}],"version-history":[{"count":0,"href":"https:\/\/grandepremio.com\/br\/wp-json\/wp\/v2\/posts\/122355\/revisions"}],"wp:featuredmedia":[{"embeddable":true,"href":"https:\/\/grandepremio.com\/br\/wp-json\/wp\/v2\/media\/1000405439"}],"wp:attachment":[{"href":"https:\/\/grandepremio.com\/br\/wp-json\/wp\/v2\/media?parent=122355"}],"wp:term":[{"taxonomy":"category","embeddable":true,"href":"https:\/\/grandepremio.com\/br\/wp-json\/wp\/v2\/categories?post=122355"},{"taxonomy":"post_tag","embeddable":true,"href":"https:\/\/grandepremio.com\/br\/wp-json\/wp\/v2\/tags?post=122355"},{"taxonomy":"42wp_author","embeddable":true,"href":"https:\/\/grandepremio.com\/br\/wp-json\/wp\/v2\/42wp_author?post=122355"}],"curies":[{"name":"wp","href":"https:\/\/api.w.org\/{rel}","templated":true}]}}