{"id":122360,"date":"2021-04-05T16:46:54","date_gmt":"2021-04-05T19:46:54","guid":{"rendered":"https:\/\/grandepremio.com\/br\/noticias\/quartararo-bate-ducati-e-da-vitoria-a-yamaha-na-motogp-assista-como-foi-o-gp-de-doha\/"},"modified":"2021-04-05T16:51:31","modified_gmt":"2021-04-05T19:51:31","slug":"quartararo-bate-ducati-e-da-vitoria-a-yamaha-na-motogp-assista-como-foi-o-gp-de-doha","status":"publish","type":"post","link":"https:\/\/grandepremio.com\/br\/motogp\/quartararo-bate-ducati-e-da-vitoria-a-yamaha-na-motogp-assista-como-foi-o-gp-de-doha\/","title":{"rendered":"Quartararo bate Ducati e d\u00e1 vit\u00f3ria \u00e0 Yamaha na MotoGP: assista como foi o GP de Doha"},"content":{"rendered":"\n<figure class=\"wp-block-video\"><video class=\"video-js vjs-big-play-centered\" data-gp-vjs=\"1\" controls src=\"https:\/\/www.grandepremio.com\/br\/wp-content\/uploads\/l-videos\/2021-04-04_MotoGP_GPDoha_domingo_editado.mp4\"><\/video><figcaption>Assista aos melhores momentos do GP de Doha de MotoGP (V\u00eddeo: GRANDE PR\u00caMIO com Reuters)<\/figcaption><\/figure>\n\n\n\n<p class=\"wp-block-paragraph\">Fabio Quartararo largou na quinta coloca\u00e7\u00e3o do grid, mas acabou despencando para o nono posto ainda no in\u00edcio da prova em Losail. Mesmo assim, o franc\u00eas de Nice conseguiu se recompor, tomou a lideran\u00e7a de Jorge Mart\u00edn j\u00e1 na reta final da disputa, rompeu o pelot\u00e3o e venceu com 1s457 de margem para Johann Zarco, <a href=\"https:\/\/www.grandepremio.com\/br\/motogp\/noticias\/fabio-quartararo-caca-ducati-escapa-para-vencer-gp-doha-johann-zarco-bate-jorge-martin\/\">que assegurou o segundo posto tamb\u00e9m no fim do GP de Doha<\/a>.<\/p>\n\n\n\n<p class=\"wp-block-paragraph\"><strong>LEIA TAMB\u00c9M<\/strong><br>\u21dd\u00a0<strong><a href=\"https:\/\/www.grandepremio.com\/br\/motogp\/noticias\/serie-drive-to-survive-impulso-necessario-expansao-motogp\/\" target=\"_blank\" rel=\"noreferrer noopener\">S\u00e9rie \u00e0 la \u2018Drive to Survive\u2019 \u00e9 impulso necess\u00e1rio para expans\u00e3o da\u00a0<\/a><a href=\"https:\/\/www.grandepremio.com\/br\/motogp\/\" target=\"_blank\" rel=\"noreferrer noopener\">MotoGP<\/a><\/strong><\/p>\n\n\n\n<p class=\"wp-block-paragraph\">Embora a Yamaha tenha um hist\u00f3rico favor\u00e1vel na pista do Catar, as Ducati entraram como favoritas neste come\u00e7o de temporada, especialmente por conta da for\u00e7a do motor, mas, assim como Maverick Vi\u00f1ales tinha feito no GP do Catar, Fabio conseguiu aproveitar as for\u00e7as da YZR-M1 para vencer.<\/p>\n\n\n\n<p class=\"wp-block-paragraph\">A MotoGP retorna \u00e0s pistas em 18 de abril para o GP de Portugal, em Portim\u00e3o, terceira etapa da temporada 2021 do Mundial de Motovelocidade.<\/p>\n\n\n\n<p class=\"wp-block-paragraph\"><strong>Conhe\u00e7a o canal do Grande Pr\u00eamio no\u00a0<a href=\"https:\/\/www.youtube.com\/GrandePremioTV\">YouTube<\/a>.<br>Siga o Grande Pr\u00eamio no\u00a0<a rel=\"noreferrer noopener\" href=\"https:\/\/twitter.com\/grandepremio\" target=\"_blank\">Twitter\u00a0<\/a>e no\u00a0<a rel=\"noreferrer noopener\" href=\"https:\/\/instagram.com\/grandepremio\" target=\"_blank\">Instagram<\/a>.<\/strong><\/p>\n","protected":false},"excerpt":{"rendered":"<p>Fabio Quartararo conquistou a vit\u00f3ria no GP de Doha da MotoGP neste domingo. Largando da quinta coloca\u00e7\u00e3o, o franc\u00eas escalou o pelot\u00e3o para disputar com as Ducati o triunfo, o segundo da Yamaha neste in\u00edcio de temporada<\/p>\n","protected":false},"author":0,"featured_media":1000461237,"comment_status":"closed","ping_status":"closed","sticky":false,"template":"","format":"standard","meta":{"42wp_featured_image_caption":"","42wp_featured_image_credits":"","42wp_featured_video":"","42wp_featured_image_hidden":false,"42wp_authors_list":[],"footnotes":""},"categories":[8],"tags":[131,110,78,490,154,24842,24833,172],"42wp_author":[47115],"class_list":["post-122360","post","type-post","status-publish","format-standard","has-post-thumbnail","hentry","category-motogp","tag-ducati","tag-fabio-quartararo","tag-motogp","tag-motogp-2021","tag-temporada-2021","tag-video-2","tag-vitoria-2","tag-yamaha","42wp_author-evelyn-guimaraes"],"_links":{"self":[{"href":"https:\/\/grandepremio.com\/br\/wp-json\/wp\/v2\/posts\/122360","targetHints":{"allow":["GET"]}}],"collection":[{"href":"https:\/\/grandepremio.com\/br\/wp-json\/wp\/v2\/posts"}],"about":[{"href":"https:\/\/grandepremio.com\/br\/wp-json\/wp\/v2\/types\/post"}],"replies":[{"embeddable":true,"href":"https:\/\/grandepremio.com\/br\/wp-json\/wp\/v2\/comments?post=122360"}],"version-history":[{"count":0,"href":"https:\/\/grandepremio.com\/br\/wp-json\/wp\/v2\/posts\/122360\/revisions"}],"wp:featuredmedia":[{"embeddable":true,"href":"https:\/\/grandepremio.com\/br\/wp-json\/wp\/v2\/media\/1000461237"}],"wp:attachment":[{"href":"https:\/\/grandepremio.com\/br\/wp-json\/wp\/v2\/media?parent=122360"}],"wp:term":[{"taxonomy":"category","embeddable":true,"href":"https:\/\/grandepremio.com\/br\/wp-json\/wp\/v2\/categories?post=122360"},{"taxonomy":"post_tag","embeddable":true,"href":"https:\/\/grandepremio.com\/br\/wp-json\/wp\/v2\/tags?post=122360"},{"taxonomy":"42wp_author","embeddable":true,"href":"https:\/\/grandepremio.com\/br\/wp-json\/wp\/v2\/42wp_author?post=122360"}],"curies":[{"name":"wp","href":"https:\/\/api.w.org\/{rel}","templated":true}]}}