{"id":122362,"date":"2021-04-05T15:00:00","date_gmt":"2021-04-05T18:00:00","guid":{"rendered":"https:\/\/grandepremio.com\/br\/noticias\/paddock-gp-233-cutucada-da-mercedes-e-protestos-antirracistas-na-f1\/"},"modified":"2021-04-05T13:52:52","modified_gmt":"2021-04-05T16:52:52","slug":"paddock-gp-233-cutucada-da-mercedes-e-protestos-antirracistas-na-f1","status":"publish","type":"post","link":"https:\/\/grandepremio.com\/br\/grande-premio\/paddock-gp-233-cutucada-da-mercedes-e-protestos-antirracistas-na-f1\/","title":{"rendered":"Paddock GP #233 repercute cutucada da Mercedes e protestos antirracistas na F1"},"content":{"rendered":"\n<figure class=\"wp-block-embed is-type-video is-provider-youtube wp-block-embed-youtube wp-embed-aspect-16-9 wp-has-aspect-ratio\"><div class=\"wp-block-embed__wrapper\">\n<iframe loading=\"lazy\" title=\"MERCEDES E TOTO WOLFF SEM RESPEITO POR RIVAIS NA F1. MAS QUEM? | PADDOCK GP #233\" width=\"500\" height=\"281\" src=\"https:\/\/www.youtube.com\/embed\/vUoaX7WDCXc?feature=oembed\" frameborder=\"0\" allow=\"accelerometer; autoplay; clipboard-write; encrypted-media; gyroscope; picture-in-picture; web-share\" referrerpolicy=\"strict-origin-when-cross-origin\" allowfullscreen><\/iframe>\n<\/div><\/figure>\n\n\n\n<p class=\"wp-block-paragraph\">A edi\u00e7\u00e3o #233 do Paddock GP, a mesa redonda composta por jornalistas do\u00a0<strong>GRANDE PR\u00caMIO<\/strong>\u00a0para debater as \u00faltimas novidades do esporte a motor, vai ao ar nesta segunda-feira (5), \u00e0s 19h (hor\u00e1rio de Bras\u00edlia. GMT -3), no canal\u00a0<a href=\"https:\/\/www.youtube.com\/c\/GrandePremioTV\/featured\">do GP no YouTube<\/a>.<\/p>\n\n\n\n<p class=\"wp-block-paragraph\">Victor Martins comanda a atra\u00e7\u00e3o virtual junto de Gabriel Curty e Evelyn Guimar\u00e3es. A produ\u00e7\u00e3o \u00e9 de Rodrigo Berton.<\/p>\n\n\n\n<figure class=\"wp-block-image size-large\"><img decoding=\"async\" src=\"https:\/\/www.grandepremio.com\/br\/wp-content\/uploads\/2020\/05\/M260844-1024x683.jpg\" alt=\"TOTO WOLFF; MERCEDES; GP DO BAHREIN;\" class=\"wp-image-461043\"\/><figcaption>Toto Wolff afirmou que perdeu respeito por pessoas na F1 (Foto: Mercedes)<\/figcaption><\/figure>\n\n\n\n<p class=\"wp-block-paragraph\">O programa repercute a declara\u00e7\u00e3o de Toto Wolff, chefe da Mercedes, que afirmou que n\u00e3o nutre mais respeito por algumas personalidades da F\u00f3rmula 1. A atra\u00e7\u00e3o tamb\u00e9m vai abordar a baixa ades\u00e3o aos protestos antirracistas da F\u00f3rmula 1.<\/p>\n\n\n\n<p class=\"wp-block-paragraph\">Aproveite para se<a href=\"https:\/\/www.youtube.com\/c\/GrandePremioTV\/featured\">&nbsp;inscrever no canal do&nbsp;<strong>GRANDE PR\u00caMIO&nbsp;<\/strong>no YouTube<\/a>&nbsp;e n\u00e3o perder as atra\u00e7\u00f5es, incluindo o Paddock GP, que vai ao ar toda segunda-feira e ao vivo.<\/p>\n\n\n\n<p class=\"wp-block-paragraph\"><strong>Conhe\u00e7a o canal do Grande Pr\u00eamio no YouTube! Clique\u00a0<a rel=\"noreferrer noopener\" href=\"https:\/\/youtube.com\/GrandePremioTV\" target=\"_blank\">aqui<\/a>.<br>Siga o Grande Pr\u00eamio no\u00a0<a rel=\"noreferrer noopener\" href=\"https:\/\/twitter.com\/grandepremio\" target=\"_blank\">Twitter\u00a0<\/a>e no\u00a0<a rel=\"noreferrer noopener\" href=\"https:\/\/instagram.com\/grandepremio\" target=\"_blank\">Instagram<\/a>!<\/strong><\/p>\n\n\n\n<figure class=\"wp-block-video\"><video class=\"video-js vjs-big-play-centered\" data-gp-vjs=\"1\" controls src=\"https:\/\/www.grandepremio.com\/br\/wp-content\/uploads\/l-videos\/2021-03-28_F1_GPBahrein_domingo_editado.mp4\"><\/video><figcaption>Hamilton vence na estrat\u00e9gia e pega Verstappen: assista como foi o GP do Bahrein (V\u00eddeo: GRANDE PR\u00caMIO com Reuters)<\/figcaption><\/figure>\n","protected":false},"excerpt":{"rendered":"<p>Atra\u00e7\u00e3o vai ao ar \u00e0s 19h no YouTube para a an\u00e1lise do que movimentou a semana sem corrida na F\u00f3rmula 1. Victor Martins comanda programa junto de Evelyn Guimar\u00e3es e Gabriel Curty<\/p>\n","protected":false},"author":0,"featured_media":1000459423,"comment_status":"closed","ping_status":"closed","sticky":false,"template":"","format":"standard","meta":{"42wp_featured_image_caption":"","42wp_featured_image_credits":"","42wp_featured_video":"","42wp_featured_image_hidden":false,"42wp_authors_list":[],"footnotes":""},"categories":[4],"tags":[147,1754,87,82,1537,150],"42wp_author":[47119],"class_list":["post-122362","post","type-post","status-publish","format-standard","has-post-thumbnail","hentry","category-grande-premio","tag-f1","tag-gp-do-bahrein","tag-lewis-hamilton","tag-mercedes","tag-paddock-gp","tag-toto-wolff","42wp_author-gabriel-carvalho"],"_links":{"self":[{"href":"https:\/\/grandepremio.com\/br\/wp-json\/wp\/v2\/posts\/122362","targetHints":{"allow":["GET"]}}],"collection":[{"href":"https:\/\/grandepremio.com\/br\/wp-json\/wp\/v2\/posts"}],"about":[{"href":"https:\/\/grandepremio.com\/br\/wp-json\/wp\/v2\/types\/post"}],"replies":[{"embeddable":true,"href":"https:\/\/grandepremio.com\/br\/wp-json\/wp\/v2\/comments?post=122362"}],"version-history":[{"count":0,"href":"https:\/\/grandepremio.com\/br\/wp-json\/wp\/v2\/posts\/122362\/revisions"}],"wp:featuredmedia":[{"embeddable":true,"href":"https:\/\/grandepremio.com\/br\/wp-json\/wp\/v2\/media\/1000459423"}],"wp:attachment":[{"href":"https:\/\/grandepremio.com\/br\/wp-json\/wp\/v2\/media?parent=122362"}],"wp:term":[{"taxonomy":"category","embeddable":true,"href":"https:\/\/grandepremio.com\/br\/wp-json\/wp\/v2\/categories?post=122362"},{"taxonomy":"post_tag","embeddable":true,"href":"https:\/\/grandepremio.com\/br\/wp-json\/wp\/v2\/tags?post=122362"},{"taxonomy":"42wp_author","embeddable":true,"href":"https:\/\/grandepremio.com\/br\/wp-json\/wp\/v2\/42wp_author?post=122362"}],"curies":[{"name":"wp","href":"https:\/\/api.w.org\/{rel}","templated":true}]}}