{"id":12238,"date":"2026-02-11T07:27:16","date_gmt":"2026-02-11T10:27:16","guid":{"rendered":"https:\/\/grandepremio.com\/br\/noticias\/pepe-marti-ve-f1-especial-reforca-compromisso-formula-meu-futuro-e-aqui\/"},"modified":"2026-02-11T07:30:28","modified_gmt":"2026-02-11T10:30:28","slug":"pepe-marti-ve-f1-especial-reforca-compromisso-formula-meu-futuro-e-aqui","status":"publish","type":"post","link":"https:\/\/grandepremio.com\/br\/formula-e\/pepe-marti-ve-f1-especial-reforca-compromisso-formula-meu-futuro-e-aqui\/","title":{"rendered":"Mart\u00ed v\u00ea F1 \u201cespecial\u201d, mas refor\u00e7a foco na F\u00f3rmula E: \u201cMeu futuro \u00e9 aqui\u201d"},"content":{"rendered":"\n<p class=\"wp-block-paragraph\">Fazendo a estreia na F\u00f3rmula E na temporada 2025\/26, <strong>Pepe Mart\u00ed<\/strong> parece cada vez mais satisfeito com a participa\u00e7\u00e3o na categoria. Depois de recalcular a rota da carreira ao se ver sem chances de assumir um lugar na <strong>F\u00f3rmula 1<\/strong>, o espanhol reconheceu que a principal categoria do automobilismo tem algo de especial, mas refor\u00e7ou que o objetivo \u00e9 seguir competindo na categoria dos carros el\u00e9tricos.<\/p>\n\n\n\n<p class=\"wp-block-paragraph\"><strong>Mart\u00ed <\/strong>teve a carreira gerenciada pela <strong>A14<\/strong>, empresa de <strong>Fernando Alonso<\/strong>, fez parte da academia de pilotos da <strong>Red Bull <\/strong>e conseguiu resultados interessantes nas categorias de base. Na <strong>F\u00f3rmula 3,<\/strong> em 2023, venceu tr\u00eas corridas e chegou a brigar pelo t\u00edtulo, mas fechou a campanha na quinta coloca\u00e7\u00e3o.<\/p>\n\n\n\n<p class=\"wp-block-paragraph\">No ano seguinte, saltou para a <strong>F\u00f3rmula 2<\/strong> e teve um primeiro ano dif\u00edcil, embora tenha vencido a corrida sprint em <strong>Abu Dhabi<\/strong>. Em 2025, fez uma temporada mais consistente e venceu tr\u00eas provas. Por\u00e9m, com a<strong> Red Bull <\/strong>dando prefer\u00eancia a<strong> Arvid Lindblad<\/strong> para a promo\u00e7\u00e3o \u00e0 <strong>Racing Bulls<\/strong>, <strong>Mart\u00ed <\/strong>recalculou a rota, n\u00e3o completou a campanha na <strong>F2 <\/strong>e assinou com a <strong>Cupra Kiro <\/strong>na <strong>F\u00f3rmula E<\/strong>.<\/p>\n\n\n\n<p class=\"wp-block-paragraph\">Depois de uma estreia dif\u00edcil no <strong>eP de S\u00e3o Paulo<\/strong>, <strong>Mart\u00ed <\/strong>passou a se adaptar melhor \u00e0 categoria, marcou pontos nos <strong>ePs da Cidade do M\u00e9xico<\/strong> e de <strong>Miami <\/strong>e, embora tenha elogiado a <strong>F1<\/strong>, refor\u00e7ou o compromisso com a <strong>F\u00f3rmula E<\/strong>.<\/p>\n\n\n\n<figure class=\"wp-block-image size-large\"><img decoding=\"async\" src=\"https:\/\/www.grandepremio.com\/br\/wp-content\/uploads\/2026\/02\/img_24-1200x800.jpg\" alt=\"\" class=\"wp-image-1054794\"\/><figcaption class=\"wp-element-caption\">Pepe Mart\u00ed marcou pontos nas duas \u00fatlimas etapas da F\u00f3rmula E (Foto: Porsche)<\/figcaption><\/figure>\n\n\n\n<p class=\"wp-block-paragraph\">\u201cA F1 \u00e9 especial e \u00e9 muito dif\u00edcil fazer parte do grid. Mas estou feliz onde estou e muito feliz com minha equipe. Eles me d\u00e3o um apoio espetacular, nunca recebi tanto apoio de uma marca em toda a minha carreira. A equipe \u00e9 fant\u00e1stica, e a mudan\u00e7a de ares tamb\u00e9m foi muito boa para mim, para recome\u00e7ar, para voltar e encontrar aquele 1% a mais\u201d, disse <strong>Mart\u00ed<\/strong>.<\/p>\n\n\n\n<p class=\"wp-block-paragraph\">\u201cA organiza\u00e7\u00e3o do campeonato tamb\u00e9m \u00e9 fant\u00e1stica, e agora vejo o meu futuro aqui, no campeonato. \u00c9 dif\u00edcil prever o que acontecer\u00e1 daqui a 5 ou 10 anos, mas agora, pensando no pr\u00f3ximo ano, ou daqui a tr\u00eas ou quatro anos, eu realmente quero estar aqui\u201d, finalizou <strong>Mart\u00ed<\/strong>.<\/p>\n\n\n\n<p class=\"wp-block-paragraph\">A&nbsp;<strong>F\u00f3rmula E<\/strong>&nbsp;volta com for\u00e7a total neste fim de semana, na rodada dupla do&nbsp;<strong>eP de Jed\u00e1<\/strong>, disputado no&nbsp;<strong>Circuito de Jed\u00e1-Corniche<\/strong>. O&nbsp;<strong>TL1<\/strong>&nbsp;come\u00e7a \u00e0s 14h (hor\u00e1rio de Bras\u00edlia) de quinta-feira (12). Na sexta-feira, o&nbsp;<strong>TL2&nbsp;<\/strong>come\u00e7a \u00e0s 7h30, com&nbsp;<strong>classifica\u00e7\u00e3o&nbsp;<\/strong>\u00e0s 9h40 e transmiss\u00e3o do&nbsp;<strong>eP de Jed\u00e1 1<\/strong>&nbsp;a partir de 13h30. O&nbsp;<strong>TL3&nbsp;<\/strong>\u00e0s 7h30 de s\u00e1bado, com&nbsp;<strong>classifica\u00e7\u00e3o&nbsp;<\/strong>\u00e0s 9h40 e transmiss\u00e3o do&nbsp;<strong>eP de Jed\u00e1 2<\/strong>&nbsp;a partir de 13h30. O&nbsp;<strong>GRANDE PR\u00caMIO<\/strong>&nbsp;transmite o evento completo&nbsp;<strong>AO VIVO e COM IMAGENS<\/strong>&nbsp;na&nbsp;<strong>GPTV<\/strong>.<\/p>\n\n\n\n<p class=\"wp-block-paragraph\"><strong>\u25b6\ufe0f&nbsp;Inscreva-se nos dois canais do GRANDE PR\u00caMIO no YouTube:&nbsp;<\/strong><a href=\"https:\/\/www.youtube.com\/channel\/UC9OlHEgxoaY6QY6nWPoiqQg?sub_confirmation=1\" target=\"_blank\" rel=\"noreferrer noopener\"><strong>GP&nbsp;|&nbsp;GPTV<\/strong><\/a><\/p>\n\n\n\n<h2 class=\"wp-block-heading\" id=\"h-ep-de-jeda-da-formula-e-nbsp-veja-os-horarios-em-brasil-cabo-verde-nbsp-portugal-angola-e-mocambique\"><strong>eP de Jed\u00e1 da F\u00f3rmula E:&nbsp;veja os hor\u00e1rios em Brasil, Cabo Verde,&nbsp;<a href=\"https:\/\/grandepremio.pt\/\" target=\"_blank\" rel=\"noreferrer noopener\">Portugal<\/a>, Angola e Mo\u00e7ambique<\/strong><\/h2>\n\n\n\n<figure class=\"wp-block-table\"><table class=\"has-fixed-layout\"><tbody><tr><td><strong>&nbsp;Data<\/strong><\/td><td><strong>&nbsp;Sess\u00e3o<\/strong><\/td><td><strong>BRA*<\/strong><\/td><td><strong>CBV<\/strong><\/td><td><strong>POR<\/strong><br><strong>ANG<\/strong><\/td><td><strong>MOZ<\/strong><\/td><\/tr><tr><td>Quinta-feira (12)<\/td><td>Treino livre 1<\/td><td>14:00<\/td><td>17:00<\/td><td>18:00<\/td><td>19:00<\/td><\/tr><tr><td>Sexta-feira (13)<\/td><td>Treino livre 2<\/td><td>7:30<\/td><td>10:30<\/td><td>11:30<\/td><td>12:30<\/td><\/tr><tr><td>Sexta-feira (13)<\/td><td>Classifica\u00e7\u00e3o<\/td><td>9:40<\/td><td>12:40<\/td><td>13:40<\/td><td>14:40<\/td><\/tr><tr><td>Sexta-feira (13)<\/td><td>Corrida 1<\/td><td>14:05<\/td><td>17:05<\/td><td>18:05<\/td><td>19:05<\/td><\/tr><tr><td>S\u00e1bado (14)<\/td><td>Treino livre 3<\/td><td>7:30<\/td><td>10:30<\/td><td>11:30<\/td><td>12:30<\/td><\/tr><tr><td>S\u00e1bado (14)<\/td><td>Classifica\u00e7\u00e3o<\/td><td>9:40<\/td><td>12:40<\/td><td>13:40<\/td><td>14:40<\/td><\/tr><tr><td>S\u00e1bado (14)<\/td><td>Corrida 2<\/td><td>14:05<\/td><td>17:05<\/td><td>18:05<\/td><td>19:05<\/td><\/tr><\/tbody><\/table><\/figure>\n\n\n\n<p class=\"wp-block-paragraph\"><em>*Hor\u00e1rios de Bras\u00edlia (GMT-3)<\/em><\/p>\n\n\n\n<h2 class=\"wp-block-heading\" id=\"h-formula-e-hoje-saiba-aqui-as-noticias-mais-importantes-do-dia\"><strong>F\u00f3rmula E hoje: saiba aqui as not\u00edcias mais importantes do dia<\/strong><\/h2>\n\n\n\n<p class=\"wp-block-paragraph\"><strong>\u25b6\ufe0f&nbsp;<a href=\"https:\/\/www.grandepremio.com\/br\/formula-e\/noticias\/porsche-demonstra-alivio-podio-duplo-miami-finalmente-conseguimos-pontos\/\"><\/a><a href=\"https:\/\/www.grandepremio.com\/br\/formula-e\/noticias\/5-coisas-que-aprendemos-ep-de-miami-formula-e-2025-26\/\"><\/a><a href=\"https:\/\/www.grandepremio.com\/br\/formula-e\/noticias\/lucas-di-grassi-vital-futuro-lola-yamaha-diz-marcos-gil-nao-vai-colher-frutos\/\">\u201cDi Grassi \u00e9 vital no futuro da Lola Yamaha\u201d, diz Marcos Gil: \u201cMas n\u00e3o vai colher frutos\u201d<\/a><br>\u25b6\ufe0f&nbsp;<a href=\"https:\/\/www.grandepremio.com\/br\/formula-e\/noticias\/lucas-di-grassi-fala-progresso-ep-miami-anima-carro-melhor-cada-corrida\/\"><\/a><a href=\"https:\/\/www.grandepremio.com\/br\/formula-e\/noticias\/formula-e-leva-gen3-evo-pista-barcelona-evento-inovacao-conectividade\/\"><\/a><a href=\"https:\/\/www.grandepremio.com\/br\/formula-e\/noticias\/pascal-wehrlein-expoe-irritacao-problemas-porsche-pede-fim-de-semana-limpo\/\"><\/a><a href=\"https:\/\/www.grandepremio.com\/br\/formula-e\/noticias\/lucas-di-grassi-detalha-plano-futuro-carreira-crava-motivo-seguir-formula-e\/\">Di Grassi detalha plano para futuro da carreira e crava motivo para seguir na F\u00f3rmula E<\/a><br>\u25b6\ufe0f&nbsp;<a href=\"https:\/\/www.grandepremio.com\/br\/formula-e\/noticias\/oliver-rowland-admite-nissan-errou-estrategia-sair-zerado-ep-miami\/\"><\/a><a href=\"https:\/\/www.grandepremio.com\/br\/formula-e\/noticias\/felipe-drugovich-erra-perde-oportunidade-miami-batida-recorte\/\"><\/a><a href=\"https:\/\/www.grandepremio.com\/br\/formula-e\/noticias\/pepe-marti-expoe-insatisfacao-aponta-fator-impediu-resultado-melhor-miami\/\"><\/a><a href=\"https:\/\/www.grandepremio.com\/br\/formula-e\/noticias\/formula-e-confirma-retorno-pit-boost-partir-ep-jeda\/\">F\u00f3rmula E amplia parceria e confirma retorno do Pit Boost a partir do eP de Jed\u00e1<\/a><\/strong><\/p>\n","protected":false},"excerpt":{"rendered":"<p>Pepe Mart\u00ed falou do peso da F\u00f3rmula 1 na carreira de um piloto, mas garantiu que est\u00e1 determinado a seguir na F\u00f3rmula E no futuro<\/p>\n","protected":false},"author":0,"featured_media":1001054527,"comment_status":"closed","ping_status":"closed","sticky":false,"template":"","format":"standard","meta":{"42wp_featured_image_caption":"","42wp_featured_image_credits":"","42wp_featured_video":"","42wp_featured_image_hidden":false,"42wp_authors_list":[],"footnotes":""},"categories":[19],"tags":[34712,41812,147,180,840,33841,4730,1491,28285,35442,36219,33769,204,34650],"42wp_author":[47149],"class_list":["post-12238","post","type-post","status-publish","format-standard","has-post-thumbnail","hentry","category-formula-e","tag-arvid-lindblad","tag-cupra-kiro","tag-f1","tag-formula-1","tag-formula-e","tag-formula-e-no-grande-premio","tag-gptv","tag-grande-premio","tag-grandepremio","tag-horarios-formula-e","tag-onde-assistir-formula-e","tag-pepe-marti","tag-red-bull","tag-transmissao-formula-e","42wp_author-bernardo-castro"],"_links":{"self":[{"href":"https:\/\/grandepremio.com\/br\/wp-json\/wp\/v2\/posts\/12238","targetHints":{"allow":["GET"]}}],"collection":[{"href":"https:\/\/grandepremio.com\/br\/wp-json\/wp\/v2\/posts"}],"about":[{"href":"https:\/\/grandepremio.com\/br\/wp-json\/wp\/v2\/types\/post"}],"replies":[{"embeddable":true,"href":"https:\/\/grandepremio.com\/br\/wp-json\/wp\/v2\/comments?post=12238"}],"version-history":[{"count":0,"href":"https:\/\/grandepremio.com\/br\/wp-json\/wp\/v2\/posts\/12238\/revisions"}],"wp:featuredmedia":[{"embeddable":true,"href":"https:\/\/grandepremio.com\/br\/wp-json\/wp\/v2\/media\/1001054527"}],"wp:attachment":[{"href":"https:\/\/grandepremio.com\/br\/wp-json\/wp\/v2\/media?parent=12238"}],"wp:term":[{"taxonomy":"category","embeddable":true,"href":"https:\/\/grandepremio.com\/br\/wp-json\/wp\/v2\/categories?post=12238"},{"taxonomy":"post_tag","embeddable":true,"href":"https:\/\/grandepremio.com\/br\/wp-json\/wp\/v2\/tags?post=12238"},{"taxonomy":"42wp_author","embeddable":true,"href":"https:\/\/grandepremio.com\/br\/wp-json\/wp\/v2\/42wp_author?post=12238"}],"curies":[{"name":"wp","href":"https:\/\/api.w.org\/{rel}","templated":true}]}}