{"id":122395,"date":"2021-04-04T12:27:23","date_gmt":"2021-04-04T15:27:23","guid":{"rendered":"https:\/\/grandepremio.com\/br\/noticias\/caio-collet-recorde-red-bull-ring-lidera-testes-pre-temporada-formula-3\/"},"modified":"2021-04-04T12:40:32","modified_gmt":"2021-04-04T15:40:32","slug":"caio-collet-recorde-red-bull-ring-lidera-testes-pre-temporada-formula-3","status":"publish","type":"post","link":"https:\/\/grandepremio.com\/br\/f3\/caio-collet-recorde-red-bull-ring-lidera-testes-pre-temporada-formula-3\/","title":{"rendered":"Collet quebra recorde do Red Bull Ring e lidera testes de pr\u00e9-temporada da F\u00f3rmula 3"},"content":{"rendered":"\n<figure class=\"wp-block-video\"><video class=\"video-js vjs-big-play-centered\" data-gp-vjs=\"1\" controls src=\"https:\/\/www.grandepremio.com\/br\/wp-content\/uploads\/l-videos\/2021-03-28_F1_GPBahrein_domingo_editado.mp4\"><\/video><figcaption>Hamilton vence na estrat\u00e9gia e pega Verstappen: assista como foi o GP do Bahrein (V\u00eddeo: GRANDE PR\u00caMIO com Reuters)<\/figcaption><\/figure>\n\n\n\n<p class=\"wp-block-paragraph\">O brasileiro Caio Collet, da MP Motorsport, terminou como o mais r\u00e1pido do segundo dia de testes de pr\u00e9-temporada da F\u00f3rmula 3 em Spielberg, na \u00c1ustria. Com 1min18s555, o tempo do piloto da academia Alpine tamb\u00e9m foi o melhor entre os dois dias de atividades.<\/p>\n\n\n\n<p class=\"wp-block-paragraph\">O paulista, que completou 19 anos no \u00faltimo s\u00e1bado, conseguiu a volta mais r\u00e1pida j\u00e1 na hora final de teste, no domingo. O tempo \u00e9 recorde do Red Bull Ring entre carros de F\u00f3rmula 3. <\/p>\n\n\n\n<p class=\"wp-block-paragraph\">O noruegu\u00eas Dennis Hauger, da Prema, foi o segundo mais r\u00e1pido do domingo, com 1min18s711, seguido pelos ingleses Jak Crawford, da Hitech, e Jonny Edgar, da Carlin. Mais r\u00e1pido da manh\u00e3, o australiano Calan Williams, da Jenzer, ficou em quinto, com 1min18s836. Matteo Nannini, Frederik Vesti, Cl\u00e9ment Novalak, Aleksandr Smolyar e Michael Belov fecharam o top-10 dos testes.<\/p>\n\n\n\n<p class=\"wp-block-paragraph\"><strong>Conhe\u00e7a o canal do Grande Pr\u00eamio no YouTube! Clique\u00a0<a rel=\"noreferrer noopener\" href=\"https:\/\/youtube.com\/GrandePremioTV\" target=\"_blank\">aqui<\/a>.<br>Siga o Grande Pr\u00eamio no\u00a0<a rel=\"noreferrer noopener\" href=\"https:\/\/twitter.com\/grandepremio\" target=\"_blank\">Twitter\u00a0<\/a>e no\u00a0<a rel=\"noreferrer noopener\" href=\"https:\/\/instagram.com\/grandepremio\" target=\"_blank\">Instagram<\/a>!<\/strong><br><strong>WEB STORIES:\u00a0<a target=\"_blank\" rel=\"noreferrer noopener\" href=\"https:\/\/www.grandepremio.com\/br\/web-stories\/f1\/deselegante-piquet-globolixo-band-repreende\/\">Q<\/a><\/strong><a target=\"_blank\" rel=\"noreferrer noopener\" href=\"https:\/\/www.grandepremio.com\/br\/web-stories\/f1\/deselegante-piquet-globolixo-band-repreende\/\"><strong>ue deselegante! Piquet solta \u2018Globolixo\u2019 e Band repreende<\/strong><\/a><\/p>\n\n\n\n<figure class=\"wp-block-image\"><img decoding=\"async\" src=\"https:\/\/pbs.twimg.com\/media\/EyIoSphXIAIX5bQ?format=jpg&amp;name=4096x4096\" alt=\"Imagem\"\/><figcaption>Matteo Nannini, da HWA, fechou o fim de semana no top-5 (Foto: F3)<\/figcaption><\/figure>\n\n\n\n<p class=\"wp-block-paragraph\">Juan Manuel Correa, que retornou \u00e0s pistas 18 meses ap\u00f3s o grave acidente em que fraturou as pernas e teve Anthoine Hubert como v\u00edtima fatal, fechou o fim de semana na 18\u00aa coloca\u00e7\u00e3o.<\/p>\n\n\n\n<p class=\"wp-block-paragraph\">A abertura da temporada 2021 da F\u00f3rmula 3 acontece nos dias 8 e 9 de maio em Barcelona, na Espanha. A mesma pista receber\u00e1 o \u00faltimo teste de pr\u00e9-temporada, que acontece nos dias 21 e 22 de abril.<\/p>\n\n\n\n<p class=\"wp-block-paragraph\"><strong>F3 2021, Testes de pr\u00e9-temporada, Spielberg, tempos de s\u00e1bado e domingo<\/strong>:<\/p>\n\n\n\n<figure class=\"wp-block-table\"><table><tbody><tr><td>1<\/td><td>C COLLET<\/td><td>MP Motorsport<\/td><td>1:18.592<\/td><td>&nbsp;<\/td><\/tr><tr><td>2<\/td><td>D HAUGER<\/td><td>Prema<\/td><td>1:18.711<\/td><td>+0.119<\/td><\/tr><tr><td>3<\/td><td>J CRAWFORD<\/td><td>Hitech<\/td><td>1:18.775<\/td><td>+0.183<\/td><\/tr><tr><td>4<\/td><td>J EDGAR<\/td><td>Carlin<\/td><td>1:18.791<\/td><td>+0.199<\/td><\/tr><tr><td>5<\/td><td>C WILLIAMS<\/td><td>Jenzer<\/td><td>1:18.836<\/td><td>+0.244<\/td><\/tr><tr><td>6<\/td><td>M NANNINI<\/td><td>HWA<\/td><td>1:18.858<\/td><td>+0.266<\/td><\/tr><tr><td>7<\/td><td>F VESTI<\/td><td>ART<\/td><td>1:18.880<\/td><td>+0.288<\/td><\/tr><tr><td>8<\/td><td>C NOVALAK<\/td><td>Trident<\/td><td>1:18.886<\/td><td>+0.294<\/td><\/tr><tr><td>9<\/td><td>A SMOLYAR<\/td><td>ART<\/td><td>1:18.894<\/td><td>+0.302<\/td><\/tr><tr><td>10<\/td><td>M BELOV<\/td><td>Charouz<\/td><td>1:18.894<\/td><td>+0.302<\/td><\/tr><tr><td>11<\/td><td>K FREDERICK<\/td><td>Carlin<\/td><td>1:18.901<\/td><td>+0.309<\/td><\/tr><tr><td>12<\/td><td>V MARTINS<\/td><td>MP Motorsport<\/td><td>1:18.912<\/td><td>+0.320<\/td><\/tr><tr><td>13<\/td><td>L SARGEANT<\/td><td>Charouz<\/td><td>1:18.981<\/td><td>+0.389<\/td><\/tr><tr><td>14<\/td><td>O CALDWELL<\/td><td>Prema<\/td><td>1:18.993<\/td><td>+0.401<\/td><\/tr><tr><td>15<\/td><td>A CORDEEL<\/td><td>Campos<\/td><td>1:19.030<\/td><td>+0.462<\/td><\/tr><tr><td>16<\/td><td>R STANEK<\/td><td>Hitech<\/td><td>1:19.054<\/td><td>+0.462<\/td><\/tr><tr><td>17<\/td><td>D SCHUMACHER<\/td><td>Trident<\/td><td>1:19.086<\/td><td>+0.494<\/td><\/tr><tr><td>18<\/td><td>J CORREA<\/td><td>ART&nbsp;<\/td><td>1:19.189<\/td><td>+0.597<\/td><\/tr><tr><td>19<\/td><td>J DOOHAN<\/td><td>Trident<\/td><td>1:19.238<\/td><td>+0.646<\/td><\/tr><tr><td>20<\/td><td>O RASMUSSEN<\/td><td>HWA<\/td><td>1:19.277<\/td><td>+0.685<\/td><\/tr><tr><td>21<\/td><td>P CHOVET<\/td><td>Jenzer<\/td><td>1:19.296<\/td><td>+0.704<\/td><\/tr><tr><td>22<\/td><td>A IWASA<\/td><td>Hitech<\/td><td>1:19.345<\/td><td>+0.753<\/td><\/tr><tr><td>23<\/td><td>I COHEN<\/td><td>Carlin<\/td><td>1:19.405<\/td><td>+0.813<\/td><\/tr><tr><td>24<\/td><td>A LECLERC<\/td><td>Prema<\/td><td>1:19.415<\/td><td>+0.823<\/td><\/tr><tr><td>25<\/td><td>R VILLAG\u00d3MEZ<\/td><td>HWA<\/td><td>1:19.599<\/td><td>+1.007<\/td><\/tr><tr><td>26<\/td><td>R DE GERUS<\/td><td>Charouz<\/td><td>1:19.625<\/td><td>+1.033<\/td><\/tr><tr><td>27<\/td><td>F UGRAN<\/td><td>Jenzer<\/td><td>1:19.664<\/td><td>+1.072<\/td><\/tr><tr><td>28<\/td><td>L COLOMBO<\/td><td>Campos<\/td><td>1:19.756<\/td><td>+1.164<\/td><\/tr><tr><td>29<\/td><td>L T\u00d3TH<\/td><td>Campos<\/td><td>1:19.822<\/td><td>+1.230<\/td><\/tr><tr><td>30<\/td><td>T VAN DER HELMEN<\/td><td>MP Motorsport<\/td><td>1:20.142<\/td><td>+1.550<\/td><\/tr><\/tbody><\/table><\/figure>\n\n\n\n<figure class=\"wp-block-embed is-type-video is-provider-youtube wp-block-embed-youtube wp-embed-aspect-16-9 wp-has-aspect-ratio\"><div class=\"wp-block-embed__wrapper\">\n<iframe loading=\"lazy\" title=\"F1 2021: ALPHATAURI VAI AMEA\u00c7AR GRANDES COM &amp;apos;FOGUETINHO&amp;apos; | GP \u00e0s 10\" width=\"500\" height=\"281\" src=\"https:\/\/www.youtube.com\/embed\/xUSunEk1ldo?feature=oembed\" frameborder=\"0\" allow=\"accelerometer; autoplay; clipboard-write; encrypted-media; gyroscope; picture-in-picture; web-share\" referrerpolicy=\"strict-origin-when-cross-origin\" allowfullscreen><\/iframe>\n<\/div><\/figure>\n","protected":false},"excerpt":{"rendered":"<p>Caio Collet foi o mais r\u00e1pido no fim de semana de testes da F\u00f3rmula 3 na \u00c1ustria. Piloto da MP Motorsport superou o favorito Dennis Hauger na hora final da atividade<\/p>\n","protected":false},"author":0,"featured_media":1000460994,"comment_status":"closed","ping_status":"closed","sticky":false,"template":"","format":"standard","meta":{"42wp_featured_image_caption":"","42wp_featured_image_credits":"","42wp_featured_video":"","42wp_featured_image_hidden":false,"42wp_authors_list":[],"footnotes":""},"categories":[10],"tags":[448,1008,24945,26907,1306],"42wp_author":[47119],"class_list":["post-122395","post","type-post","status-publish","format-standard","has-post-thumbnail","hentry","category-f3","tag-caio-collet","tag-f3","tag-formula-3-2","tag-formula-3-2021","tag-mp-motorsport","42wp_author-gabriel-carvalho"],"_links":{"self":[{"href":"https:\/\/grandepremio.com\/br\/wp-json\/wp\/v2\/posts\/122395","targetHints":{"allow":["GET"]}}],"collection":[{"href":"https:\/\/grandepremio.com\/br\/wp-json\/wp\/v2\/posts"}],"about":[{"href":"https:\/\/grandepremio.com\/br\/wp-json\/wp\/v2\/types\/post"}],"replies":[{"embeddable":true,"href":"https:\/\/grandepremio.com\/br\/wp-json\/wp\/v2\/comments?post=122395"}],"version-history":[{"count":0,"href":"https:\/\/grandepremio.com\/br\/wp-json\/wp\/v2\/posts\/122395\/revisions"}],"wp:featuredmedia":[{"embeddable":true,"href":"https:\/\/grandepremio.com\/br\/wp-json\/wp\/v2\/media\/1000460994"}],"wp:attachment":[{"href":"https:\/\/grandepremio.com\/br\/wp-json\/wp\/v2\/media?parent=122395"}],"wp:term":[{"taxonomy":"category","embeddable":true,"href":"https:\/\/grandepremio.com\/br\/wp-json\/wp\/v2\/categories?post=122395"},{"taxonomy":"post_tag","embeddable":true,"href":"https:\/\/grandepremio.com\/br\/wp-json\/wp\/v2\/tags?post=122395"},{"taxonomy":"42wp_author","embeddable":true,"href":"https:\/\/grandepremio.com\/br\/wp-json\/wp\/v2\/42wp_author?post=122395"}],"curies":[{"name":"wp","href":"https:\/\/api.w.org\/{rel}","templated":true}]}}