{"id":122435,"date":"2021-04-02T10:28:30","date_gmt":"2021-04-02T13:28:30","guid":{"rendered":"https:\/\/grandepremio.com\/br\/noticias\/maverick-vinales-mostra-irritacao-largadas-ruins-motogp-complicam-corrida\/"},"modified":"2021-04-02T11:07:45","modified_gmt":"2021-04-02T14:07:45","slug":"maverick-vinales-mostra-irritacao-largadas-ruins-motogp-complicam-corrida","status":"publish","type":"post","link":"https:\/\/grandepremio.com\/br\/motogp\/maverick-vinales-mostra-irritacao-largadas-ruins-motogp-complicam-corrida\/","title":{"rendered":"Vi\u00f1ales mostra irrita\u00e7\u00e3o com largadas ruins na MotoGP: &#8220;Complicam muito as corridas&#8221;"},"content":{"rendered":"\n<figure class=\"wp-block-video\"><video class=\"video-js vjs-big-play-centered\" data-gp-vjs=\"1\" controls src=\"https:\/\/www.grandepremio.com\/br\/wp-content\/uploads\/2021\/03\/Rossi25.mp4\"><\/video><\/figure>\n\n\n\n<p class=\"wp-block-paragraph\">Maverick Vi\u00f1ales largou em terceiro e venceu o GP do Catar com autoridade. Apesar disso, n\u00e3o largou bem e caiu para a sexta posi\u00e7\u00e3o na primeira volta, superado pelo quarteto da Ducati e ficando atr\u00e1s tamb\u00e9m do companheiro Fabio Quarataro.<\/p>\n\n\n\n<p class=\"wp-block-paragraph\">Por conta desse problema, as largadas foram inclu\u00eddas na programa\u00e7\u00e3o de testes e treinos livres de Vi\u00f1ales e, mesmo assim, n\u00e3o conseguiu encarar a forte pot\u00eancia dos rivais com motos Ducati no grid. Parte desse problema \u00e9 pela aus\u00eancia do dispositivo holeshot na Yamaha, enquanto as rivais possuem o sistema.<\/p>\n\n\n\n<p class=\"wp-block-paragraph\"><strong>Conhe\u00e7a o canal do Grande Pr\u00eamio no YouTube! Clique&nbsp;<a rel=\"noreferrer noopener\" href=\"https:\/\/youtube.com\/GrandePremioTV\" target=\"_blank\">aqui<\/a>.<br>Siga o Grande Pr\u00eamio no&nbsp;<a rel=\"noreferrer noopener\" href=\"https:\/\/twitter.com\/grandepremio\" target=\"_blank\">Twitter&nbsp;<\/a>e no&nbsp;<a rel=\"noreferrer noopener\" href=\"https:\/\/instagram.com\/grandepremio\" target=\"_blank\">Instagram<\/a>!<\/strong><\/p>\n\n\n\n<figure class=\"wp-block-image size-large\"><img decoding=\"async\" src=\"https:\/\/www.grandepremio.com\/br\/wp-content\/uploads\/2021\/03\/photo6-1024x682.jpg\" alt=\"\" class=\"wp-image-459465\"\/><figcaption>Maverick Vi\u00f1ales precisou superar quarteto da Ducati para vencer no Catar (Foto: Michelin)<\/figcaption><\/figure>\n\n\n\n<p class=\"wp-block-paragraph\">&#8220;Ao menos, acho que a largada foi boa, ent\u00e3o os n\u00fameros foram bons. S\u00f3 acho que nossos rivais foram fant\u00e1sticos, eu n\u00e3o consigo fazer mais do que temos. Com certeza, vou tentar melhorar, ou pelo menos tentar evoluir neste fim de semana. Mas podemos ver que esse dispotivo fazer uma grande diferen\u00e7a&#8221;, disse o espanhol antes do GP de Doha.<\/p>\n\n\n\n<p class=\"wp-block-paragraph\">&#8220;Ent\u00e3o, vou tentar melhorar. Acredito que a Yamaha est\u00e1 trabalhando muito para ter [o dispositivo holeshot] o mais breve poss\u00edvel. Mas, claro, estou irritado porque complicam demais as corridas. Quando voc\u00ea est\u00e1 na frente, voc\u00ea pode n\u00e3o ter uma corrida f\u00e1cil, mas controla melhor os pneus. Quando voc\u00ea sai de tr\u00e1s, precisa andar mais no limite para ultrapassar outros pilotos&#8221;, completou.<\/p>\n\n\n\n<p class=\"wp-block-paragraph\">Apesar do problema, Vi\u00f1ales se recuperou em Losail e venceu o GP do Catar com certa facilidade ap\u00f3s assumir a lideran\u00e7a. Fabio Quartararo, seu companheiro de time, foi o quinto colocado na prova que abriu a temporada 2021 da MotoGP.<\/p>\n\n\n\n<figure class=\"wp-block-embed is-type-video is-provider-youtube wp-block-embed-youtube wp-embed-aspect-16-9 wp-has-aspect-ratio\"><div class=\"wp-block-embed__wrapper\">\n<iframe loading=\"lazy\" title=\"F1 2021: ALPHATAURI VAI AMEA\u00c7AR GRANDES COM &amp;apos;FOGUETINHO&amp;apos; | GP \u00e0s 10\" width=\"500\" height=\"281\" src=\"https:\/\/www.youtube.com\/embed\/xUSunEk1ldo?feature=oembed\" frameborder=\"0\" allow=\"accelerometer; autoplay; clipboard-write; encrypted-media; gyroscope; picture-in-picture; web-share\" referrerpolicy=\"strict-origin-when-cross-origin\" allowfullscreen><\/iframe>\n<\/div><\/figure>\n\n\n","protected":false},"excerpt":{"rendered":"<p>Apesar da vit\u00f3ria no GP do Catar, que abriu a temporada 2021 da MotoGP, Maverick Vi\u00f1ales pontuou que precisa melhorar suas largadas na categoria para evitar que tenha mais dificuldades nas corridas ao longo do ano<\/p>\n","protected":false},"author":0,"featured_media":1000459522,"comment_status":"closed","ping_status":"closed","sticky":false,"template":"","format":"standard","meta":{"42wp_featured_image_caption":"","42wp_featured_image_credits":"","42wp_featured_video":"","42wp_featured_image_hidden":false,"42wp_authors_list":[],"footnotes":""},"categories":[8],"tags":[1113,610,5790,25020,78,490,847,172],"42wp_author":[47135],"class_list":["post-122435","post","type-post","status-publish","format-standard","has-post-thumbnail","hentry","category-motogp","tag-catar","tag-largada","tag-losail","tag-maverick-vinales-2","tag-motogp","tag-motogp-2021","tag-mundial-de-motovelocidade","tag-yamaha","42wp_author-pedro-luis-cuenca"],"_links":{"self":[{"href":"https:\/\/grandepremio.com\/br\/wp-json\/wp\/v2\/posts\/122435","targetHints":{"allow":["GET"]}}],"collection":[{"href":"https:\/\/grandepremio.com\/br\/wp-json\/wp\/v2\/posts"}],"about":[{"href":"https:\/\/grandepremio.com\/br\/wp-json\/wp\/v2\/types\/post"}],"replies":[{"embeddable":true,"href":"https:\/\/grandepremio.com\/br\/wp-json\/wp\/v2\/comments?post=122435"}],"version-history":[{"count":0,"href":"https:\/\/grandepremio.com\/br\/wp-json\/wp\/v2\/posts\/122435\/revisions"}],"wp:featuredmedia":[{"embeddable":true,"href":"https:\/\/grandepremio.com\/br\/wp-json\/wp\/v2\/media\/1000459522"}],"wp:attachment":[{"href":"https:\/\/grandepremio.com\/br\/wp-json\/wp\/v2\/media?parent=122435"}],"wp:term":[{"taxonomy":"category","embeddable":true,"href":"https:\/\/grandepremio.com\/br\/wp-json\/wp\/v2\/categories?post=122435"},{"taxonomy":"post_tag","embeddable":true,"href":"https:\/\/grandepremio.com\/br\/wp-json\/wp\/v2\/tags?post=122435"},{"taxonomy":"42wp_author","embeddable":true,"href":"https:\/\/grandepremio.com\/br\/wp-json\/wp\/v2\/42wp_author?post=122435"}],"curies":[{"name":"wp","href":"https:\/\/api.w.org\/{rel}","templated":true}]}}