{"id":122467,"date":"2021-04-01T08:02:00","date_gmt":"2021-04-01T11:02:00","guid":{"rendered":"https:\/\/grandepremio.com\/br\/noticias\/chefe-da-mclaren-ve-limites-de-pista-relaxados-no-bahrein-e-pede-consistencia\/"},"modified":"2021-04-01T08:04:33","modified_gmt":"2021-04-01T11:04:33","slug":"chefe-da-mclaren-ve-limites-de-pista-relaxados-no-bahrein-e-pede-consistencia","status":"publish","type":"post","link":"https:\/\/grandepremio.com\/br\/f1\/chefe-da-mclaren-ve-limites-de-pista-relaxados-no-bahrein-e-pede-consistencia\/","title":{"rendered":"Chefe da McLaren v\u00ea limites de pista &#8220;relaxados&#8221; no Bahrein e pede consist\u00eancia"},"content":{"rendered":"\n<figure class=\"wp-block-video\"><video class=\"video-js vjs-big-play-centered\" data-gp-vjs=\"1\" controls src=\"https:\/\/www.grandepremio.com\/br\/wp-content\/uploads\/l-videos\/2021-03-28_F1_GPBahrein_domingo_editado.mp4\"><\/video><\/figure>\n\n\n\n<p class=\"wp-block-paragraph\"><strong><a href=\"https:\/\/www.grandepremio.com\/br\/f1\/noticias\/o-limite-curva-4-como-direcao-de-prova-confundiu-pilotos-gp-do-bahrein\/\">A pol\u00eamica dos limites da curva 4<\/a><\/strong> da pista do Bahrein <a href=\"https:\/\/www.grandepremio.com\/br\/f1\/noticias\/formula-1-elimina-limites-de-pista-na-curva-4-do-bahrein-apos-33-tempos-de-volta-deletados\/\"><strong>j\u00e1 vem desde o ano passado<\/strong><\/a> e segue se fortalecendo, mesmo dias ap\u00f3s o GP local, disputado no \u00faltimo final de semana: se Mercedes e Red Bull pediram clareza ap\u00f3s verem seus pilotos envolvidos na disputa que decidiu a vit\u00f3ria, agora at\u00e9 a McLaren se mostrou incomodada.<\/p>\n\n\n\n<p class=\"wp-block-paragraph\">Andreas Seidl, o chefe do time laranja, comentou que a F1 e a FIA n\u00e3o deixaram as informa\u00e7\u00f5es sobre aquele ponto da pista claras o suficiente para o GP que abriu a temporada, principalmente em rela\u00e7\u00e3o \u00e0 postura que tinham em 2020.<\/p>\n\n\n\n<p class=\"wp-block-paragraph\"><strong>Conhe\u00e7a o canal do Grande Pr\u00eamio no YouTube! Clique\u00a0<a rel=\"noreferrer noopener\" href=\"https:\/\/youtube.com\/GrandePremioTV\" target=\"_blank\">aqui<\/a>.<br>Siga o Grande Pr\u00eamio no\u00a0<a rel=\"noreferrer noopener\" href=\"https:\/\/twitter.com\/grandepremio\" target=\"_blank\">Twitter\u00a0<\/a>e no\u00a0<a rel=\"noreferrer noopener\" href=\"https:\/\/instagram.com\/grandepremio\" target=\"_blank\">Instagram<\/a>!<\/strong><\/p>\n\n\n\n<figure class=\"wp-block-image size-large\"><img decoding=\"async\" src=\"https:\/\/www.grandepremio.com\/br\/wp-content\/uploads\/2021\/03\/ExocYFLXAAAWKql-1-1024x577.jpg\" alt=\"MAX VERSTAPPEN; LEWIS HAMILTON; GP DO BAHREIN; F1\" class=\"wp-image-459592\"\/><figcaption>Max Verstappen ultrapassou os limites da curva 4 para superar Lewis Hamilton (Foto: Reprodu\u00e7\u00e3o)<\/figcaption><\/figure>\n\n\n\n<p class=\"wp-block-paragraph\">&#8220;Ano passado, a cada prova clarificavam cada detalhe para cada pista. N\u00e3o \u00e9 o ideal, mas cada pista \u00e9 um pouco diferente, ent\u00e3o eu entendo o ponto pensando nos f\u00e3s. N\u00e3o \u00e9 f\u00e1cil. Mas puramente do ponto esportivo, a regra precisa ser clara para cada pista e cada curva e ser monitorada consistentemente, policiada consistentemente, da mesma maneira&#8221;, disse.<\/p>\n\n\n\n<p class=\"wp-block-paragraph\">Sobre os limites, ent\u00e3o, para o GP do Bahrein, o comandante da McLaren n\u00e3o gostou de como a dire\u00e7\u00e3o de prova lidou: &#8220;Preciso checar novamente, porque em meu entendimento, eles deletaram v\u00e1rias voltas na classifica\u00e7\u00e3o. Mas, n corrida, j\u00e1 que n\u00e3o havia muito ganho de vantagem, pensei que estavam mais relaxados.&#8221;<\/p>\n\n\n\n<p class=\"wp-block-paragraph\">&#8220;Claro, se voc\u00ea ganha vantagem em termos de posi\u00e7\u00e3o, se beneficiando em uma briga, voc\u00ea tem de devolv\u00ea-la (como Max Verstappen precisou fazer em rela\u00e7\u00e3o a Lewis Hamilton, que acabou com a vit\u00f3ria). Mas meu entendimento \u00e9 de que foi diferente de outas pistas, quando voc\u00ea conta tr\u00eas vezes o mesmo erro e a\u00ed d\u00e1 a puni\u00e7\u00e3o, porque passa a ser uma vantagem&#8221;, concluiu Seidl.<\/p>\n\n\n\n<p class=\"wp-block-paragraph\">A F1 volta no dia 18 de abril, com a segunda etapa da temporada: o GP da Em\u00edlia-Romanha, em \u00cdmola.<\/p>\n\n\n\n<p class=\"wp-block-paragraph\"><strong>LEIA TAMB\u00c9M<br><a href=\"https:\/\/www.grandepremio.com\/br\/f1\/noticias\/o-limite-curva-4-como-direcao-de-prova-confundiu-pilotos-gp-do-bahrein\/\">+O limite da curva 4: como dire\u00e7\u00e3o de prova confundiu pilotos durante GP do Bahrein<\/a><\/strong><br><a href=\"https:\/\/www.grandepremio.com\/br\/f1\/noticias\/opiniao-gp-mercedes-e-red-bull-se-equivalem-e-fazem-f1-ter-um-campeonato-real-em-2021\/\"><strong>+Opini\u00e3o GP: Mercedes e Red Bull se equivalem e fazem F1 ter um campeonato real em 2021<\/strong><\/a><\/p>\n\n\n\n<figure class=\"wp-block-embed is-type-video is-provider-youtube wp-block-embed-youtube wp-embed-aspect-16-9 wp-has-aspect-ratio\"><div class=\"wp-block-embed__wrapper\">\n<iframe loading=\"lazy\" title=\"F1 PEGA FOGO NO BAHREIN E DESENHA CONFRONTO HAMILTON x VERSTAPPEN | Paddock GP #232\" width=\"500\" height=\"281\" src=\"https:\/\/www.youtube.com\/embed\/ZKL2tHsqRKY?feature=oembed\" frameborder=\"0\" allow=\"accelerometer; autoplay; clipboard-write; encrypted-media; gyroscope; picture-in-picture; web-share\" referrerpolicy=\"strict-origin-when-cross-origin\" allowfullscreen><\/iframe>\n<\/div><\/figure>\n\n\n\n<p class=\"wp-block-paragraph\"><\/p>\n","protected":false},"excerpt":{"rendered":"<p>Andreas Seidl, comandante da McLaren, \u00e9 mais um que acha que a dire\u00e7\u00e3o de prova no Bahrein n\u00e3o foi muito clara em rela\u00e7\u00e3o aos limites de pista &#8211; situa\u00e7\u00e3o que decidiu a vit\u00f3ria no duelo entre Max Verstappen e Lewis Hamilton<\/p>\n","protected":false},"author":0,"featured_media":1000459590,"comment_status":"closed","ping_status":"closed","sticky":false,"template":"","format":"standard","meta":{"42wp_featured_image_caption":"","42wp_featured_image_credits":"","42wp_featured_video":"","42wp_featured_image_hidden":false,"42wp_authors_list":[],"footnotes":""},"categories":[2],"tags":[545,147,156,24837,24846,1754,4283,90,506],"42wp_author":[47129],"class_list":["post-122467","post","type-post","status-publish","format-standard","has-post-thumbnail","hentry","category-f1","tag-andreas-seidl","tag-f1","tag-f1-2021","tag-formula-1-2","tag-formula-um-2","tag-gp-do-bahrein","tag-limites-de-pista","tag-mclaren","tag-regulamento","42wp_author-felipe-noronha"],"_links":{"self":[{"href":"https:\/\/grandepremio.com\/br\/wp-json\/wp\/v2\/posts\/122467","targetHints":{"allow":["GET"]}}],"collection":[{"href":"https:\/\/grandepremio.com\/br\/wp-json\/wp\/v2\/posts"}],"about":[{"href":"https:\/\/grandepremio.com\/br\/wp-json\/wp\/v2\/types\/post"}],"replies":[{"embeddable":true,"href":"https:\/\/grandepremio.com\/br\/wp-json\/wp\/v2\/comments?post=122467"}],"version-history":[{"count":0,"href":"https:\/\/grandepremio.com\/br\/wp-json\/wp\/v2\/posts\/122467\/revisions"}],"wp:featuredmedia":[{"embeddable":true,"href":"https:\/\/grandepremio.com\/br\/wp-json\/wp\/v2\/media\/1000459590"}],"wp:attachment":[{"href":"https:\/\/grandepremio.com\/br\/wp-json\/wp\/v2\/media?parent=122467"}],"wp:term":[{"taxonomy":"category","embeddable":true,"href":"https:\/\/grandepremio.com\/br\/wp-json\/wp\/v2\/categories?post=122467"},{"taxonomy":"post_tag","embeddable":true,"href":"https:\/\/grandepremio.com\/br\/wp-json\/wp\/v2\/tags?post=122467"},{"taxonomy":"42wp_author","embeddable":true,"href":"https:\/\/grandepremio.com\/br\/wp-json\/wp\/v2\/42wp_author?post=122467"}],"curies":[{"name":"wp","href":"https:\/\/api.w.org\/{rel}","templated":true}]}}