{"id":122472,"date":"2021-04-01T04:30:58","date_gmt":"2021-04-01T07:30:58","guid":{"rendered":"https:\/\/grandepremio.com\/br\/noticias\/mercedes-perde-data-limite-acordo-futuro-aberto-formula-e\/"},"modified":"2021-03-31T20:10:36","modified_gmt":"2021-03-31T23:10:36","slug":"mercedes-perde-data-limite-acordo-futuro-aberto-formula-e","status":"publish","type":"post","link":"https:\/\/grandepremio.com\/br\/formula-e\/mercedes-perde-data-limite-acordo-futuro-aberto-formula-e\/","title":{"rendered":"Mercedes perde data-limite para acordo e deixa futuro na F\u00f3rmula E em aberto"},"content":{"rendered":"\n<figure class=\"wp-block-video\"><video class=\"video-js vjs-big-play-centered\" data-gp-vjs=\"1\" controls src=\"https:\/\/www.grandepremio.com\/br\/wp-content\/uploads\/2021\/02\/u84lsepjTN3NJjZ8.mp4\"><\/video><figcaption>A luta entre Vergne e Da Costa no eP de Diriyah (V\u00eddeo: F\u00f3rmula E)<\/figcaption><\/figure>\n\n\n\n<p class=\"wp-block-paragraph\">A Mercedes contrariou as expectativas gerais e ainda n\u00e3o renovou seus votos com a F\u00f3rmula E. A data-limite para assinatura de acordo para se garantir como equipe de f\u00e1brica para o Gen3, pr\u00f3xima gera\u00e7\u00e3o de carros da categoria, foi a \u00faltima quarta-feira. A defini\u00e7\u00e3o da f\u00e1brica alem\u00e3 era tida como certa desde o ano passado.<\/p>\n\n\n\n<p class=\"wp-block-paragraph\"><strong>Conhe\u00e7a o canal do Grande Pr\u00eamio no YouTube! Clique\u00a0<a rel=\"noreferrer noopener\" href=\"https:\/\/youtube.com\/GrandePremioTV\" target=\"_blank\">aqui<\/a>.<br>Siga o Grande Pr\u00eamio no\u00a0<a rel=\"noreferrer noopener\" href=\"https:\/\/twitter.com\/grandepremio\" target=\"_blank\">Twitter\u00a0<\/a>e no\u00a0<a rel=\"noreferrer noopener\" href=\"https:\/\/instagram.com\/grandepremio\" target=\"_blank\">Instagram<\/a>!<\/strong><br><strong><a href=\"https:\/\/www.grandepremio.com\/br\/f1\/noticias\/duelo-hamilton-x-verstappen-bate-recorde-de-audiencia-em-reino-unido-holanda-e-eua\/\">Duelo Hamilton x Verstappen bate recorde de audi\u00eancia em Reino Unido, Holanda e EUA<\/a><\/strong><\/p>\n\n\n\n<p class=\"wp-block-paragraph\">A informa\u00e7\u00e3o \u00e9 do site ingl\u00eas &#8216;The Race&#8217;. Segundo o ve\u00edculo, a decis\u00e3o sobre perman\u00eancia ou n\u00e3o ainda vai demorar mais algumas semanas. Assim, a Mercedes perde acesso aos dados de \u2018CAD\u2019, os recursos de Desenho Assistido por Computador, que servem de prepara\u00e7\u00e3o para as grande mudan\u00e7as da nova gera\u00e7\u00e3o de carros, que est\u00e1 marcada para entrar em vigor na temporada 2022\/2023.<\/p>\n\n\n\n<p class=\"wp-block-paragraph\">Era esperado que a montadora alem\u00e3 se unisse a Mahindra, DS Citro\u00ebn, Nissan e Porsche, que\u00a0j\u00e1 se comprometeram para o pr\u00f3ximo quadri\u00eanio e promete carros mais leves e potentes e a volta dos pit-stops por meio das recargas r\u00e1pidas de bateria.<\/p>\n\n\n\n<p class=\"wp-block-paragraph\">O chefe de equipe da Mercedes na categoria, Ian James, confirmou que a equipe segue em tratativas com a F\u00f3rmula E, mas que ainda restam pontos a serem costurados para a perman\u00eancia da equipe. <\/p>\n\n\n\n<figure class=\"wp-block-image size-large\"><img decoding=\"async\" src=\"https:\/\/www.grandepremio.com\/br\/wp-content\/uploads\/2020\/05\/Mercedes-FE-2-1024x683.jpg\" alt=\"\" class=\"wp-image-452005\"\/><figcaption>Nyck de Vries no eP de Diriyah (Foto: Mercedes)<\/figcaption><\/figure>\n\n\n\n<p class=\"wp-block-paragraph\">\u201cN\u00f3s tivemos v\u00e1rias discuss\u00f5es internas e reuni\u00f5es. Muitas coisas v\u00eam acontecendo nas \u00faltimas semanas. N\u00e3o estamos em uma posi\u00e7\u00e3o no momento de tomar uma decis\u00e3o definitiva. Ontem mesmo, realizamos um telefonema para adiar um pouco a decis\u00e3o, que deve ser tomada no meio de abril, quando teremos mais atualiza\u00e7\u00f5es sobre o assunto.\u201d, afirmou ao &#8216;The Race&#8217;.<\/p>\n\n\n\n<p class=\"wp-block-paragraph\">A respeito da possibilidade do teto or\u00e7ament\u00e1rio, que desejo da categoria juntamente \u00e0 pr\u00f3xima gera\u00e7\u00e3o, o dirigente descartou que este seja um ponto que atravanque o acordo. \u201cEsse \u00e9 um dos\u00a0pontos cruciais para n\u00f3s termos certeza que a categoria ser\u00e1 estruturada da maneira correta. Ainda tem muito trabalho a ser feito, mas estamos conscientes de que tamb\u00e9m vai levar um pouco de tempo para obter os detalhes resolvidos\u201d, declarou.<\/p>\n\n\n\n<p class=\"wp-block-paragraph\">Pensando como um todo, o chefe da Mercedes na categoria el\u00e9trica comentou a respeito da sinergia que o grupo Mercedes pretende criar com as mudan\u00e7as de regulamento na F\u00f3rmula E e F\u00f3rmula 1 e as duas se aproximando. &#8220;Isso, aliado aos outros movimentos que est\u00e3o acontecendo dentro da F\u00f3rmula 1, no momento, como o teto de gastos, a reestrutura\u00e7\u00e3o que a Mercedes est\u00e1 obviamente passando significa que temos uma oportunidade de, nos pr\u00f3ximos dois anos, fortalecer as sinergias\u201d, concluiu.<\/p>\n\n\n\n<p class=\"wp-block-paragraph\">A temporada 2020\/21 da FE j\u00e1 est\u00e1 rolando, com <a href=\"https:\/\/www.grandepremio.com\/br\/piloto\/nick-de-vries\/\"><strong>Nyck de Vries<\/strong><\/a><strong> liderando o Campeonato de Pilotos<\/strong>. A pr\u00f3xima etapa \u00e9 o eP de Roma, marcado para 10 de abril.<\/p>\n\n\n\n<figure class=\"wp-block-embed is-type-video is-provider-youtube wp-block-embed-youtube wp-embed-aspect-16-9 wp-has-aspect-ratio\"><div class=\"wp-block-embed__wrapper\">\n<iframe loading=\"lazy\" title=\"HAMILTON x VERSTAPPEN \u00c9 DUELO DE G\u00caNIOS NA F1, ANALISA FLAVIO GOMES | GP \u00e0s 10\" width=\"500\" height=\"281\" src=\"https:\/\/www.youtube.com\/embed\/MeiIswBEq7U?feature=oembed\" frameborder=\"0\" allow=\"accelerometer; autoplay; clipboard-write; encrypted-media; gyroscope; picture-in-picture; web-share\" referrerpolicy=\"strict-origin-when-cross-origin\" allowfullscreen><\/iframe>\n<\/div><\/figure>\n","protected":false},"excerpt":{"rendered":"<p>Mercedes n\u00e3o confirmou presen\u00e7a como participante na F\u00f3rmula E para a era do Gen3 e, assim, deixou d\u00favida sobre o que pretende fazer<\/p>\n","protected":false},"author":0,"featured_media":1000431423,"comment_status":"closed","ping_status":"closed","sticky":false,"template":"","format":"standard","meta":{"42wp_featured_image_caption":"","42wp_featured_image_credits":"","42wp_featured_video":"","42wp_featured_image_hidden":false,"42wp_authors_list":[],"footnotes":""},"categories":[19],"tags":[26482,840,1601,420,82],"42wp_author":[47138],"class_list":["post-122472","post","type-post","status-publish","format-standard","has-post-thumbnail","hentry","category-formula-e","tag-fe-2021","tag-formula-e","tag-gen3","tag-ian-james","tag-mercedes","42wp_author-lucascouto"],"_links":{"self":[{"href":"https:\/\/grandepremio.com\/br\/wp-json\/wp\/v2\/posts\/122472","targetHints":{"allow":["GET"]}}],"collection":[{"href":"https:\/\/grandepremio.com\/br\/wp-json\/wp\/v2\/posts"}],"about":[{"href":"https:\/\/grandepremio.com\/br\/wp-json\/wp\/v2\/types\/post"}],"replies":[{"embeddable":true,"href":"https:\/\/grandepremio.com\/br\/wp-json\/wp\/v2\/comments?post=122472"}],"version-history":[{"count":0,"href":"https:\/\/grandepremio.com\/br\/wp-json\/wp\/v2\/posts\/122472\/revisions"}],"wp:featuredmedia":[{"embeddable":true,"href":"https:\/\/grandepremio.com\/br\/wp-json\/wp\/v2\/media\/1000431423"}],"wp:attachment":[{"href":"https:\/\/grandepremio.com\/br\/wp-json\/wp\/v2\/media?parent=122472"}],"wp:term":[{"taxonomy":"category","embeddable":true,"href":"https:\/\/grandepremio.com\/br\/wp-json\/wp\/v2\/categories?post=122472"},{"taxonomy":"post_tag","embeddable":true,"href":"https:\/\/grandepremio.com\/br\/wp-json\/wp\/v2\/tags?post=122472"},{"taxonomy":"42wp_author","embeddable":true,"href":"https:\/\/grandepremio.com\/br\/wp-json\/wp\/v2\/42wp_author?post=122472"}],"curies":[{"name":"wp","href":"https:\/\/api.w.org\/{rel}","templated":true}]}}