{"id":122597,"date":"2021-03-27T15:28:12","date_gmt":"2021-03-27T18:28:12","guid":{"rendered":"https:\/\/grandepremio.com\/br\/noticias\/formula-e-transforma-eps-de-roma-e-de-valencia-em-rodadas-duplas-e-incha-calendario\/"},"modified":"2021-03-27T15:28:21","modified_gmt":"2021-03-27T18:28:21","slug":"formula-e-transforma-eps-de-roma-e-de-valencia-em-rodadas-duplas-e-incha-calendario","status":"publish","type":"post","link":"https:\/\/grandepremio.com\/br\/formula-e\/formula-e-transforma-eps-de-roma-e-de-valencia-em-rodadas-duplas-e-incha-calendario\/","title":{"rendered":"F\u00f3rmula E transforma ePs de Roma e de Val\u00eancia em rodadas duplas e incha calend\u00e1rio"},"content":{"rendered":"\n<figure class=\"wp-block-video\"><video class=\"video-js vjs-big-play-centered\" data-gp-vjs=\"1\" controls src=\"https:\/\/www.grandepremio.com\/br\/wp-content\/uploads\/2021\/03\/2021-03-27_F1_SebastianVettel_AstonMartin_TL3_peca.mp4\"><\/video><\/figure>\n\n\n\n<p class=\"wp-block-paragraph\">A F\u00f3rmula E fez novas modifica\u00e7\u00f5es em seu calend\u00e1rio neste s\u00e1bado (27). A categoria el\u00e9trica determinou que os ePs de Roma e de Val\u00eancia, os dois pr\u00f3ximos na temporada 2020\/21, ser\u00e3o agora rodadas duplas.<\/p>\n\n\n\n<p class=\"wp-block-paragraph\">A medida significa que o calend\u00e1rio passa a ter dez corridas confirmadas, mas em apenas seis pistas diferentes. O motivo por tr\u00e1s dessa abordagem \u00e9 claro: diminuir deslocamentos em meio \u00e0 pandemia da Covid-19 e ainda assim manter uma temporada de tamanho razo\u00e1vel. A categoria ainda tem a inten\u00e7\u00e3o de correr em outras seis cidades \u2013 Berlim, Londres, Sanya, Seul, Cidade do M\u00e9xico e Nova York \u2013, mas ainda n\u00e3o sabe se conseguir\u00e1 de fato.<\/p>\n\n\n\n<figure class=\"wp-block-image size-large\"><img decoding=\"async\" src=\"https:\/\/www.grandepremio.com\/br\/wp-content\/uploads\/2021\/02\/5-EPS701_170524_ALS8186-1024x683.jpg\" alt=\"\" class=\"wp-image-452206\"\/><figcaption>F\u00f3rmula E correu em Diriyah em fevereiro, e agora planeja o futuro (Foto: F\u00f3rmula E)<\/figcaption><\/figure>\n\n\n\n<p class=\"wp-block-paragraph\">\u201cA F\u00f3rmula E vai continuar monitorando a pandemia da Covid-19 e est\u00e1 em contato constante com equipes, montadoras, parceiros e cidades sede. O resto do calend\u00e1rio da s\u00e9tima temporada ser\u00e1 confirmado em breve\u201d, afirmou o comunicado.<\/p>\n\n\n\n<p class=\"wp-block-paragraph\">A pr\u00f3xima etapa no calend\u00e1rio \u00e9 justamente o eP de Roma, agora repartido entre os dias 10 e 11 de abril. O eP de Val\u00eancia, no aut\u00f3dromo Ricardo Tormo, vem na sequ\u00eancia, com corridas em 24 e 25 de abril. Isso, claro, assumindo que n\u00e3o tenhamos mais mudan\u00e7as: h\u00e1 ainda o <strong><a href=\"https:\/\/www.grandepremio.com\/br\/formula-e\/noticias\/formula-e-roma-trabalham-manter-corrida-apesar-restricoes-pandemia\/\">risco de a corrida na capital italiana ser cancelada<\/a><\/strong>.<\/p>\n\n\n\n<p class=\"wp-block-paragraph\">As corridas v\u00e3o acontecer na sequ\u00eancia da abertura da temporada em Diriyah, na Ar\u00e1bia Saudita. A rodada dupla terminou com Nyck de Vries liderando o Campeonato de Pilotos.<\/p>\n\n\n\n<p class=\"wp-block-paragraph\"><strong>Conhe\u00e7a o canal do Grande Pr\u00eamio no YouTube! Clique&nbsp;<a rel=\"noreferrer noopener\" href=\"https:\/\/youtube.com\/GrandePremioTV\" target=\"_blank\">aqui<\/a>.<br>Siga o Grande Pr\u00eamio no&nbsp;<a rel=\"noreferrer noopener\" href=\"https:\/\/twitter.com\/grandepremio\" target=\"_blank\">Twitter&nbsp;<\/a>e no&nbsp;<a rel=\"noreferrer noopener\" href=\"https:\/\/instagram.com\/grandepremio\" target=\"_blank\">Instagram<\/a>!<\/strong><\/p>\n","protected":false},"excerpt":{"rendered":"<p>Ser\u00e3o duas corridas da F\u00f3rmula E em Roma e em Val\u00eancia. A mudan\u00e7a aumenta o n\u00famero de corridas confirmadas na temporada 2020\/21 de oito para dez<\/p>\n","protected":false},"author":0,"featured_media":1000452455,"comment_status":"closed","ping_status":"closed","sticky":false,"template":"","format":"standard","meta":{"42wp_featured_image_caption":"","42wp_featured_image_credits":"","42wp_featured_video":"","42wp_featured_image_hidden":false,"42wp_authors_list":[],"footnotes":""},"categories":[19],"tags":[24893,5378,26482,25000],"42wp_author":[47118],"class_list":["post-122597","post","type-post","status-publish","format-standard","has-post-thumbnail","hentry","category-formula-e","tag-calendario","tag-ep-de-roma","tag-fe-2021","tag-formula-e-2","42wp_author-vitor-fazio"],"_links":{"self":[{"href":"https:\/\/grandepremio.com\/br\/wp-json\/wp\/v2\/posts\/122597","targetHints":{"allow":["GET"]}}],"collection":[{"href":"https:\/\/grandepremio.com\/br\/wp-json\/wp\/v2\/posts"}],"about":[{"href":"https:\/\/grandepremio.com\/br\/wp-json\/wp\/v2\/types\/post"}],"replies":[{"embeddable":true,"href":"https:\/\/grandepremio.com\/br\/wp-json\/wp\/v2\/comments?post=122597"}],"version-history":[{"count":0,"href":"https:\/\/grandepremio.com\/br\/wp-json\/wp\/v2\/posts\/122597\/revisions"}],"wp:featuredmedia":[{"embeddable":true,"href":"https:\/\/grandepremio.com\/br\/wp-json\/wp\/v2\/media\/1000452455"}],"wp:attachment":[{"href":"https:\/\/grandepremio.com\/br\/wp-json\/wp\/v2\/media?parent=122597"}],"wp:term":[{"taxonomy":"category","embeddable":true,"href":"https:\/\/grandepremio.com\/br\/wp-json\/wp\/v2\/categories?post=122597"},{"taxonomy":"post_tag","embeddable":true,"href":"https:\/\/grandepremio.com\/br\/wp-json\/wp\/v2\/tags?post=122597"},{"taxonomy":"42wp_author","embeddable":true,"href":"https:\/\/grandepremio.com\/br\/wp-json\/wp\/v2\/42wp_author?post=122597"}],"curies":[{"name":"wp","href":"https:\/\/api.w.org\/{rel}","templated":true}]}}