{"id":122634,"date":"2021-03-26T13:54:44","date_gmt":"2021-03-26T16:54:44","guid":{"rendered":"https:\/\/grandepremio.com\/br\/noticias\/max-verstappen-feliz-carro-alerta-vento-forte-sabado-diferente\/"},"modified":"2021-03-26T22:27:39","modified_gmt":"2021-03-27T01:27:39","slug":"max-verstappen-feliz-carro-alerta-vento-forte-sabado-diferente","status":"publish","type":"post","link":"https:\/\/grandepremio.com\/br\/f1\/max-verstappen-feliz-carro-alerta-vento-forte-sabado-diferente\/","title":{"rendered":"Verstappen se diz feliz com carro, mas alerta que vento forte deixa s\u00e1bado &#8220;diferente&#8221;"},"content":{"rendered":"\n<figure class=\"wp-block-video\"><video class=\"video-js vjs-big-play-centered\" data-gp-vjs=\"1\" controls src=\"https:\/\/www.grandepremio.com\/br\/wp-content\/uploads\/l-videos\/Bahrein26.mp4\"><\/video><figcaption><strong>Red Bull confirma for\u00e7a, mas lidera pelot\u00e3o unido: assista como foi a sexta-feira no Bahrein<\/strong><\/figcaption><\/figure>\n\n\n\n<p class=\"wp-block-paragraph\">O primeiro dia de atividades oficiais da F\u00f3rmula 1 na temporada 2021, a sexta-feira (26) terminou com Max Verstappen l\u00edder dos dois treinos livres iniciais para o GP do Bahrein. O piloto da Red Bull ficou \u00e0 frente no que foi um pelot\u00e3o bastante apertado, mas aprovou o carro. A mudan\u00e7a maior para o s\u00e1bado, contudo, preocupa: \u00e9 o vento forte esperado no circuito de Sakhir.<\/p>\n\n\n\n<p class=\"wp-block-paragraph\"><strong>Conhe\u00e7a o canal do Grande Pr\u00eamio no YouTube! Clique&nbsp;<a rel=\"noreferrer noopener\" href=\"https:\/\/youtube.com\/GrandePremioTV\" target=\"_blank\">aqui<\/a>.<br>Siga o Grande Pr\u00eamio no&nbsp;<a rel=\"noreferrer noopener\" href=\"https:\/\/twitter.com\/grandepremio\" target=\"_blank\">Twitter&nbsp;<\/a>e no&nbsp;<a rel=\"noreferrer noopener\" href=\"https:\/\/instagram.com\/grandepremio\" target=\"_blank\">Instagram<\/a>!<\/strong><br><strong>WEB STORIES<\/strong>:&nbsp;<strong><a href=\"https:\/\/www.grandepremio.com\/br\/web-stories\/f1\/como-foram-os-treinos-livres-da-formula-1-2021-no-bahrein\/\">Como foram os treinos livres da F\u00f3rmula 1 2021 no Bahrein<\/a><\/strong><\/p>\n\n\n\n<p class=\"wp-block-paragraph\">De acordo com o servi\u00e7o meteorol\u00f3gico Free Meteo, <a href=\"https:\/\/www.grandepremio.com\/br\/f1\/noticias\/formula-1-tempestade-de-areia-gp-do-bahrein\/\">os ventos chegar\u00e3o a 49 km\/h durante a noite do s\u00e1bado<\/a>, inclusive no hor\u00e1rio da classifica\u00e7\u00e3o. A temperatura estimada \u00e9 de 22 \u00b0C, tamb\u00e9m bastante mais amena que aquelas da sexta, sempre acima de 30\u00b0C. S\u00e3o quest\u00f5es que entram na avalia\u00e7\u00e3o de Verstappen.<\/p>\n\n\n\n<p class=\"wp-block-paragraph\">&#8220;Foi tudo bem. Claro que as condi\u00e7\u00f5es eram muito diferentes na compara\u00e7\u00e3o com os testes. Est\u00e1 tudo certo. Boa sensa\u00e7\u00e3o com o carro e ainda temos coisas a analisar no que diz respeito aos pneus e equil\u00edbrio, mas estou feliz&#8221;, disse.<\/p>\n\n\n\n<figure class=\"wp-block-embed is-type-rich is-provider-spotify wp-block-embed-spotify wp-embed-aspect-21-9 wp-has-aspect-ratio\"><div class=\"wp-block-embed__wrapper\">\n<iframe title=\"Spotify Embed: Campe\u00e3o, vice, surpresa do ano: a previs\u00e3o dos 20 pilotos da F1 2021 | Paddockast #96\" style=\"border-radius: 12px\" width=\"100%\" height=\"152\" frameborder=\"0\" allowfullscreen allow=\"autoplay; clipboard-write; encrypted-media; fullscreen; picture-in-picture\" loading=\"lazy\" src=\"https:\/\/open.spotify.com\/embed\/episode\/56EWZtjjXZerTSc5mEGdpr?utm_source=oembed\"><\/iframe>\n<\/div><\/figure>\n\n\n\n<p class=\"wp-block-paragraph\">&#8220;Amanh\u00e3 ser\u00e1 um dia diferente e com mais vento, algo que deixa esses carros mais complicados. A\u00ed, tentaremos tudo de novo&#8221;, seguiu.<\/p>\n\n\n\n<p class=\"wp-block-paragraph\">Ainda segundo o holand\u00eas, a expectativa \u00e9 ver a Mercedes como a melhor equipe no s\u00e1bado.<\/p>\n\n\n\n<figure class=\"wp-block-image size-large\"><img decoding=\"async\" src=\"https:\/\/www.grandepremio.com\/br\/wp-content\/uploads\/2021\/03\/redbull-sergioperez-11-1024x644.jpg\" alt=\"\" class=\"wp-image-458256\"\/><figcaption>Sergio P\u00e9rez faz sua estreia na Red Bull (Foto: Red Bull Content Pool)<\/figcaption><\/figure>\n\n\n\n<h4 class=\"wp-block-heading\">P\u00e9rez aprova RB16B, mas admite que ritmo de classifica\u00e7\u00e3o &#8220;ainda n\u00e3o \u00e9 natural&#8221;<\/h4>\n\n\n\n<p class=\"wp-block-paragraph\">Sergio P\u00e9rez foi na mesma dire\u00e7\u00e3o de Max, mas deixou claro que ainda precisa se encaixar com o RB16B em ritmo de classifica\u00e7\u00e3o at\u00e9 a hora da tomada de tempo em Sakhir.<\/p>\n\n\n\n<p class=\"wp-block-paragraph\">&#8220;Estamos nos acertando e dando bons passos de cada vez. Ainda n\u00e3o sinto 100% o carro em ritmo de classifica\u00e7\u00e3o. Tenho que pensar muito nesse ritmo, ainda n\u00e3o \u00e9 natural. Nas long runs \u00e9 diferente, j\u00e1 \u00e9 bem melhor. Ainda temos algum trabalho a fazer para desempenho e ajustes com os pneus&#8221;, disse.<\/p>\n\n\n\n<p class=\"wp-block-paragraph\">&#8220;Estou feliz, sim. O carro tem bom desempenho, o ritmo est\u00e1 l\u00e1 e amanh\u00e3 vai ficar tudo apertado. Temos que juntar tudo de bom para a classifica\u00e7\u00e3o de amanh\u00e3. Creio que podemos [brigar com a Mercedes no s\u00e1bado]&#8221;, finalizou.<\/p>\n\n\n\n<p class=\"wp-block-paragraph\">O GP do Bahrein \u00e9 o primeiro da temporada 2021 da F\u00f3rmula 1. O s\u00e1bado tem mais um treino livre tamb\u00e9m de uma hora, \u00e0s 9h, e a classifica\u00e7\u00e3o \u00e0s 12h. A corrida come\u00e7a \u00e0s 12h no domingo. Todos os hor\u00e1rios s\u00e3o de Bras\u00edlia, GMT -3.&nbsp;<a href=\"https:\/\/www.grandepremio.com\/br\/ao-vivo\/\">O&nbsp;<strong>GRANDE PR\u00caMIO<\/strong>&nbsp;transmite todas as sess\u00f5es em tempo real<\/a>.<\/p>\n\n\n\n<figure class=\"wp-block-embed is-type-video is-provider-youtube wp-block-embed-youtube wp-embed-aspect-16-9 wp-has-aspect-ratio\"><div class=\"wp-block-embed__wrapper\">\n<iframe loading=\"lazy\" title=\"MERCEDES COME\u00c7A MAL E RED BULL \u00c9 FAVORITA NA F1 2021 (MAS N\u00c3O AO T\u00cdTULO) | GP \u00e0s 10\" width=\"500\" height=\"281\" src=\"https:\/\/www.youtube.com\/embed\/Xqee4nsC49U?feature=oembed\" frameborder=\"0\" allow=\"accelerometer; autoplay; clipboard-write; encrypted-media; gyroscope; picture-in-picture; web-share\" referrerpolicy=\"strict-origin-when-cross-origin\" allowfullscreen><\/iframe>\n<\/div><\/figure>\n\n\n\n<p class=\"wp-block-paragraph\"><\/p>\n","protected":false},"excerpt":{"rendered":"<p>Apesar de aprovar o carro da Red Bull, Max Verstappen mant\u00e9m cautela e avalia partes nas quais a equipe deve trabalhar antes da classifica\u00e7\u00e3o. J\u00e1 Sergio P\u00e9rez admitiu que ainda n\u00e3o se encontrou com o ritmo de tomada de tempo<\/p>\n","protected":false},"author":0,"featured_media":1000458255,"comment_status":"closed","ping_status":"closed","sticky":false,"template":"","format":"standard","meta":{"42wp_featured_image_caption":"","42wp_featured_image_credits":"","42wp_featured_video":"","42wp_featured_image_hidden":false,"42wp_authors_list":[],"footnotes":""},"categories":[2],"tags":[156,1285,25536,1754,203,866,204,1756],"42wp_author":[47120],"class_list":["post-122634","post","type-post","status-publish","format-standard","has-post-thumbnail","hentry","category-f1","tag-f1-2021","tag-formula-1-2021","tag-formula-1-2021-2","tag-gp-do-bahrein","tag-max-verstappen","tag-motor-honda","tag-red-bull","tag-sakhir","42wp_author-pedro-henrique-marum"],"_links":{"self":[{"href":"https:\/\/grandepremio.com\/br\/wp-json\/wp\/v2\/posts\/122634","targetHints":{"allow":["GET"]}}],"collection":[{"href":"https:\/\/grandepremio.com\/br\/wp-json\/wp\/v2\/posts"}],"about":[{"href":"https:\/\/grandepremio.com\/br\/wp-json\/wp\/v2\/types\/post"}],"replies":[{"embeddable":true,"href":"https:\/\/grandepremio.com\/br\/wp-json\/wp\/v2\/comments?post=122634"}],"version-history":[{"count":0,"href":"https:\/\/grandepremio.com\/br\/wp-json\/wp\/v2\/posts\/122634\/revisions"}],"wp:featuredmedia":[{"embeddable":true,"href":"https:\/\/grandepremio.com\/br\/wp-json\/wp\/v2\/media\/1000458255"}],"wp:attachment":[{"href":"https:\/\/grandepremio.com\/br\/wp-json\/wp\/v2\/media?parent=122634"}],"wp:term":[{"taxonomy":"category","embeddable":true,"href":"https:\/\/grandepremio.com\/br\/wp-json\/wp\/v2\/categories?post=122634"},{"taxonomy":"post_tag","embeddable":true,"href":"https:\/\/grandepremio.com\/br\/wp-json\/wp\/v2\/tags?post=122634"},{"taxonomy":"42wp_author","embeddable":true,"href":"https:\/\/grandepremio.com\/br\/wp-json\/wp\/v2\/42wp_author?post=122634"}],"curies":[{"name":"wp","href":"https:\/\/api.w.org\/{rel}","templated":true}]}}