{"id":122664,"date":"2021-03-25T13:14:35","date_gmt":"2021-03-25T16:14:35","guid":{"rendered":"https:\/\/grandepremio.com\/br\/noticias\/valentino-rossi-mostra-novo-capacete-2021\/"},"modified":"2021-03-25T13:14:43","modified_gmt":"2021-03-25T16:14:43","slug":"valentino-rossi-mostra-novo-capacete-2021","status":"publish","type":"post","link":"https:\/\/grandepremio.com\/br\/motogp\/valentino-rossi-mostra-novo-capacete-2021\/","title":{"rendered":"Rossi mant\u00e9m sol e lua, mas mostra novo layout em capacete para 2021"},"content":{"rendered":"\n<figure class=\"wp-block-video\"><video class=\"video-js vjs-big-play-centered\" data-gp-vjs=\"1\" controls src=\"https:\/\/www.grandepremio.com\/br\/wp-content\/uploads\/2021\/03\/Dromo-design-for-Hungarian-MotoGP-2023-unveiled.mp4\"><\/video><\/figure>\n\n\n\n<p class=\"wp-block-paragraph\">A temporada 2021 de Valentino Rossi conta com diversas novidades. Uma delas, claro, \u00e9 a mudan\u00e7a de equipe, saindo do time de f\u00e1brica da Yamaha para a SRT. A outra \u00e9 a nova pintura do capacete, ainda bem colorido e com estilo despojado.<\/p>\n\n\n\n<p class=\"wp-block-paragraph\">Sempre acompanhado do sol e da lua, marcas registradas em seus capacetes, Rossi apresentou o novo casco com um v\u00eddeo nas redes sociais. O desenho \u00e9 novamente do designer italiano Aldo Drudi &#8211; que tamb\u00e9m faz as artes para outros pilotos do Mundial de Motovelocidade.<\/p>\n\n\n\n<p class=\"wp-block-paragraph\">Nem Rossi, nem Drudi, por\u00e9m, explicaram exatamente o desenho do capacete. No v\u00eddeo, o veterano piloto da MotoGP \u00e9 visto seguindo o trabalho do desenhista e depois analisando o novo modelo.<\/p>\n\n\n\n<figure class=\"wp-block-image size-large\"><img decoding=\"async\" src=\"https:\/\/www.grandepremio.com\/br\/wp-content\/uploads\/2021\/03\/Rossi2-1024x1024.jpg\" alt=\"\" class=\"wp-image-457889\"\/><figcaption>Detalhe do sol e da lua no capacete de Rossi (Foto: Divulga\u00e7\u00e3o)<\/figcaption><\/figure>\n\n\n\n<p class=\"wp-block-paragraph\"><strong>GUIA MOTOGP 2021<\/strong><br>\u21dd\u00a0<strong><a href=\"https:\/\/www.grandepremio.com\/br\/motogp\/noticias\/guia-2021-motogp-chega-igual-mas-diferente-em-campeonato-condicionado-por-pandemia\/\" target=\"_blank\" rel=\"noreferrer noopener\">MotoGP chega igual, mas diferente em campeonato condicionado por pandemia<\/a><\/strong><br>\u21dd\u00a0<strong><a href=\"https:\/\/grandepremium.grandepremio.com\/br\/analise\/motogp\/materias\/guia-2021-equipes-e-pilotos\/\" target=\"_blank\" rel=\"noreferrer noopener\">Conhe\u00e7a quem s\u00e3o as equipes e pilotos para a temporada 2021 da MotoGP<\/a><\/strong><br>\u21dd\u00a0<strong><a href=\"https:\/\/www.grandepremio.com\/br\/motogp\/noticias\/guia-2021-suzuki-vida-sem-davide-brivio-tenta-feito-bicampeonato\" target=\"_blank\" rel=\"noreferrer noopener\">Suzuki segue vida sem Brivio e tenta feito do bicampeonato na MotoGP em 2021<\/a><\/strong><br>\u21dd\u00a0<strong><a href=\"https:\/\/www.grandepremio.com\/br\/motogp\/noticias\/guia-2021-motogp-misterio-marc-marquez-retorna-apos-tres-cirurgias\" target=\"_blank\" rel=\"noreferrer noopener\">MotoGP volta com mist\u00e9rio: Marc M\u00e1rquez retorna ap\u00f3s tr\u00eas cirurgias? E como?<\/a><\/strong><br>\u21dd\u00a0<strong><a href=\"https:\/\/www.grandepremio.com\/br\/motogp\/noticias\/guia-2021-honda-aposta-em-encaixe-de-pol-espargaro-por-fim-de-serie-de-insucessos\" target=\"_blank\" rel=\"noreferrer noopener\">Honda aposta em encaixe de Pol Espargar\u00f3 por encerramento de s\u00e9rie de insucessos<\/a><\/strong><br>\u21dd\u00a0<strong><a href=\"https:\/\/www.grandepremio.com\/br\/motogp\/noticias\/guia-2021-joan-mir-defende-titulo-motogp-mostrar-2020-nao-acaso\" target=\"_blank\" rel=\"noreferrer noopener\">Mir defende t\u00edtulo da MotoGP para mostrar que conquista de 2020 n\u00e3o foi acaso<\/a><\/strong><br>\u21dd\u00a0<strong><a href=\"https:\/\/www.grandepremio.com\/br\/motogp\/noticias\/guia-2021-quartararo-precisara-de-regularidade-e-cabeca-no-lugar-para-substituir-rossi\" target=\"_blank\" rel=\"noreferrer noopener\">Quartararo precisar\u00e1 de regularidade e cabe\u00e7a no lugar para substituir Rossi<\/a><\/strong><br>\u21dd\u00a0<a href=\"https:\/\/www.grandepremio.com\/br\/motogp\/noticias\/guia-2021-bastianini-marini-e-martin-sobem-para-motogp-com-promessa-de-briga-parelha\" target=\"_blank\" rel=\"noreferrer noopener\"><strong>Bastianini, Marini e Mart\u00edn sobem para MotoGP com promessa de briga parelha<\/strong><\/a><\/p>\n\n\n\n<p class=\"wp-block-paragraph\">De mudan\u00e7a para a SRT, para correr ao lado de Franco Morbidelli, o italiano recentemente anunciou que sua meta \u00e9 correr na MotoGP <a href=\"https:\/\/www.grandepremio.com\/br\/motogp\/noticias\/valentino-rossi-pondera-futuro-motogp-minha-meta-correr-mais-dois-anos\/\">por mais algum tempo<\/a>, mesmo j\u00e1 veterano, com 42 anos. &#8220;Oficialmente, tenho um contrato de um ano, mas a minha meta \u00e9 correr por mais dois\u201d, disse.<\/p>\n\n\n\n<p class=\"wp-block-paragraph\">Com contrato de apenas uma temporada com a equipe de Razlan Razali, Rossi insistiu que a perman\u00eancia na classe rainha vai depender dos resultados. No ano passado, o italiano teve o pior desempenho da carreira e ficou apenas em 15\u00ba em um campeonato marcado por quedas e infec\u00e7\u00e3o pela Covid-19.<\/p>\n\n\n\n<p class=\"wp-block-paragraph\"><strong>Conhe\u00e7a o canal do Grande Pr\u00eamio no YouTube! Clique\u00a0<a rel=\"noreferrer noopener\" href=\"https:\/\/youtube.com\/GrandePremioTV\" target=\"_blank\">aqui<\/a>.<br>Siga o Grande Pr\u00eamio no\u00a0<a rel=\"noreferrer noopener\" href=\"https:\/\/twitter.com\/grandepremio\" target=\"_blank\">Twitter\u00a0<\/a>e no\u00a0<a rel=\"noreferrer noopener\" href=\"https:\/\/instagram.com\/grandepremio\" target=\"_blank\">Instagram<\/a>!<\/strong><\/p>\n\n\n\n\n","protected":false},"excerpt":{"rendered":"<p>Dias antes da abertura da temporada da MotoGP, Valentino Rossi apresentou o novo capacete. O veterano italiano seguiu com o sol e a lua no casco, mas o desenho teve leves altera\u00e7\u00f5es<\/p>\n","protected":false},"author":0,"featured_media":1000457887,"comment_status":"closed","ping_status":"closed","sticky":false,"template":"","format":"standard","meta":{"42wp_featured_image_caption":"","42wp_featured_image_credits":"","42wp_featured_video":"","42wp_featured_image_hidden":false,"42wp_authors_list":[],"footnotes":""},"categories":[8],"tags":[2438,78,490,25441,80,172],"42wp_author":[47135],"class_list":["post-122664","post","type-post","status-publish","format-standard","has-post-thumbnail","hentry","category-motogp","tag-lula","tag-motogp","tag-motogp-2021","tag-srt","tag-valentino-rossi","tag-yamaha","42wp_author-pedro-luis-cuenca"],"_links":{"self":[{"href":"https:\/\/grandepremio.com\/br\/wp-json\/wp\/v2\/posts\/122664","targetHints":{"allow":["GET"]}}],"collection":[{"href":"https:\/\/grandepremio.com\/br\/wp-json\/wp\/v2\/posts"}],"about":[{"href":"https:\/\/grandepremio.com\/br\/wp-json\/wp\/v2\/types\/post"}],"replies":[{"embeddable":true,"href":"https:\/\/grandepremio.com\/br\/wp-json\/wp\/v2\/comments?post=122664"}],"version-history":[{"count":0,"href":"https:\/\/grandepremio.com\/br\/wp-json\/wp\/v2\/posts\/122664\/revisions"}],"wp:featuredmedia":[{"embeddable":true,"href":"https:\/\/grandepremio.com\/br\/wp-json\/wp\/v2\/media\/1000457887"}],"wp:attachment":[{"href":"https:\/\/grandepremio.com\/br\/wp-json\/wp\/v2\/media?parent=122664"}],"wp:term":[{"taxonomy":"category","embeddable":true,"href":"https:\/\/grandepremio.com\/br\/wp-json\/wp\/v2\/categories?post=122664"},{"taxonomy":"post_tag","embeddable":true,"href":"https:\/\/grandepremio.com\/br\/wp-json\/wp\/v2\/tags?post=122664"},{"taxonomy":"42wp_author","embeddable":true,"href":"https:\/\/grandepremio.com\/br\/wp-json\/wp\/v2\/42wp_author?post=122664"}],"curies":[{"name":"wp","href":"https:\/\/api.w.org\/{rel}","templated":true}]}}