{"id":122677,"date":"2021-03-25T10:00:00","date_gmt":"2021-03-25T13:00:00","guid":{"rendered":"https:\/\/grandepremio.com\/br\/noticias\/gp-as-10-mercedes-comeca-mal-e-red-bull-e-favorita-mas-nao-ao-titulo-na-f1-2021\/"},"modified":"2021-03-25T09:22:26","modified_gmt":"2021-03-25T12:22:26","slug":"gp-as-10-mercedes-comeca-mal-e-red-bull-e-favorita-mas-nao-ao-titulo-na-f1-2021","status":"publish","type":"post","link":"https:\/\/grandepremio.com\/br\/f1\/gp-as-10-mercedes-comeca-mal-e-red-bull-e-favorita-mas-nao-ao-titulo-na-f1-2021\/","title":{"rendered":"GP \u00e0s 10: Mercedes come\u00e7a mal e Red Bull \u00e9 favorita (mas n\u00e3o ao t\u00edtulo) na F1 2021"},"content":{"rendered":"\n<figure class=\"wp-block-video\"><video class=\"video-js vjs-big-play-centered\" data-gp-vjs=\"1\" controls src=\"https:\/\/www.grandepremio.com\/br\/wp-content\/uploads\/2021\/03\/Bahrein_2.mp4\"><\/video><figcaption>Como foi o terceiro e \u00faltimo dia de testes de pr\u00e9-temporada da F1 em Sakhir (V\u00eddeo: GRANDE PR\u00caMIO)<\/figcaption><\/figure>\n\n\n\n<p class=\"wp-block-paragraph\">A F\u00f3rmula 1 volta para valer neste fim de semana com o GP do Bahrein, ent\u00e3o \u00e9 o momento de analisar quem entra favorito e quem ainda precisa de mais tempo. Diante de uma pr\u00e9-temporada truncada, a Red Bull surge favorita, na opini\u00e3o de Flavio Gomes. E a Mercedes? Vai come\u00e7ar mal. <\/p>\n\n\n\n<p class=\"wp-block-paragraph\">O jornalista entende que os taurinos se apresentaram muito bem durante os testes e tem um carro forte, com um desempenho muito s\u00f3lido, al\u00e9m de um moto melhor. A equipe tamb\u00e9m conta com o talento de Max Verstappen, que agora vai ter um companheiro de equipe mais competitivo em Sergio P\u00e9rez.<\/p>\n\n\n\n<p class=\"wp-block-paragraph\"><strong>Conhe\u00e7a o canal do Grande Pr\u00eamio no YouTube! Clique&nbsp;<a rel=\"noreferrer noopener\" href=\"https:\/\/youtube.com\/GrandePremioTV\" target=\"_blank\">aqui<\/a>.<br>Siga o Grande Pr\u00eamio no&nbsp;<a rel=\"noreferrer noopener\" href=\"https:\/\/twitter.com\/grandepremio\" target=\"_blank\">Twitter&nbsp;<\/a>e no&nbsp;<a rel=\"noreferrer noopener\" href=\"https:\/\/instagram.com\/grandepremio\" target=\"_blank\">Instagram<\/a>!<\/strong><br><strong>WEB STORIES:&nbsp;<a href=\"https:\/\/www.grandepremio.com\/br\/web-stories\/f1\/band-transmitir-formula-1-champanhe-acabar\/\">Band se prepara para transmitir<\/a>&nbsp;<a href=\"https:\/\/www.grandepremio.com\/br\/f1\/\" target=\"_blank\" rel=\"noreferrer noopener\">F1&nbsp;<\/a>\u2018<a href=\"https:\/\/www.grandepremio.com\/br\/web-stories\/f1\/band-transmitir-formula-1-champanhe-acabar\/\">at\u00e9 champanhe acabar\u2019<\/a><\/strong><\/p>\n\n\n\n<p class=\"wp-block-paragraph\">S\u00f3 que, apesar do conjunto afiado, os energ\u00e9ticos n\u00e3o v\u00e3o levar o campeonato, mas v\u00e3o liderar a F1 ao menos nas cinco primeiras corridas.<\/p>\n\n\n\n<p class=\"wp-block-paragraph\">A Mercedes, por outro lado, vai come\u00e7ar mal o campeonato, segundo Gomes. A esquadra de Lewis Hamilton enfrentou problemas em Sakhir e vai precisar de tempo para se recuperar.<br><br><strong>ASSISTA ABAIXO:<\/strong><\/p>\n\n\n\n<figure class=\"wp-block-embed is-type-video is-provider-youtube wp-block-embed-youtube wp-embed-aspect-16-9 wp-has-aspect-ratio\"><div class=\"wp-block-embed__wrapper\">\n<iframe loading=\"lazy\" title=\"MERCEDES COME\u00c7A MAL E RED BULL \u00c9 FAVORITA NA F1 2021 (MAS N\u00c3O AO T\u00cdTULO) | GP \u00e0s 10\" width=\"500\" height=\"281\" src=\"https:\/\/www.youtube.com\/embed\/Xqee4nsC49U?feature=oembed\" frameborder=\"0\" allow=\"accelerometer; autoplay; clipboard-write; encrypted-media; gyroscope; picture-in-picture; web-share\" referrerpolicy=\"strict-origin-when-cross-origin\" allowfullscreen><\/iframe>\n<\/div><\/figure>\n\n\n\n<p class=\"wp-block-paragraph\"><strong>GUIA&nbsp;<a href=\"https:\/\/www.grandepremio.com\/br\/f1\/\" target=\"_blank\" rel=\"noreferrer noopener\">F1&nbsp;<\/a>2021<\/strong><br><strong><a href=\"https:\/\/www.grandepremio.com\/br\/f1\/noticias\/guia-2021-f1-se-prepara-para-duelo-lewis-hamilton-x-max-verstappen-em-ano-pandemico-e-incerto\/\">+<\/a><a href=\"https:\/\/www.grandepremio.com\/br\/f1\/\" target=\"_blank\" rel=\"noreferrer noopener\">F1&nbsp;<\/a>se&nbsp;<a href=\"https:\/\/www.grandepremio.com\/br\/f1\/noticias\/guia-2021-f1-se-prepara-para-duelo-lewis-hamilton-x-max-verstappen-em-ano-pandemico-e-incerto\/\">prepara para duelo Hamilton x Verstappen em ano pand\u00eamico e incerto<\/a><br><a href=\"https:\/\/www.grandepremio.com\/br\/f1\/noticias\/guia-2021-mercedes-enfrenta-reves-com-carro-instavel-mas-abre-temporada-favorita\/\">+<\/a><a href=\"https:\/\/www.grandepremio.com\/br\/equipe\/f1\/2020\/mercedes-amg-motorsport\/\" target=\"_blank\" rel=\"noreferrer noopener\">Mercedes<\/a>&nbsp;<a href=\"https:\/\/www.grandepremio.com\/br\/f1\/noticias\/guia-2021-mercedes-enfrenta-reves-com-carro-instavel-mas-abre-temporada-favorita\/\">enfrenta rev\u00e9s com carro inst\u00e1vel, mas abre temporada favorita<\/a><br><a href=\"https:\/\/www.grandepremio.com\/br\/f1\/noticias\/guia-2021-max-verstappen-encara-perspectiva-briga-titulo-e-desafio-sergio-perez\">+Verstappen encara perspectiva de briga por t\u00edtulo e desafio com P\u00e9rez<\/a><\/strong><br><strong><a href=\"https:\/\/www.grandepremio.com\/br\/f1\/noticias\/guia-2021-gasly-muda-de-patamar-e-se-mostra-pronto-para-liderar-alphatauri\/\">+Gasly muda de patamar e se mostra pronto para liderar&nbsp;<\/a><a href=\"https:\/\/www.grandepremio.com\/br\/equipe\/f1\/2020\/scuderia-alphatauri\/\" target=\"_blank\" rel=\"noreferrer noopener\">AlphaTauri<\/a><br><a href=\"https:\/\/www.grandepremio.com\/br\/f1\/noticias\/guia-2021-mclaren-reforcos-mira-consolidacao-top-3-formula-1\/\">+McLaren&nbsp;ganha refor\u00e7os e mira consolida\u00e7\u00e3o no top-3 da&nbsp;<\/a><a href=\"https:\/\/www.grandepremio.com\/br\/f1\/\" target=\"_blank\" rel=\"noreferrer noopener\">F\u00f3rmula 1<\/a><br><a href=\"https:\/\/www.grandepremio.com\/br\/f1\/noticias\/guia-2021-alpine-ousa-carro-arrojado-mira-top-3-retorno-fernando-alonso\">+Alpine ousa com carro arrojado e mira top-3 no retorno de Alonso<\/a><\/strong><\/p>\n","protected":false},"excerpt":{"rendered":"<p>O GP \u00e0s 10 desta quinta-feira (24) fala sobre as dificuldades da Mercedes e o favoritismo da Red Bull. Flavio Gomes entende que os atuais campe\u00f5es v\u00e3o levar mais tempo para pegar os taurinos, &#8220;ao menos umas cinco corridas&#8221;<\/p>\n","protected":false},"author":0,"featured_media":1000456156,"comment_status":"closed","ping_status":"closed","sticky":false,"template":"","format":"standard","meta":{"42wp_featured_image_caption":"","42wp_featured_image_credits":"","42wp_featured_video":"","42wp_featured_image_hidden":false,"42wp_authors_list":[],"footnotes":""},"categories":[2],"tags":[147,156,122,24837,24840,87,82,204],"42wp_author":[47115],"class_list":["post-122677","post","type-post","status-publish","format-standard","has-post-thumbnail","hentry","category-f1","tag-f1","tag-f1-2021","tag-flavio-gomes","tag-formula-1-2","tag-gp-as-10-2","tag-lewis-hamilton","tag-mercedes","tag-red-bull","42wp_author-evelyn-guimaraes"],"_links":{"self":[{"href":"https:\/\/grandepremio.com\/br\/wp-json\/wp\/v2\/posts\/122677","targetHints":{"allow":["GET"]}}],"collection":[{"href":"https:\/\/grandepremio.com\/br\/wp-json\/wp\/v2\/posts"}],"about":[{"href":"https:\/\/grandepremio.com\/br\/wp-json\/wp\/v2\/types\/post"}],"replies":[{"embeddable":true,"href":"https:\/\/grandepremio.com\/br\/wp-json\/wp\/v2\/comments?post=122677"}],"version-history":[{"count":0,"href":"https:\/\/grandepremio.com\/br\/wp-json\/wp\/v2\/posts\/122677\/revisions"}],"wp:featuredmedia":[{"embeddable":true,"href":"https:\/\/grandepremio.com\/br\/wp-json\/wp\/v2\/media\/1000456156"}],"wp:attachment":[{"href":"https:\/\/grandepremio.com\/br\/wp-json\/wp\/v2\/media?parent=122677"}],"wp:term":[{"taxonomy":"category","embeddable":true,"href":"https:\/\/grandepremio.com\/br\/wp-json\/wp\/v2\/categories?post=122677"},{"taxonomy":"post_tag","embeddable":true,"href":"https:\/\/grandepremio.com\/br\/wp-json\/wp\/v2\/tags?post=122677"},{"taxonomy":"42wp_author","embeddable":true,"href":"https:\/\/grandepremio.com\/br\/wp-json\/wp\/v2\/42wp_author?post=122677"}],"curies":[{"name":"wp","href":"https:\/\/api.w.org\/{rel}","templated":true}]}}