{"id":122694,"date":"2021-03-24T15:21:04","date_gmt":"2021-03-24T18:21:04","guid":{"rendered":"https:\/\/grandepremio.com\/br\/noticias\/nissan-vai-na-contramao-de-bmw-e-audi-e-decide-seguir-na-formula-e-ate-2026\/"},"modified":"2021-03-24T15:24:59","modified_gmt":"2021-03-24T18:24:59","slug":"nissan-vai-na-contramao-de-bmw-e-audi-e-decide-seguir-na-formula-e-ate-2026","status":"publish","type":"post","link":"https:\/\/grandepremio.com\/br\/formula-e\/nissan-vai-na-contramao-de-bmw-e-audi-e-decide-seguir-na-formula-e-ate-2026\/","title":{"rendered":"Nissan vai na contram\u00e3o de BMW e Audi e decide seguir na F\u00f3rmula E at\u00e9 2026"},"content":{"rendered":"\n<figure class=\"wp-block-video\"><video class=\"video-js vjs-big-play-centered\" data-gp-vjs=\"1\" controls src=\"https:\/\/www.grandepremio.com\/br\/wp-content\/uploads\/2021\/03\/2021-02-27_FE_AlexLynn_acidente.mp4\"><\/video><\/figure>\n\n\n\n<p class=\"wp-block-paragraph\">Na F\u00f3rmula E desde a temporada 2017\/18, a Nissan renovou seus votos. A montadora japonesa, sucessora da Renault na categoria el\u00e9trica, firmou um novo contrato de extens\u00e3o e garantiu que permanece pelo menos por mais cinco anos, at\u00e9 2026.<\/p>\n\n\n\n<p class=\"wp-block-paragraph\">A Nissan, assim, vai na contram\u00e3o de outras duas montadoras. BMW e Audi est\u00e3o de sa\u00edda da F\u00f3rmula E ao fim da temporada em um movimento que surpreendeu e estremeceu uma categoria de futuro aparentemente s\u00f3lido.<\/p>\n\n\n\n<p class=\"wp-block-paragraph\">A Nissan possui um plano ambicioso para seu futuro pr\u00f3ximo, que \u00e9 ter uma frota de carros de fabrica 100% el\u00e9trica at\u00e9 o in\u00edcio de 2030. Em declara\u00e7\u00e3o ap\u00f3s o an\u00fancio do acordo, o chefe de opera\u00e7\u00f5es da equipe, Ashawani Gupta, ressaltou o benef\u00edcio da continuidade: \u201cPara a Nissan, a F\u00f3rmula E nos ajuda a trazer entusiasmo, energia e o pensamento de vanguarda sobre o meio ambiente, entregando essa vis\u00e3o do futuro a um p\u00fablico cada vez maior, jovem e diversificado\u201d, afirmou o diretor.<\/p>\n\n\n\n<figure class=\"wp-block-image size-large\"><img decoding=\"async\" src=\"https:\/\/www.grandepremio.com\/br\/wp-content\/uploads\/2020\/08\/5-EPS608_065926_J6I9424-1024x683.jpg\" alt=\"\" class=\"wp-image-404747\"\/><figcaption>A Nissan j\u00e1 sabe como alinhar\u00e1 em 2021 (Foto: F\u00f3rmula E)<\/figcaption><\/figure>\n\n\n\n<p class=\"wp-block-paragraph\">De acordo com Gupta, o futuro aponta cada vez mais para o desenvolvimento de tecnologias limpas e, consequentemente, para o investimento em motores el\u00e9tricos visando sustentabilidade. \u201cNosso objetivo \u00e9\u00a0 desenvolver e criar ve\u00edculos el\u00e9tricos que transformem a maneira como comunidades se conectam e se desenvolvem, inspirando-nos a trabalhar em prol de uma sociedade mais sustent\u00e1vel\u201d, finalizou.<\/p>\n\n\n\n<p class=\"wp-block-paragraph\">A partir da temporada 2022\/23, a F\u00f3rmula E ir\u00e1 introduzir sua terceira gera\u00e7\u00e3o de carros. Trata-se do Gen3, uma evolu\u00e7\u00e3o do Gen2 que precisou ser adiada por conta da pandemia do coronav\u00edrus.<\/p>\n\n\n\n<p class=\"wp-block-paragraph\">A temporada 2020\/21 da FE j\u00e1 est\u00e1 rolando, com <strong><a href=\"https:\/\/www.grandepremio.com\/br\/formula-e\/noticias\/de-vries-segue-lider-da-fe-mas-ve-bird-subir-para-segundo-confira-classificacao\/\">Nyck de Vries liderando o Campeonato de Pilotos<\/a><\/strong>. A pr\u00f3xima etapa \u00e9 o eP de Roma, marcado para 10 de abril.<\/p>\n\n\n\n<p class=\"wp-block-paragraph\"><strong>Conhe\u00e7a o canal do Grande Pr\u00eamio no YouTube! Clique\u00a0<a rel=\"noreferrer noopener\" href=\"https:\/\/youtube.com\/GrandePremioTV\" target=\"_blank\">aqui<\/a>.<br>Siga o Grande Pr\u00eamio no\u00a0<a rel=\"noreferrer noopener\" href=\"https:\/\/twitter.com\/grandepremio\" target=\"_blank\">Twitter\u00a0<\/a>e no\u00a0<a rel=\"noreferrer noopener\" href=\"https:\/\/instagram.com\/grandepremio\" target=\"_blank\">Instagram<\/a>!<\/strong><\/p>\n\n\n\n<figure class=\"wp-block-embed is-type-video is-provider-youtube wp-block-embed-youtube wp-embed-aspect-16-9 wp-has-aspect-ratio\"><div class=\"wp-block-embed__wrapper\">\n<iframe loading=\"lazy\" title=\"P\u00c9REZ x BOTTAS: COMO OS COADJUVANTES PODEM DECIDIR A F1 2021 | GP \u00e0s 10\" width=\"500\" height=\"281\" src=\"https:\/\/www.youtube.com\/embed\/6hlI0CDCiOk?feature=oembed\" frameborder=\"0\" allow=\"accelerometer; autoplay; clipboard-write; encrypted-media; gyroscope; picture-in-picture; web-share\" referrerpolicy=\"strict-origin-when-cross-origin\" allowfullscreen><\/iframe>\n<\/div><\/figure>\n\n\n\n<p class=\"wp-block-paragraph\"><\/p>\n","protected":false},"excerpt":{"rendered":"<p>A Nissan anunciou que continua na F\u00f3rmula E at\u00e9, pelo menos, 2026. BMW e Audi, duas montadoras de peso, deixam o grid no fim da temporada<\/p>\n","protected":false},"author":0,"featured_media":0,"comment_status":"closed","ping_status":"closed","sticky":false,"template":"","format":"standard","meta":{"42wp_featured_image_caption":"","42wp_featured_image_credits":"","42wp_featured_video":"","42wp_featured_image_hidden":false,"42wp_authors_list":[],"footnotes":""},"categories":[19],"tags":[840],"42wp_author":[47138],"class_list":["post-122694","post","type-post","status-publish","format-standard","hentry","category-formula-e","tag-formula-e","42wp_author-lucascouto"],"_links":{"self":[{"href":"https:\/\/grandepremio.com\/br\/wp-json\/wp\/v2\/posts\/122694","targetHints":{"allow":["GET"]}}],"collection":[{"href":"https:\/\/grandepremio.com\/br\/wp-json\/wp\/v2\/posts"}],"about":[{"href":"https:\/\/grandepremio.com\/br\/wp-json\/wp\/v2\/types\/post"}],"replies":[{"embeddable":true,"href":"https:\/\/grandepremio.com\/br\/wp-json\/wp\/v2\/comments?post=122694"}],"version-history":[{"count":0,"href":"https:\/\/grandepremio.com\/br\/wp-json\/wp\/v2\/posts\/122694\/revisions"}],"wp:attachment":[{"href":"https:\/\/grandepremio.com\/br\/wp-json\/wp\/v2\/media?parent=122694"}],"wp:term":[{"taxonomy":"category","embeddable":true,"href":"https:\/\/grandepremio.com\/br\/wp-json\/wp\/v2\/categories?post=122694"},{"taxonomy":"post_tag","embeddable":true,"href":"https:\/\/grandepremio.com\/br\/wp-json\/wp\/v2\/tags?post=122694"},{"taxonomy":"42wp_author","embeddable":true,"href":"https:\/\/grandepremio.com\/br\/wp-json\/wp\/v2\/42wp_author?post=122694"}],"curies":[{"name":"wp","href":"https:\/\/api.w.org\/{rel}","templated":true}]}}