{"id":122707,"date":"2021-03-24T08:29:11","date_gmt":"2021-03-24T11:29:11","guid":{"rendered":"https:\/\/grandepremio.com\/br\/noticias\/kimi-raikkonen-defende-mick-schumacher-nao-esta-na-f1-pelo-sobrenome\/"},"modified":"2021-03-24T08:29:20","modified_gmt":"2021-03-24T11:29:20","slug":"kimi-raikkonen-defende-mick-schumacher-nao-esta-na-f1-pelo-sobrenome","status":"publish","type":"post","link":"https:\/\/grandepremio.com\/br\/f1\/kimi-raikkonen-defende-mick-schumacher-nao-esta-na-f1-pelo-sobrenome\/","title":{"rendered":"R\u00e4ikk\u00f6nen defende Mick Schumacher antes de estreia: &#8220;N\u00e3o est\u00e1 na F1 pelo sobrenome&#8221;"},"content":{"rendered":"\n<figure class=\"wp-block-video\"><video class=\"video-js vjs-big-play-centered\" data-gp-vjs=\"1\" controls src=\"https:\/\/www.grandepremio.com\/br\/wp-content\/uploads\/2021\/03\/voltaonboardjida.mp4\"><\/video><\/figure>\n\n\n\n<p class=\"wp-block-paragraph\">A temporada 2021 da F\u00f3rmula 1 ser\u00e1 marcada pelo encontro de diferentes gera\u00e7\u00f5es nas pistas. Na categoria desde 2001, e j\u00e1 com 41 anos, Kimi R\u00e4ikk\u00f6nen correu com o pai de Mick Schumacher, novato alem\u00e3o de apenas 22 anos. E o finland\u00eas espera que o jovem consiga se dar bem na F1 neste in\u00edcio de jornada.<\/p>\n\n\n\n<p class=\"wp-block-paragraph\">R\u00e4ikk\u00f6nen, que correu contra Michael Schumacher no in\u00edcio do s\u00e9culo, admitiu que v\u00ea semelhan\u00e7as no estilo do heptacampe\u00e3o e de Mick. E que est\u00e1 ansioso para ver o jovem piloto nas pistas nesta temporada.<\/p>\n\n\n\n<p class=\"wp-block-paragraph\">&#8220;Vai ser empolgante ver como anda. Espero que tenha uma carro decente. Ele [Mick] me lembra muito seu pai, estou feliz por ele&#8221;, disse R\u00e4ikk\u00f6nen \u00e0 Sky Sports.<\/p>\n\n\n\n<figure class=\"wp-block-image size-large\"><img decoding=\"async\" src=\"https:\/\/www.grandepremio.com\/br\/wp-content\/uploads\/2021\/03\/haas-mickschumacher-01a-1024x683.jpg\" alt=\"\" class=\"wp-image-455257\"\/><figcaption>Mick Schumacher leva o sobrenome eternizado pelo pai de volta \u00e0 F1 ap\u00f3s oito anos (Foto: Haas)<\/figcaption><\/figure>\n\n\n\n<p class=\"wp-block-paragraph\"><strong>Conhe\u00e7a o canal do Grande Pr\u00eamio no YouTube! Clique\u00a0<a rel=\"noreferrer noopener\" href=\"https:\/\/youtube.com\/GrandePremioTV\" target=\"_blank\">aqui<\/a>.<br>Siga o Grande Pr\u00eamio no\u00a0<a rel=\"noreferrer noopener\" href=\"https:\/\/twitter.com\/grandepremio\" target=\"_blank\">Twitter\u00a0<\/a>e no\u00a0<a rel=\"noreferrer noopener\" href=\"https:\/\/instagram.com\/grandepremio\" target=\"_blank\">Instagram<\/a>!<\/strong><\/p>\n\n\n\n<p class=\"wp-block-paragraph\">O finland\u00eas da Alfa Romeo ainda afirmou categoricamente que Mick mereceu uma vaga no grid da F\u00f3rmula 1 e que n\u00e3o est\u00e1 l\u00e1 apenas pelos la\u00e7os familiares. Em 2020, Schumacher foi campe\u00e3o da F2 e conseguiu um assento na Haas para este ano.<\/p>\n\n\n\n<p class=\"wp-block-paragraph\">Ao ser questionado sobre uma poss\u00edvel boa vontade com o alem\u00e3o, R\u00e4ikk\u00f6nen pontuou que h\u00e1, sim, mas &#8220;ele n\u00e3o est\u00e1 na F1 pelo sobrenome&#8221;.<\/p>\n\n\n\n<p class=\"wp-block-paragraph\">Por fim, R\u00e4ikk\u00f6nen ainda comentou sobre o retorno de Fernando Alonso ao grid da F1 ap\u00f3s dois anos de aus\u00eancia. A volta do experiente espanhol fez o finland\u00eas lembrar da pausa que tirou da categoria entre 2010 e 2012. &#8220;Sem aquele hiato, com certeza eu n\u00e3o estaria aqui falando sobre F\u00f3rmula 1. Acho que ele [Alonso], vai curtir muito&#8221;, concluiu.<\/p>\n\n\n\n<p class=\"wp-block-paragraph\"><strong>GUIA\u00a0<a href=\"https:\/\/www.grandepremio.com\/br\/f1\/\" target=\"_blank\" rel=\"noreferrer noopener\">F1\u00a0<\/a>2021<\/strong><br><strong><a href=\"https:\/\/www.grandepremio.com\/br\/f1\/noticias\/guia-2021-red-bull-forasteiro-sergio-perez-ameaca-mercedes-briga-real-f1\/\">+\u00a0<\/a><a href=\"https:\/\/www.grandepremio.com\/br\/equipe\/f1\/2020\/red-bull-racing\/\" target=\"_blank\" rel=\"noreferrer noopener\">Red Bull<\/a>\u00a0<\/strong><a href=\"https:\/\/www.grandepremio.com\/br\/f1\/noticias\/guia-2021-red-bull-forasteiro-sergio-perez-ameaca-mercedes-briga-real-f1\/\"><strong>aposta em forasteiro P\u00e9rez e amea\u00e7a Mercedes com briga real na F1<\/strong><br><\/a><strong>+\u00a0<a href=\"https:\/\/www.grandepremio.com\/br\/equipe\/f1\/2020\/haas-f1-team\/\" target=\"_blank\" rel=\"noreferrer noopener\">Haas<\/a>\u00a0<a href=\"https:\/\/www.grandepremio.com\/br\/f1\/noticias\/guia-2021-haas-sonho-americano-aposta-novatos-foco-2022\/\">desiste de \u2018sonho americano\u2019 e aposta em novatos com foco em 2022<\/a><\/strong><br><strong><a href=\"https:\/\/www.grandepremio.com\/br\/f1\/noticias\/guia-2021-perdidamente-apaixonado-formula-1-alonso-volta-sabendo-lugar-mundo\/\">+ Perdidamente apaixonado pela F1, Alonso volta sabendo qual seu lugar no mundo<\/a><\/strong><br><strong><a href=\"https:\/\/www.grandepremio.com\/br\/f1\/noticias\/guia-2021-george-russell-mercedes-carregar-williams-reconstrucao\/\">+ Russell quer Mercedes, mas antes tem de carregar\u00a0Williams\u00a0em reconstru\u00e7\u00e3o<\/a><\/strong><br><strong><a href=\"https:\/\/www.grandepremio.com\/br\/f1\/noticias\/guia-2021-leclerc-tem-missao-de-liderar-renovada-ferrari-e-manter-sainz-sob-controle\/\">+ Leclerc tem miss\u00e3o de liderar renovada\u00a0<\/a><a href=\"https:\/\/www.grandepremio.com\/br\/equipe\/f1\/2020\/scuderia-ferrari\/\" target=\"_blank\" rel=\"noreferrer noopener\">Ferrari<\/a>\u00a0e manter Sainz sob controle<\/strong><\/p>\n","protected":false},"excerpt":{"rendered":"<p>Kimi R\u00e4ikk\u00f6nen correu com Michael Schumacher e agora vai ter a oportunidade de correr com Mick, filho do heptacampe\u00e3o. E fez quest\u00e3o de defender o jovem alem\u00e3o de poss\u00edveis cr\u00edticas por conta dos la\u00e7os familiares<\/p>\n","protected":false},"author":0,"featured_media":1000455970,"comment_status":"closed","ping_status":"closed","sticky":false,"template":"","format":"standard","meta":{"42wp_featured_image_caption":"","42wp_featured_image_credits":"","42wp_featured_video":"","42wp_featured_image_hidden":false,"42wp_authors_list":[],"footnotes":""},"categories":[2],"tags":[457,147,156,24837,25536,119,24834,758,1294,27179],"42wp_author":[47135],"class_list":["post-122707","post","type-post","status-publish","format-standard","has-post-thumbnail","hentry","category-f1","tag-alfa-romeo","tag-f1","tag-f1-2021","tag-formula-1-2","tag-formula-1-2021-2","tag-haas","tag-kimi-raikkonen-2","tag-michael-schumacher","tag-mick-schumacher","tag-temporada-f1-2021","42wp_author-pedro-luis-cuenca"],"_links":{"self":[{"href":"https:\/\/grandepremio.com\/br\/wp-json\/wp\/v2\/posts\/122707","targetHints":{"allow":["GET"]}}],"collection":[{"href":"https:\/\/grandepremio.com\/br\/wp-json\/wp\/v2\/posts"}],"about":[{"href":"https:\/\/grandepremio.com\/br\/wp-json\/wp\/v2\/types\/post"}],"replies":[{"embeddable":true,"href":"https:\/\/grandepremio.com\/br\/wp-json\/wp\/v2\/comments?post=122707"}],"version-history":[{"count":0,"href":"https:\/\/grandepremio.com\/br\/wp-json\/wp\/v2\/posts\/122707\/revisions"}],"wp:featuredmedia":[{"embeddable":true,"href":"https:\/\/grandepremio.com\/br\/wp-json\/wp\/v2\/media\/1000455970"}],"wp:attachment":[{"href":"https:\/\/grandepremio.com\/br\/wp-json\/wp\/v2\/media?parent=122707"}],"wp:term":[{"taxonomy":"category","embeddable":true,"href":"https:\/\/grandepremio.com\/br\/wp-json\/wp\/v2\/categories?post=122707"},{"taxonomy":"post_tag","embeddable":true,"href":"https:\/\/grandepremio.com\/br\/wp-json\/wp\/v2\/tags?post=122707"},{"taxonomy":"42wp_author","embeddable":true,"href":"https:\/\/grandepremio.com\/br\/wp-json\/wp\/v2\/42wp_author?post=122707"}],"curies":[{"name":"wp","href":"https:\/\/api.w.org\/{rel}","templated":true}]}}