{"id":122730,"date":"2021-03-23T12:14:18","date_gmt":"2021-03-23T15:14:18","guid":{"rendered":"https:\/\/grandepremio.com\/br\/noticias\/serra-e-bueno-elogiam-stock-car-com-24-corridas-mas-duracao-e-safety-car-preocupam\/"},"modified":"2021-03-23T12:21:01","modified_gmt":"2021-03-23T15:21:01","slug":"serra-e-bueno-elogiam-stock-car-com-24-corridas-mas-duracao-e-safety-car-preocupam","status":"publish","type":"post","link":"https:\/\/grandepremio.com\/br\/stock-car\/serra-e-bueno-elogiam-stock-car-com-24-corridas-mas-duracao-e-safety-car-preocupam\/","title":{"rendered":"Serra e Bueno elogiam Stock Car com 24 corridas, mas dura\u00e7\u00e3o e safety-car preocupam"},"content":{"rendered":"\n<figure class=\"wp-block-video\"><video class=\"video-js vjs-big-play-centered\" data-gp-vjs=\"1\" controls src=\"https:\/\/www.grandepremio.com\/br\/wp-content\/uploads\/2021\/03\/Novos-Carros-\u2013-Lubrax-Podium-Stock-Car-Team_720P-HD.mp4\"><\/video><\/figure>\n\n\n\n<p class=\"wp-block-paragraph\">A Stock Car anunciou, na \u00faltima segunda-feira (22), mudan\u00e7as em seu regulamento para 2021 &#8211; <strong><a href=\"https:\/\/www.grandepremio.com\/br\/stock-car\/noticias\/stock-car-volta-atras-e-retoma-rodadas-duplas-mais-curtas-e-com-pontos-para-pole\/\">ou melhor, uma volta atr\u00e1s nas altera\u00e7\u00f5es que anteriormente havia feito<\/a><\/strong>. Assim, as etapas continuar\u00e3o em rodadas duplas, mas agora mais curtas, com duas provas: uma de 25 minutos, outra com dura\u00e7\u00e3o de 20. Com o total, portanto, de 24 corridas no ano, as regras causaram dois tipos de rea\u00e7\u00f5es em pilotos consagrados na categoria, como Daniel Serra e Cac\u00e1 Bueno, por exemplo.<\/p>\n\n\n\n<p class=\"wp-block-paragraph\">O lado bom, para os pilotos, \u00e9 a quantidade de corridas; o ruim, por\u00e9m, \u00e9 o pouco tempo de pista &#8211; e a chance clara de que ele ainda diminua mais. &#8220;Pontos positivos e outros n\u00e3o t\u00e3o legais&#8221;, resumiu Serra.<\/p>\n\n\n\n<p class=\"wp-block-paragraph\"><strong>Conhe\u00e7a o canal do Grande Pr\u00eamio no YouTube! Clique&nbsp;<a rel=\"noreferrer noopener\" href=\"https:\/\/youtube.com\/GrandePremioTV\" target=\"_blank\">aqui<\/a>.<br>Siga o Grande Pr\u00eamio no&nbsp;<a rel=\"noreferrer noopener\" href=\"https:\/\/twitter.com\/grandepremio\" target=\"_blank\">Twitter&nbsp;<\/a>e no&nbsp;<a rel=\"noreferrer noopener\" href=\"https:\/\/instagram.com\/grandepremio\" target=\"_blank\">Instagram<\/a>!<\/strong><br><strong>WEB STORIES:&nbsp;<a href=\"https:\/\/www.grandepremio.com\/br\/web-stories\/f1\/band-transmitir-formula-1-champanhe-acabar\/\">Band se prepara para transmitir<\/a>&nbsp;<a href=\"https:\/\/www.grandepremio.com\/br\/f1\/\" target=\"_blank\" rel=\"noreferrer noopener\">F1&nbsp;<\/a>\u2018<a href=\"https:\/\/www.grandepremio.com\/br\/web-stories\/f1\/band-transmitir-formula-1-champanhe-acabar\/\">at\u00e9 champanhe acabar\u2019<\/a><\/strong><\/p>\n\n\n\n<figure class=\"wp-block-image size-large\"><img decoding=\"async\" src=\"https:\/\/www.grandepremio.com\/br\/wp-content\/uploads\/2020\/09\/50338404613_278dec4ef7_o-1024x682.jpg\" alt=\"\" class=\"wp-image-423217\"\/><figcaption>Cac\u00e1 Bueno (Foto: Duda Bairros\/Vicar)<\/figcaption><\/figure>\n\n\n\n<p class=\"wp-block-paragraph\">&#8220;O regulamento novo tem algo legal que \u00e9 de termos 24 corridas, legal tamb\u00e9m a \u00faltima etapa n\u00e3o ser ponto dobrado e manter o mesmo formato que temos durante o ano inteiro.  A \u00fanica coisa coisa que seria mais legal \u00e9 que as 24 corridas fossem em formato mais longo. 25 e 20 minutos acaba sendo algo curto e, se tiver safety-car, acaba tendo cinco, seis voltas de corrida&#8221;, comentou o tricampe\u00e3o.<\/p>\n\n\n\n<p class=\"wp-block-paragraph\">Bueno, por sua vez penta, manteve a linha de Serra: &#8220;O que mais gostei  \u00e9 o recorde de provas, nunca tivemos tantas corridas em uma temporada da Stock Car: 24 corridas neste ano \u00e9 excelente. Isso \u00e9 muito legal, vai gerar bastante alcance com a TV e com o p\u00fablico&#8221;, disse.<\/p>\n\n\n\n<p class=\"wp-block-paragraph\">&#8220;Particularmente, eu preferiria um formato diferente para a rodada dupla, mas entendo que os promotores precisam gerar um espet\u00e1culo de maior abrang\u00eancia e isso tem que ser levado em conta\u201d, completou.<\/p>\n\n\n\n<figure class=\"wp-block-image size-large\"><img decoding=\"async\" src=\"https:\/\/www.grandepremio.com\/br\/wp-content\/uploads\/2020\/10\/1D4_0198-1024x683.jpg\" alt=\"\" class=\"wp-image-423819\"\/><figcaption>Daniel Serra (Foto: Renato Mafra)<\/figcaption><\/figure>\n\n\n\n<p class=\"wp-block-paragraph\">Houve tamb\u00e9m o acr\u00e9scimo de um descarte de resultado: se em 2020 eram tr\u00eas as provas que os pilotos podiam tirar de sua pontua\u00e7\u00e3o, agora ser\u00e3o quatro. Serra acha justo: &#8220;Em rela\u00e7\u00e3o aos descartes, sei que muita gente n\u00e3o gosta, mas principalmente em um ano que n\u00e3o \u00e9 normal, e que um piloto pode perder uma etapa por Covid-19, com 24 corridas quatro descartes \u00e9 um ponto positivo.&#8221;<\/p>\n\n\n\n<p class=\"wp-block-paragraph\">A temporada 2021 da Stock Car come\u00e7aria neste final de semana, mas as corridas no Velopark foram adiadas devido ao caos sanit\u00e1rio brasileiro. Agora, <strong><a href=\"https:\/\/www.grandepremio.com\/br\/stock-car\/noticias\/stock-car-reage-a-pandemia-e-adia-abertura-da-temporada-2021-no-velopark\/\">a previs\u00e3o de in\u00edcio \u00e9 no dia 25 de abril, em Londrina<\/a><\/strong>. <\/p>\n\n\n","protected":false},"excerpt":{"rendered":"<p>24 corridas, mas mais curtas: o novo sistema de provas na Stock Car foi analisado por Daniel Serra e Cac\u00e1 Bueno, que juntos somam oito t\u00edtulos da categoria nacional<\/p>\n","protected":false},"author":0,"featured_media":1000442373,"comment_status":"closed","ping_status":"closed","sticky":false,"template":"","format":"standard","meta":{"42wp_featured_image_caption":"","42wp_featured_image_credits":"","42wp_featured_video":"","42wp_featured_image_hidden":false,"42wp_authors_list":[],"footnotes":""},"categories":[11],"tags":[77,506,69,1170],"42wp_author":[47129],"class_list":["post-122730","post","type-post","status-publish","format-standard","has-post-thumbnail","hentry","category-stock-car","tag-daniel-serra","tag-regulamento","tag-stock-car","tag-stock-car-2021","42wp_author-felipe-noronha"],"_links":{"self":[{"href":"https:\/\/grandepremio.com\/br\/wp-json\/wp\/v2\/posts\/122730","targetHints":{"allow":["GET"]}}],"collection":[{"href":"https:\/\/grandepremio.com\/br\/wp-json\/wp\/v2\/posts"}],"about":[{"href":"https:\/\/grandepremio.com\/br\/wp-json\/wp\/v2\/types\/post"}],"replies":[{"embeddable":true,"href":"https:\/\/grandepremio.com\/br\/wp-json\/wp\/v2\/comments?post=122730"}],"version-history":[{"count":0,"href":"https:\/\/grandepremio.com\/br\/wp-json\/wp\/v2\/posts\/122730\/revisions"}],"wp:featuredmedia":[{"embeddable":true,"href":"https:\/\/grandepremio.com\/br\/wp-json\/wp\/v2\/media\/1000442373"}],"wp:attachment":[{"href":"https:\/\/grandepremio.com\/br\/wp-json\/wp\/v2\/media?parent=122730"}],"wp:term":[{"taxonomy":"category","embeddable":true,"href":"https:\/\/grandepremio.com\/br\/wp-json\/wp\/v2\/categories?post=122730"},{"taxonomy":"post_tag","embeddable":true,"href":"https:\/\/grandepremio.com\/br\/wp-json\/wp\/v2\/tags?post=122730"},{"taxonomy":"42wp_author","embeddable":true,"href":"https:\/\/grandepremio.com\/br\/wp-json\/wp\/v2\/42wp_author?post=122730"}],"curies":[{"name":"wp","href":"https:\/\/api.w.org\/{rel}","templated":true}]}}