{"id":122737,"date":"2021-03-23T08:46:00","date_gmt":"2021-03-23T11:46:00","guid":{"rendered":"https:\/\/grandepremio.com\/br\/noticias\/ricciardo-aposta-em-alpine-brigando-por-podios-pois-quero-competir-com-alonso\/"},"modified":"2021-03-23T08:47:48","modified_gmt":"2021-03-23T11:47:48","slug":"ricciardo-aposta-em-alpine-brigando-por-podios-pois-quero-competir-com-alonso","status":"publish","type":"post","link":"https:\/\/grandepremio.com\/br\/f1\/ricciardo-aposta-em-alpine-brigando-por-podios-pois-quero-competir-com-alonso\/","title":{"rendered":"Ricciardo aposta em Alpine brigando por p\u00f3dios: &#8220;Pois quero competir com Alonso&#8221;"},"content":{"rendered":"\n<figure class=\"wp-block-video\"><video class=\"video-js vjs-big-play-centered\" data-gp-vjs=\"1\" controls src=\"https:\/\/www.grandepremio.com\/br\/wp-content\/uploads\/2021\/03\/2021-03-02_F1_Alpine_lancamento.mp4\"><\/video><\/figure>\n\n\n\n<p class=\"wp-block-paragraph\">Seria a Alpine capaz de terminar corridas entre os tr\u00eas primeiros em 2021? Para Daniel Ricciardo, que ajudou a desenvolver a ent\u00e3o Renault at\u00e9 o ano passado, sim &#8211; e com Fernando Alonso, principalmente.<\/p>\n\n\n\n<p class=\"wp-block-paragraph\">Foi o que o australiano disse ao jornal espanhol &#8216;As&#8217;: segundo ele, o bicampe\u00e3o do mundo topou o retorno \u00e0 F\u00f3rmula 1 ap\u00f3s ver o desenvolvimento do carro da Renault e, <strong><a href=\"https:\/\/www.grandepremio.com\/br\/f1\/noticias\/ricciardo-entrega-renault-forte-e-cria-chance-de-alonso-imitar-pior-de-schumacher\/\">agora, pode brigar no topo do grid<\/a><\/strong>.<\/p>\n\n\n\n<p class=\"wp-block-paragraph\"><strong>Conhe\u00e7a o canal do Grande Pr\u00eamio no YouTube! Clique\u00a0<a rel=\"noreferrer noopener\" href=\"https:\/\/youtube.com\/GrandePremioTV\" target=\"_blank\">aqui<\/a>.<br>Siga o Grande Pr\u00eamio no\u00a0<a rel=\"noreferrer noopener\" href=\"https:\/\/twitter.com\/grandepremio\" target=\"_blank\">Twitter\u00a0<\/a>e no\u00a0<a rel=\"noreferrer noopener\" href=\"https:\/\/instagram.com\/grandepremio\" target=\"_blank\">Instagram<\/a>!<\/strong><\/p>\n\n\n\n<figure class=\"wp-block-image size-large\"><img decoding=\"async\" src=\"https:\/\/www.grandepremio.com\/br\/wp-content\/uploads\/2021\/03\/alpine-alonsoocon-01-1024x683.jpg\" alt=\"\" class=\"wp-image-456055\"\/><figcaption>Alonso e Ocon foram a dupla da Alpine (Foto: Alpine)<\/figcaption><\/figure>\n\n\n\n<p class=\"wp-block-paragraph\">&#8220;O carro da Renault era muito bom, e Alonso esteve em algumas corridas de 2020. Recordo que esteve em \u00cdmola e logo ali tivemos um grande final de semana (Ricciardo foi ao p\u00f3dio em 3\u00b0), ent\u00e3o viu o potencial. A equipe progredia e trabalhava bem&#8221;, disse o, agora, piloto da McLaren.<\/p>\n\n\n\n<p class=\"wp-block-paragraph\">&#8220;A compet\u00eancia est\u00e1 ainda melhor agora, isso est\u00e1 claro, mas aquele era um carro para p\u00f3dios e espero que este ano continue a ser assim, pois desejo competir contra Fernando&#8221;, completou.<\/p>\n\n\n\n<p class=\"wp-block-paragraph\">Antes do retorno de Alonso, a Renault fez tr\u00eas p\u00f3dios na \u00faltima temporada, sendo dois com Ricciardo e um com Esteban Ocon, que segue na equipe. Agora, come\u00e7a a brigar no pr\u00f3ximo final de semana, com o GP do Bahrein, abertura da temporada 2021 da F\u00f3rmula 1.<\/p>\n\n\n\n<figure class=\"wp-block-embed is-type-video is-provider-youtube wp-block-embed-youtube wp-embed-aspect-16-9 wp-has-aspect-ratio\"><div class=\"wp-block-embed__wrapper\">\n<iframe loading=\"lazy\" title=\"A ABERTURA DA F1 2021 NO BAHREIN E O IN\u00cdCIO DA MOTOGP SEM M\u00c1RQUEZ | Paddock GP #231\" width=\"500\" height=\"281\" src=\"https:\/\/www.youtube.com\/embed\/LaOnGi87wHo?start=1&amp;feature=oembed\" frameborder=\"0\" allow=\"accelerometer; autoplay; clipboard-write; encrypted-media; gyroscope; picture-in-picture; web-share\" referrerpolicy=\"strict-origin-when-cross-origin\" allowfullscreen><\/iframe>\n<\/div><\/figure>\n","protected":false},"excerpt":{"rendered":"<p>Daniel Ricciardo deixou a Renault, agora Alpine, ao final de 2020 &#8211; mas espera encontr\u00e1-la em um lugar espec\u00edfico: na briga por p\u00f3dios na F1, especialmente com Fernando Alonso<\/p>\n","protected":false},"author":0,"featured_media":1000456056,"comment_status":"closed","ping_status":"closed","sticky":false,"template":"","format":"standard","meta":{"42wp_featured_image_caption":"","42wp_featured_image_credits":"","42wp_featured_video":"","42wp_featured_image_hidden":false,"42wp_authors_list":[],"footnotes":""},"categories":[2],"tags":[20491,211,147,156,176,24837,24846],"42wp_author":[47129],"class_list":["post-122737","post","type-post","status-publish","format-standard","has-post-thumbnail","hentry","category-f1","tag-alpine","tag-daniel-ricciardo","tag-f1","tag-f1-2021","tag-fernando-alonso","tag-formula-1-2","tag-formula-um-2","42wp_author-felipe-noronha"],"_links":{"self":[{"href":"https:\/\/grandepremio.com\/br\/wp-json\/wp\/v2\/posts\/122737","targetHints":{"allow":["GET"]}}],"collection":[{"href":"https:\/\/grandepremio.com\/br\/wp-json\/wp\/v2\/posts"}],"about":[{"href":"https:\/\/grandepremio.com\/br\/wp-json\/wp\/v2\/types\/post"}],"replies":[{"embeddable":true,"href":"https:\/\/grandepremio.com\/br\/wp-json\/wp\/v2\/comments?post=122737"}],"version-history":[{"count":0,"href":"https:\/\/grandepremio.com\/br\/wp-json\/wp\/v2\/posts\/122737\/revisions"}],"wp:featuredmedia":[{"embeddable":true,"href":"https:\/\/grandepremio.com\/br\/wp-json\/wp\/v2\/media\/1000456056"}],"wp:attachment":[{"href":"https:\/\/grandepremio.com\/br\/wp-json\/wp\/v2\/media?parent=122737"}],"wp:term":[{"taxonomy":"category","embeddable":true,"href":"https:\/\/grandepremio.com\/br\/wp-json\/wp\/v2\/categories?post=122737"},{"taxonomy":"post_tag","embeddable":true,"href":"https:\/\/grandepremio.com\/br\/wp-json\/wp\/v2\/tags?post=122737"},{"taxonomy":"42wp_author","embeddable":true,"href":"https:\/\/grandepremio.com\/br\/wp-json\/wp\/v2\/42wp_author?post=122737"}],"curies":[{"name":"wp","href":"https:\/\/api.w.org\/{rel}","templated":true}]}}