{"id":122738,"date":"2021-03-23T08:32:03","date_gmt":"2021-03-23T11:32:03","guid":{"rendered":"https:\/\/grandepremio.com\/br\/noticias\/pierre-gasly-decepcao-red-bull-mensagem-anthoine-hubert-prove-que-eles-estao-errados\/"},"modified":"2021-03-23T12:11:48","modified_gmt":"2021-03-23T15:11:48","slug":"pierre-gasly-decepcao-red-bull-mensagem-anthoine-hubert-prove-que-eles-estao-errados","status":"publish","type":"post","link":"https:\/\/grandepremio.com\/br\/f1\/pierre-gasly-decepcao-red-bull-mensagem-anthoine-hubert-prove-que-eles-estao-errados\/","title":{"rendered":"Gasly lembra sa\u00edda da Red Bull e mensagem de Hubert: \u201cProve que eles est\u00e3o errados\u201d"},"content":{"rendered":"\n<figure class=\"wp-block-video\"><video class=\"video-js vjs-big-play-centered\" data-gp-vjs=\"1\" controls src=\"https:\/\/www.grandepremio.com\/br\/wp-content\/uploads\/2021\/03\/voltaonboardjida.mp4\"><\/video><figcaption>A F\u00f3rmula 1 divulgou uma simula\u00e7\u00e3o de volta no mais novo circuito de rua da F\u00f3rmula 1, Jid\u00e1, na Ar\u00e1bia Saudita (V\u00eddeo: F\u00f3rmula 1)<\/figcaption><\/figure>\n\n\n\n<p class=\"wp-block-paragraph\">O Pierre Gasly que est\u00e1 prestes a abrir a temporada 2021 da F\u00f3rmula 1 traz no seu curr\u00edculo uma inesperada e grandiosa vit\u00f3ria no GP da It\u00e1lia de 2020, o \u00e9pico p\u00f3dio no GP do Brasil de 2019 e tamb\u00e9m muitas cicatrizes por tudo o que viveu naquele ano. No seu cora\u00e7\u00e3o, o talentoso franc\u00eas de 25 anos carrega para sempre as lembran\u00e7as do amigo de inf\u00e2ncia e de in\u00edcio de carreira, Anthoine Hubert, que morreu tragicamente ap\u00f3s acidente no come\u00e7o da corrida 1 da etapa de Spa-Francorchamps da F\u00f3rmula 2. Foi justamente Hubert quem incentivou Gasly em meio ao momento mais dif\u00edcil da sua carreira semanas antes da dura e inesperada perda.<\/p>\n\n\n\n<p class=\"wp-block-paragraph\">\u00c9 preciso voltar um pouco mais no tempo e recordar que Gasly, que foi forjado no Red Bull Junior Team, o programa de desenvolvimento de jovens pilotos da marca dos energ\u00e9ticos, foi al\u00e7ado ao posto de titular da equipe tetracampe\u00e3 do mundo para 2019 em substitui\u00e7\u00e3o a Daniel Ricciardo, que surpreendeu a pr\u00f3pria c\u00fapula do time ao aceitar a oferta da Renault. Pierre, que tinha apenas 22 anos, passou a formar uma jovem dupla de pilotos com Max Verstappen.<\/p>\n\n\n\n<p class=\"wp-block-paragraph\">Mas Gasly, que tinha feito uma temporada muito s\u00f3lida com a Toro Rosso na temporada anterior, com direito a um quarto lugar no GP do Bahrein de 2018, n\u00e3o conseguiu corresponder \u00e0s expectativas de Christian Horner e Helmut Marko, chefe e consultor da Red Bull, respectivamente. Ainda nos testes de pr\u00e9-temporada, em Barcelona, o franc\u00eas cometeu um erro, escapou em uma curva do circuito catal\u00e3o e bateu. Com a confian\u00e7a abalada logo de cara, Pierre n\u00e3o conseguiu mostrar seu potencial desde ent\u00e3o.<\/p>\n\n\n\n<p class=\"wp-block-paragraph\"><strong>GUIA&nbsp;<a href=\"https:\/\/www.grandepremio.com\/br\/f1\/\" target=\"_blank\" rel=\"noreferrer noopener\">F1&nbsp;<\/a>2021<\/strong><br><strong><a href=\"https:\/\/www.grandepremio.com\/br\/f1\/noticias\/guia-2021-red-bull-forasteiro-sergio-perez-ameaca-mercedes-briga-real-f1\/\">+&nbsp;<\/a><a href=\"https:\/\/www.grandepremio.com\/br\/equipe\/f1\/2020\/red-bull-racing\/\" target=\"_blank\" rel=\"noreferrer noopener\">Red Bull<\/a>&nbsp;<\/strong><a href=\"https:\/\/www.grandepremio.com\/br\/f1\/noticias\/guia-2021-red-bull-forasteiro-sergio-perez-ameaca-mercedes-briga-real-f1\/\"><strong>aposta em forasteiro P\u00e9rez e amea\u00e7a Mercedes com briga real na F1<\/strong><br><\/a><strong>+&nbsp;<a href=\"https:\/\/www.grandepremio.com\/br\/equipe\/f1\/2020\/haas-f1-team\/\" target=\"_blank\" rel=\"noreferrer noopener\">Haas<\/a>&nbsp;<a href=\"https:\/\/www.grandepremio.com\/br\/f1\/noticias\/guia-2021-haas-sonho-americano-aposta-novatos-foco-2022\/\">desiste de \u2018sonho americano\u2019 e aposta em novatos com foco em 2022<\/a><\/strong><br><strong><a href=\"https:\/\/www.grandepremio.com\/br\/f1\/noticias\/guia-2021-perdidamente-apaixonado-formula-1-alonso-volta-sabendo-lugar-mundo\/\">+ Perdidamente apaixonado pela F1, Alonso volta sabendo qual seu lugar no mundo<\/a><\/strong><br><strong><a href=\"https:\/\/www.grandepremio.com\/br\/f1\/noticias\/guia-2021-george-russell-mercedes-carregar-williams-reconstrucao\/\">+ Russell quer Mercedes, mas antes tem de carregar&nbsp;<\/a><a href=\"https:\/\/www.grandepremio.com\/br\/equipe\/f1\/2020\/williams-racing\/\" target=\"_blank\" rel=\"noreferrer noopener\">Williams<\/a>&nbsp;em reconstru\u00e7\u00e3o<\/strong><br><strong><a href=\"https:\/\/www.grandepremio.com\/br\/f1\/noticias\/guia-2021-leclerc-tem-missao-de-liderar-renovada-ferrari-e-manter-sainz-sob-controle\/\">+ Leclerc tem miss\u00e3o de liderar renovada&nbsp;<\/a><a href=\"https:\/\/www.grandepremio.com\/br\/equipe\/f1\/2020\/scuderia-ferrari\/\" target=\"_blank\" rel=\"noreferrer noopener\">Ferrari<\/a>&nbsp;e manter Sainz sob controle<\/strong><\/p>\n\n\n\n<figure class=\"wp-block-image size-large\"><img decoding=\"async\" src=\"https:\/\/www.grandepremio.com\/br\/wp-content\/uploads\/2019\/08\/2019726134255_RedBull_PierreGasly_91_DMa.jpg\" alt=\"\" class=\"wp-image-362295\"\/><figcaption>Pierre Gasly n\u00e3o conseguiu se encaixar na Red Bull em 2019 (Foto: Getty Images\/Red Bull Content Pool)<\/figcaption><\/figure>\n\n\n\n<p class=\"wp-block-paragraph\"><strong>Conhe\u00e7a o canal do Grande Pr\u00eamio no YouTube! Clique&nbsp;<a rel=\"noreferrer noopener\" href=\"https:\/\/youtube.com\/GrandePremioTV\" target=\"_blank\">aqui<\/a>.<br>Siga o Grande Pr\u00eamio no&nbsp;<a rel=\"noreferrer noopener\" href=\"https:\/\/twitter.com\/grandepremio\" target=\"_blank\">Twitter&nbsp;<\/a>e no&nbsp;<a rel=\"noreferrer noopener\" href=\"https:\/\/instagram.com\/grandepremio\" target=\"_blank\">Instagram<\/a>!<\/strong><br><strong>WEB STORIES:&nbsp;<a href=\"https:\/\/www.grandepremio.com\/br\/web-stories\/f1\/band-transmitir-formula-1-champanhe-acabar\/\">Band se prepara para transmitir<\/a>&nbsp;<a href=\"https:\/\/www.grandepremio.com\/br\/f1\/\" target=\"_blank\" rel=\"noreferrer noopener\">F1&nbsp;<\/a>\u2018<a href=\"https:\/\/www.grandepremio.com\/br\/web-stories\/f1\/band-transmitir-formula-1-champanhe-acabar\/\">at\u00e9 champanhe acabar\u2019<\/a><\/strong><\/p>\n\n\n\n<p class=\"wp-block-paragraph\">Sumariamente batido por Verstappen em classifica\u00e7\u00f5es e nas corridas, Gasly teve poucos resultados expressivos \u2014 o melhor deles, quarto lugar no GP da Inglaterra. Na prova seguinte, o GP da Alemanha, o piloto bateu nos treinos livres e tamb\u00e9m na corrida. Foi a gota d\u2019\u00e1gua para a exigente gest\u00e3o taurina, que decidiu, depois do GP da Hungria \u2014 que marcou o in\u00edcio do per\u00edodo de f\u00e9rias de ver\u00e3o naquela temporada \u2014, rebaixar o piloto e mand\u00e1-lo de volta para a Toro Rosso (hoje, AlphaTauri) e promover Alexander Albon a titular.<\/p>\n\n\n\n<p class=\"wp-block-paragraph\">Em emocionante texto escrito ao site The Players\u2019 Tribune, Gasly desabafou sobre tudo o que viveu naquele ano como piloto da Red Bull e como o amigo Anthoine Hubert foi decisivo para incentivar sua volta por cima.<\/p>\n\n\n\n<p class=\"wp-block-paragraph\">\u201cComecei a temporada de 2019 com a Red Bull. Cheguei \u00e0 F1 com a Toro Rosso em 2017, mas a Red Bull foi a minha primeira chance de pilotar por uma equipe de ponta e provar a todos o que eu poderia fazer em um dos melhores carros do mundo. E, de certa forma, senti que, se pudesse fazer isso, seria que era como mandar uma mensagem para as pessoas que duvidaram de mim e de Anthoine naquela \u00e9poca. Seu sucesso significou muito para mim e sei que o meu significou muito para ele\u201d, escreveu.<\/p>\n\n\n\n<p class=\"wp-block-paragraph\">\u201cEstava realizando um sonho e estava muito empolgado. Gostaria de poder dizer a voc\u00ea que era exatamente o que achei que seria [um sonho]. Mas n\u00e3o foi. N\u00e3o foi. Desde o momento em que cometi meu primeiro erro no carro, percebi que as pessoas come\u00e7aram lentamente a se voltar contra mim. Tive uma falha nos testes de inverno e, a partir desse momento, a temporada jamais deslanchou. Tive as primeiras duas corridas com a Red Bull, e a m\u00eddia simplesmente me engoliu. Qualquer coisa que dizia na imprensa era distorcida como uma desculpa para a minha forma, ningu\u00e9m me defendeu\u201d, relatou.<\/p>\n\n\n\n<figure class=\"wp-block-image size-large\"><img decoding=\"async\" src=\"https:\/\/www.grandepremio.com\/br\/wp-content\/uploads\/2019\/06\/201964733408_GaslyRedBull_DMa.jpg\" alt=\"\" class=\"wp-image-365961\"\/><figcaption>Gasly lamentou por n\u00e3o ter sua voz ouvida na Red Bull (Foto: Getty Images\/Red Bull Content Pool)<\/figcaption><\/figure>\n\n\n\n<h3 class=\"wp-block-heading\">O sonho que virou pesadelo<\/h3>\n\n\n\n<p class=\"wp-block-paragraph\">Gasly lembrou que foi praticamente desprezado e escanteado dentro de uma equipe que j\u00e1 trabalhava para priorizar Verstappen, elevado a n\u00famero 1 depois da sa\u00edda de Ricciardo.<\/p>\n\n\n\n<p class=\"wp-block-paragraph\">\u201cO carro n\u00e3o era perfeito, e eu estava fazendo o meu melhor para tentar melhorar e aprender a cada semana, mas assim&#8230; Aqui est\u00e1 o que eu vou dizer sobre isso: foi uma temporada dif\u00edcil para mim na Red Bull porque eu n\u00e3o sinto que fui apoiado e tratado da mesma forma que os outros foram. E, para mim, isso \u00e9 algo que n\u00e3o consigo aceitar. Trabalhava duro todos os dias, tentava obter os resultados para a equipe, mas n\u00e3o recebi todas as ferramentas que precisava para ter sucesso. Tentava oferecer solu\u00e7\u00f5es, mas minha voz n\u00e3o foi ouvida ou levava semanas para ver as mudan\u00e7as\u201d, lamentou.<\/p>\n\n\n\n<p class=\"wp-block-paragraph\">\u201cPor alguma raz\u00e3o, eu nunca iria caber naquele cockpit. Simplesmente jamais daria certo. N\u00e3o sou do tipo de pessoa que desabafa na m\u00eddia, sou muito grato \u00e0 Red Bull pela chance, por tudo o que eles fizeram por mim na minha carreira. Sou mesmo. Mas tenho de me permitir dizer minha verdade. Ent\u00e3o, \u00e9 isso, essa \u00e9 a verdade\u201d, explicou Gasly.<\/p>\n\n\n\n<p class=\"wp-block-paragraph\">Pierre fez apenas 12 GPs com a Red Bull e somou 63 pontos at\u00e9 o GP da Hungria. Naquele mesmo per\u00edodo, Verstappen tinha 181. Foi quando a equipe taurina decidiu promover a mudan\u00e7a na sua dupla de pilotos.<\/p>\n\n\n\n<p class=\"wp-block-paragraph\"><strong>GUIA&nbsp;<a href=\"https:\/\/www.grandepremio.com\/br\/f1\/\" target=\"_blank\" rel=\"noreferrer noopener\">F1&nbsp;<\/a>2021<\/strong><br><strong><a href=\"https:\/\/www.grandepremio.com\/br\/f1\/noticias\/guia-2021-f1-se-prepara-para-duelo-lewis-hamilton-x-max-verstappen-em-ano-pandemico-e-incerto\">+<\/a><a href=\"https:\/\/www.grandepremio.com\/br\/f1\/\" target=\"_blank\" rel=\"noreferrer noopener\">F1&nbsp;<\/a>se&nbsp;<a href=\"https:\/\/www.grandepremio.com\/br\/f1\/noticias\/guia-2021-f1-se-prepara-para-duelo-lewis-hamilton-x-max-verstappen-em-ano-pandemico-e-incerto\/\">prepara para duelo Hamilton x Verstappen em ano pand\u00eamico e incerto<\/a><br><a href=\"https:\/\/www.grandepremio.com\/br\/f1\/noticias\/guia-2021-mercedes-enfrenta-reves-com-carro-instavel-mas-abre-temporada-favorita\/\">+<\/a><a href=\"https:\/\/www.grandepremio.com\/br\/equipe\/f1\/2020\/mercedes-amg-motorsport\/\" target=\"_blank\" rel=\"noreferrer noopener\">Mercedes<\/a>&nbsp;enfrenta&nbsp;<a href=\"https:\/\/www.grandepremio.com\/br\/f1\/noticias\/guia-2021-mercedes-enfrenta-reves-com-carro-instavel-mas-abre-temporada-favorita\/\">rev\u00e9s com carro inst\u00e1vel, mas abre temporada favorita<\/a><br><a href=\"https:\/\/www.grandepremio.com\/br\/f1\/noticias\/guia-2021-max-verstappen-encara-perspectiva-briga-titulo-e-desafio-sergio-perez\">+Verstappen encara perspectiva de briga por t\u00edtulo e desafio com P\u00e9rez<\/a><br><a href=\"https:\/\/www.grandepremio.com\/br\/f1\/noticias\/guia-2021-gasly-muda-de-patamar-e-se-mostra-pronto-para-liderar-alphatauri\/\">+Gasly muda de patamar e se mostra pronto para liderar&nbsp;<\/a><a href=\"https:\/\/www.grandepremio.com\/br\/equipe\/f1\/2020\/scuderia-alphatauri\/\" target=\"_blank\" rel=\"noreferrer noopener\">AlphaTauri<\/a><br><a href=\"https:\/\/www.grandepremio.com\/br\/f1\/noticias\/guia-2021-mclaren-reforcos-mira-consolidacao-top-3-formula-1\">+<\/a><a href=\"https:\/\/www.grandepremio.com\/br\/equipe\/f1\/2020\/mclaren-racing\/\" target=\"_blank\" rel=\"noreferrer noopener\">McLaren<\/a>&nbsp;<a href=\"https:\/\/www.grandepremio.com\/br\/f1\/noticias\/guia-2021-mclaren-reforcos-mira-consolidacao-top-3-formula-1\/\">ganha refor\u00e7os e mira consolida\u00e7\u00e3o no top-3 da F\u00f3rmula 1<\/a><br><a href=\"https:\/\/www.grandepremio.com\/br\/f1\/noticias\/guia-2021-alpine-ousa-carro-arrojado-mira-top-3-retorno-fernando-alonso\">+Alpine ousa com carro arrojado e mira top-3 no retorno de Alonso<\/a><\/strong><\/p>\n\n\n\n<figure class=\"wp-block-image size-large\"><img decoding=\"async\" src=\"https:\/\/www.grandepremio.com\/br\/wp-content\/uploads\/2019\/09\/20199388245_GASLY_DMa.jpg\" alt=\"\" class=\"wp-image-360394\"\/><figcaption>Anthoine Hubert foi um dos grandes amigos da vida de Pierre Gasly (Foto: Arquivo Pessoal)<\/figcaption><\/figure>\n\n\n\n<p class=\"wp-block-paragraph\">\u201cDepois de Budapeste, depois de me despedir de Anthoine, sa\u00ed de f\u00e9rias. Mas antes de sair, liguei para o chefe da nossa equipe, Christian Horner, s\u00f3 para perguntar a ele o que eu poderia fazer a mais nos finais de semana de corrida para melhorar e ver se ele poderia acompanhar mais de perto o meu lado da garagem para ver o que poderia ser feito. Christian disse que faria tudo o que pudesse. Queria melhorar. Queria que desse certo\u201d, escreveu Gasly.<\/p>\n\n\n\n<figure class=\"wp-block-embed is-type-video is-provider-youtube wp-block-embed-youtube wp-embed-aspect-16-9 wp-has-aspect-ratio\"><div class=\"wp-block-embed__wrapper\">\n<iframe loading=\"lazy\" title=\"A ABERTURA DA F1 2021 NO BAHREIN E O IN\u00cdCIO DA MOTOGP SEM M\u00c1RQUEZ | Paddock GP #231\" width=\"500\" height=\"281\" src=\"https:\/\/www.youtube.com\/embed\/LaOnGi87wHo?feature=oembed\" frameborder=\"0\" allow=\"accelerometer; autoplay; clipboard-write; encrypted-media; gyroscope; picture-in-picture; web-share\" referrerpolicy=\"strict-origin-when-cross-origin\" allowfullscreen><\/iframe>\n<\/div><\/figure>\n\n\n\n<p class=\"wp-block-paragraph\">\u201cMas Helmut Marko me ligou enquanto eu estava de f\u00e9rias na Espanha e disse. \u2018Vamos mandar voc\u00ea de volta para a Toro Rosso em troca de Alex Albon. N\u00e3o significa que isso \u00e9 o fim da nossa hist\u00f3ria. Mas, com todo o barulho da m\u00eddia, sentimos que isso \u00e9 o melhor\u201d, lembrou Pierre, com uma ponta de tristeza.<\/p>\n\n\n\n<p class=\"wp-block-paragraph\">\u201c\u00c9 assim que funciona. Isso \u00e9 F1. Estava triste, n\u00e3o posso mentir. Estava arrasado por isso. Quero ser campe\u00e3o. Quem sabe quando estarei de volta em um carro t\u00e3o bom assim? \u00c9 muito, muito dif\u00edcil dar um passo atr\u00e1s neste esporte\u201d, complementou.<\/p>\n\n\n\n<h3 class=\"wp-block-heading\">&#8220;Seja forte, mano&#8221;<\/h3>\n\n\n\n<p class=\"wp-block-paragraph\">Foi a\u00ed que Hubert entrou em cena para servir como o ombro amigo de Pierre. \u201cQuando a not\u00edcia veio \u00e0 tona, dias depois, recebi uma mensagem de Anthoine. \u2018Prove que eles est\u00e3o errados. Seja forte, mano. Voc\u00ea vai mostrar a eles que merece seu lugar em uma equipe de ponta e vai provar que eles est\u00e3o errados\u2019. E minha tristeza se transformou em paix\u00e3o. Sabia que havia nove corridas restantes no calend\u00e1rio. Nove vezes para mostrar que eles cometeram um erro. Nove vezes para provar que eles estavam errados\u201d.<\/p>\n\n\n\n<p class=\"wp-block-paragraph\">Gasly iniciou seu novo ciclo pela Toro Rosso no fim de semana do GP da B\u00e9lgica. Pouco depois da classifica\u00e7\u00e3o em Spa-Francorchamps, Pierre viveu um dos piores momentos da vida ao perder o grande amigo pouco<a href=\"https:\/\/www.grandepremio.com\/br\/f2\/noticias\/hubert-nao-resiste-a-acidente-grave-da-f2-na-belgica-e-morre-aos-22-anos\/\"> mais de uma hora depois do grave acidente no come\u00e7o da corrida 1 da F\u00f3rmula 2 no circuito belga<\/a>.<\/p>\n\n\n\n<figure class=\"wp-block-image size-large\"><img decoding=\"async\" src=\"https:\/\/www.grandepremio.com\/br\/wp-content\/uploads\/2020\/08\/Ega7GafWAAAHRf7-1024x576.jpg\" alt=\"\" class=\"wp-image-411516\"\/><figcaption>Pierre Gasly homenageou Anthoine Hubert um ano ap\u00f3s acidente fatal do amigo (Foto: Reprodu\u00e7\u00e3o\/Twitter)<\/figcaption><\/figure>\n\n\n\n<p class=\"wp-block-paragraph\">\u201cPerdi meu amigo. Perdi meu irm\u00e3o. Perdi uma das \u00fanicas pessoas, como talvez outras duas ou tr\u00eas, que realmente entende como \u00e9 viver esta vida. Anthoine e eu passamos por muitas coisas juntos. Compartilhamos esse caminho, essa jornada. E quando ele nos deixou, uma parte de mim tamb\u00e9m foi embora\u201d.<\/p>\n\n\n\n<p class=\"wp-block-paragraph\">\u201cNo dia seguinte, havia uma atmosfera horr\u00edvel no circuito. Anthoine havia tocado a vida de muitas pessoas, e havia uma nuvem pesada pairando sobre todos n\u00f3s. Tudo parecia errado. Tivemos um minuto de sil\u00eancio antes da corrida, e alguns membros da fam\u00edlia dele estavam l\u00e1. Sabe, isso meio que coloca as coisas em perspectiva para mi Tipo, e essa corrida hoje? N\u00e3o \u00e9 tudo. \u00c9 s\u00f3 uma parte das nossas vidas, mas n\u00e3o \u00e9 tudo\u201d, lembrou.<\/p>\n\n\n\n<p class=\"wp-block-paragraph\">\u201cMas sabia tamb\u00e9m que Anthoine estava assistindo, e eu sabia que ele me diria para me concentrar e dar tudo de mim. Quando entrei no carro, me permiti pensar nele mais uma vez. Fechei os olhos, respirei fundo e baixei minha viseira\u201d, acrescentou.<\/p>\n\n\n\n<figure class=\"wp-block-image size-large\"><img decoding=\"async\" src=\"https:\/\/www.grandepremio.com\/br\/wp-content\/uploads\/2020\/05\/AlphaTauriGasly-1024x683.jpg\" alt=\"F1; F\u00d3RMULA 1; GP DA IT\u00c1LIA; MONZA; PIERRE GASLY;\" class=\"wp-image-415091\"\/><figcaption>Com Hubert no cora\u00e7\u00e3o, Gasly \u00e9 um piloto vencedor na F\u00f3rmula 1 (Foto: AlphaTauri)<\/figcaption><\/figure>\n\n\n\n<p class=\"wp-block-paragraph\">Gasly terminou aquela corrida na B\u00e9lgica em nono. Da\u00ed em diante, o franc\u00eas trilhou uma hist\u00f3ria marcante e bonita na F\u00f3rmula 1, fez um muito bom segundo semestre, coroado com o incr\u00edvel p\u00f3dio no GP do Brasil depois de resistir \u00e0 press\u00e3o de Lewis Hamilton na \u00faltima volta da prova em Interlagos. Em 2020, na AlphaTauri, novo nome da Toro Rosso, Pierre se destacou como um dos principais pilotos do grid e<a href=\"https:\/\/www.grandepremio.com\/br\/f1\/noticias\/insano-gp-da-italia-tem-desfecho-improvavel-com-vitoria-de-gasly-apos-duelo-com-sainz\/\"> surpreendeu o mundo do esporte ao brilhar e conquistar uma improv\u00e1vel e incr\u00edvel vit\u00f3ria no GP da It\u00e1lia<\/a>.<\/p>\n\n\n\n<p class=\"wp-block-paragraph\">E l\u00e1, no topo do p\u00f3dio do lend\u00e1rio circuito de Monza, Gasly levou seus pensamentos ao grande amigo. \u201cOs seus sonhos eram meus sonhos. Os meus sonhos eram os seus sonhos. E aquele momento foi o nosso momento\u201d.<\/p>\n\n\n\n<p class=\"wp-block-paragraph\">\u201cAnthoine me ensinou muitas coisas. N\u00e3o h\u00e1 uma corrida que eu n\u00e3o pense nele. Queria, mais do que qualquer coisa, que ele estivesse no grid neste ano. Mas sua morte me for\u00e7ou a ver a vida de uma forma diferente. No p\u00f3dio na It\u00e1lia, comemorei aquele momento como se fosse o \u00fanico. Porque \u00e9 assim que todos devemos viver nossas vidas. Levante sua viseira de vez em quando e olhe ao redor. Aproveite o que voc\u00ea tem. Valorize as pessoas e o amor em sua vida. Tenho muita sorte de estar aqui, de fazer o que eu fa\u00e7o. E eu tenho muita sorte de ter conhecido Anthoine Hubert\u201d.<\/p>\n\n\n\n<p class=\"wp-block-paragraph\">\u201cCarregarei seus sonhos e suas ambi\u00e7\u00f5es comigo onde quer que eu v\u00e1. Amo voc\u00ea, amigo\u201d, encerrou Pierre Gasly.<\/p>\n\n\n\n<figure class=\"wp-block-embed is-type-video is-provider-youtube wp-block-embed-youtube wp-embed-aspect-16-9 wp-has-aspect-ratio\"><div class=\"wp-block-embed__wrapper\">\n<iframe loading=\"lazy\" title=\"P\u00c9REZ TEM A CHANCE DA VIDA PARA MUDAR DE PATAMAR NA F\u00d3RMULA 1 |  GP \u00c0S 10\" width=\"500\" height=\"281\" src=\"https:\/\/www.youtube.com\/embed\/OlyVnBya0D8?feature=oembed\" frameborder=\"0\" allow=\"accelerometer; autoplay; clipboard-write; encrypted-media; gyroscope; picture-in-picture; web-share\" referrerpolicy=\"strict-origin-when-cross-origin\" allowfullscreen><\/iframe>\n<\/div><\/figure>\n","protected":false},"excerpt":{"rendered":"<p>Em emocionante texto escrito ao site The Players\u2019 Tribune e dedicado a Anthoine Hubert, que morreu ap\u00f3s tr\u00e1gico acidente na F\u00f3rmula 2 em 2019, Pierre Gasly recordou o incentivo do amigo de inf\u00e2ncia depois de um dos momentos mais dif\u00edceis da sua carreira: o rebaixamento da Red Bull para a Toro Rosso, tamb\u00e9m naquele ano<\/p>\n","protected":false},"author":0,"featured_media":1000444000,"comment_status":"closed","ping_status":"closed","sticky":false,"template":"","format":"standard","meta":{"42wp_featured_image_caption":"","42wp_featured_image_credits":"","42wp_featured_video":"","42wp_featured_image_hidden":false,"42wp_authors_list":[],"footnotes":""},"categories":[2],"tags":[524,106,147,156,24837,25536,24836,676,204,638,24833],"42wp_author":[47110],"class_list":["post-122738","post","type-post","status-publish","format-standard","has-post-thumbnail","hentry","category-f1","tag-alphatauri","tag-anthoine-hubert","tag-f1","tag-f1-2021","tag-formula-1-2","tag-formula-1-2021-2","tag-grande-premio-2","tag-pierre-gasly","tag-red-bull","tag-toro-rosso","tag-vitoria-2","42wp_author-fernando-silva"],"_links":{"self":[{"href":"https:\/\/grandepremio.com\/br\/wp-json\/wp\/v2\/posts\/122738","targetHints":{"allow":["GET"]}}],"collection":[{"href":"https:\/\/grandepremio.com\/br\/wp-json\/wp\/v2\/posts"}],"about":[{"href":"https:\/\/grandepremio.com\/br\/wp-json\/wp\/v2\/types\/post"}],"replies":[{"embeddable":true,"href":"https:\/\/grandepremio.com\/br\/wp-json\/wp\/v2\/comments?post=122738"}],"version-history":[{"count":0,"href":"https:\/\/grandepremio.com\/br\/wp-json\/wp\/v2\/posts\/122738\/revisions"}],"wp:featuredmedia":[{"embeddable":true,"href":"https:\/\/grandepremio.com\/br\/wp-json\/wp\/v2\/media\/1000444000"}],"wp:attachment":[{"href":"https:\/\/grandepremio.com\/br\/wp-json\/wp\/v2\/media?parent=122738"}],"wp:term":[{"taxonomy":"category","embeddable":true,"href":"https:\/\/grandepremio.com\/br\/wp-json\/wp\/v2\/categories?post=122738"},{"taxonomy":"post_tag","embeddable":true,"href":"https:\/\/grandepremio.com\/br\/wp-json\/wp\/v2\/tags?post=122738"},{"taxonomy":"42wp_author","embeddable":true,"href":"https:\/\/grandepremio.com\/br\/wp-json\/wp\/v2\/42wp_author?post=122738"}],"curies":[{"name":"wp","href":"https:\/\/api.w.org\/{rel}","templated":true}]}}