{"id":122759,"date":"2021-03-22T11:47:59","date_gmt":"2021-03-22T14:47:59","guid":{"rendered":"https:\/\/grandepremio.com\/br\/noticias\/novo-ceo-ve-trabalho-pesado-como-unica-saida-para-williams-nao-ha-milagres\/"},"modified":"2021-03-22T11:48:12","modified_gmt":"2021-03-22T14:48:12","slug":"novo-ceo-ve-trabalho-pesado-como-unica-saida-para-williams-nao-ha-milagres","status":"publish","type":"post","link":"https:\/\/grandepremio.com\/br\/f1\/novo-ceo-ve-trabalho-pesado-como-unica-saida-para-williams-nao-ha-milagres\/","title":{"rendered":"Novo CEO v\u00ea \u201ctrabalho pesado\u201d como \u00fanica sa\u00edda para Williams: \u201cN\u00e3o h\u00e1 milagres\u201d"},"content":{"rendered":"\n<figure class=\"wp-block-video\"><video class=\"video-js vjs-big-play-centered\" data-gp-vjs=\"1\" controls src=\"https:\/\/www.grandepremio.com\/br\/wp-content\/uploads\/2021\/03\/voltaonboardjida.mp4\"><\/video><figcaption>A F\u00f3rmula 1 divulgou uma simula\u00e7\u00e3o de volta no mais novo circuito de rua da F\u00f3rmula 1, Jid\u00e1, na Ar\u00e1bia Saudita (V\u00eddeo: F\u00f3rmula 1)<\/figcaption><\/figure>\n\n\n\n<p class=\"wp-block-paragraph\">Jost Capito <strong><a href=\"https:\/\/www.grandepremio.com\/br\/f1\/noticias\/williams-nomeia-ex-mclaren-jost-capito-como-novo-diretor-executivo-a-partir-de-fevereiro\/\">topou um desafio de grandes propor\u00e7\u00f5es<\/a><\/strong> ao assumir o posto de diretor-executivo da Williams. Parte do projeto da Dorilton Capital de reerguer a gigante adormecida, o dirigente chega com experi\u00eancia para dar e vender na tentativa de identificar e corrigir problemas. Ainda em fase incipiente de um plano de longo prazo, Capito j\u00e1 aponta: s\u00f3 o trabalho pesado vai tirar a escuderia da rabeira do grid na F\u00f3rmula 1.<\/p>\n\n\n\n<p class=\"wp-block-paragraph\">\u201cEu n\u00e3o sou o cara que quer chegar em um lugar e s\u00f3 seguir fazendo o que j\u00e1 est\u00e1 rolando\u201d, apontou, entrevistado pelo site oficial da F\u00f3rmula 1. \u201cEu preciso fazer mudan\u00e7as, eu quero ser proativo. A Williams n\u00e3o pertence ao lugar em que est\u00e1, ela precisa crescer no grid. Se eu puder ajudar e fazer parte disso, \u00e9 uma coisa na qual tenho muito interesse\u201d, seguiu.<\/p>\n\n\n\n<p class=\"wp-block-paragraph\">\u201cJ\u00e1 estive em situa\u00e7\u00f5es assim algumas vezes. Eu sempre tento achar algo para melhorar. Nunca vou para um lugar que j\u00e1 tem tudo andando bem e que n\u00e3o pode melhorar. Voc\u00ea precisa primeiro de um projeto, com planos de longo, m\u00e9dio e curto prazo. Voc\u00ea detalha onde quer chegar com a equipe e quais s\u00e3o os passos at\u00e9 chegar l\u00e1. N\u00e3o h\u00e1 milagres, n\u00e3o h\u00e1 balas de prata. \u00c9 quest\u00e3o de disciplina e de trabalho pesado\u201d, destacou.<\/p>\n\n\n\n<figure class=\"wp-block-image size-large\"><img decoding=\"async\" src=\"https:\/\/www.grandepremio.com\/br\/wp-content\/uploads\/2021\/03\/Ev9X1SPWYAEphvU.jpg\" alt=\"JOST CAPITO; WILLIAMS; F\u00d3RMULA 1; F1 2021;\" class=\"wp-image-454353\"\/><figcaption>Jost Capito assumiu em 2021 como novo CEO da Williams (Foto: Williams)<\/figcaption><\/figure>\n\n\n\n<p class=\"wp-block-paragraph\">Capito j\u00e1 teve passagem por Sauber e McLaren na F\u00f3rmula 1, mas sem muito destaque. O destaque no curr\u00edculo \u00e9 a carreira na Volkswagen, onde foi diretor de automobilismo entre 2012 e 2016. No per\u00edodo, o alem\u00e3o conduziu uma estrutura que dominou o Mundial de Rali por quatro temporadas.<\/p>\n\n\n\n<p class=\"wp-block-paragraph\">Depois de passagem fracassada pela McLaren no segundo semestre de 2016, Capito retornou \u00e0 Volkswagen. Na montadora, supervisionou projetos de carros de alta performance, isso at\u00e9 receber um convite da Williams.<\/p>\n\n\n\n<p class=\"wp-block-paragraph\">\u201cEu estava falando com a Volkswagen sobre me aposentar, sobre fazer coisas aqui e ali que eu realmente gosto. A\u00ed eu recebi uma liga\u00e7\u00e3o, com o pessoal do Dorilton perguntando se a gente poderia falar sobre o projeto na Williams. Voc\u00ea n\u00e3o pode dizer n\u00e3o para isso. Eu fui da aposentadoria direto para o maior desafio da minha carreira\u201d, encerrou.<\/p>\n\n\n\n<p class=\"wp-block-paragraph\">Capito come\u00e7a sua nova jornada para valer j\u00e1 nesta semana. O GP do Bahrein, primeiro da temporada 2021 est\u00e1 marcado para 28 de mar\u00e7o.<\/p>\n\n\n\n<p class=\"wp-block-paragraph\"><strong>GUIA\u00a0<a href=\"https:\/\/www.grandepremio.com\/br\/f1\/\" target=\"_blank\" rel=\"noreferrer noopener\">F1\u00a0<\/a>2021<\/strong><br><strong><a href=\"https:\/\/www.grandepremio.com\/br\/f1\/noticias\/guia-2021-f1-se-prepara-para-duelo-lewis-hamilton-x-max-verstappen-em-ano-pandemico-e-incerto\/\">+<\/a><a href=\"https:\/\/www.grandepremio.com\/br\/f1\/\" target=\"_blank\" rel=\"noreferrer noopener\">F1\u00a0<\/a>se\u00a0<a href=\"https:\/\/www.grandepremio.com\/br\/f1\/noticias\/guia-2021-f1-se-prepara-para-duelo-lewis-hamilton-x-max-verstappen-em-ano-pandemico-e-incerto\/\">prepara para duelo Hamilton x Verstappen em ano pand\u00eamico e incerto<\/a><br><a href=\"https:\/\/www.grandepremio.com\/br\/f1\/noticias\/guia-2021-mercedes-enfrenta-reves-com-carro-instavel-mas-abre-temporada-favorita\/\">+<\/a><a href=\"https:\/\/www.grandepremio.com\/br\/equipe\/f1\/2020\/mercedes-amg-motorsport\/\" target=\"_blank\" rel=\"noreferrer noopener\">Mercedes<\/a>\u00a0<a href=\"https:\/\/www.grandepremio.com\/br\/f1\/noticias\/guia-2021-mercedes-enfrenta-reves-com-carro-instavel-mas-abre-temporada-favorita\/\">enfrenta rev\u00e9s com carro inst\u00e1vel, mas abre temporada favorita<\/a><br><a href=\"https:\/\/www.grandepremio.com\/br\/f1\/noticias\/guia-2021-max-verstappen-encara-perspectiva-briga-titulo-e-desafio-sergio-perez\">+Verstappen encara perspectiva de briga por t\u00edtulo e desafio com P\u00e9rez<\/a><br><a href=\"https:\/\/www.grandepremio.com\/br\/f1\/noticias\/guia-2021-gasly-muda-de-patamar-e-se-mostra-pronto-para-liderar-alphatauri\/\">+Gasly muda de patamar e se mostra pronto para liderar\u00a0<\/a><a href=\"https:\/\/www.grandepremio.com\/br\/equipe\/f1\/2020\/scuderia-alphatauri\/\" target=\"_blank\" rel=\"noreferrer noopener\">AlphaTauri<\/a><br><a href=\"https:\/\/www.grandepremio.com\/br\/f1\/noticias\/guia-2021-mclaren-reforcos-mira-consolidacao-top-3-formula-1\/\">+McLaren\u00a0ganha refor\u00e7os e mira consolida\u00e7\u00e3o no top-3 da\u00a0<\/a><a href=\"https:\/\/www.grandepremio.com\/br\/f1\/\" target=\"_blank\" rel=\"noreferrer noopener\">F\u00f3rmula 1<\/a><br><a href=\"https:\/\/www.grandepremio.com\/br\/f1\/noticias\/guia-2021-alpine-ousa-carro-arrojado-mira-top-3-retorno-fernando-alonso\">+Alpine ousa com carro arrojado e mira top-3 no retorno de Alonso<\/a><\/strong><\/p>\n\n\n\n<p class=\"wp-block-paragraph\"><strong>Conhe\u00e7a o canal do Grande Pr\u00eamio no YouTube! Clique\u00a0<a rel=\"noreferrer noopener\" href=\"https:\/\/youtube.com\/GrandePremioTV\" target=\"_blank\">aqui<\/a>.<br>Siga o Grande Pr\u00eamio no\u00a0<a rel=\"noreferrer noopener\" href=\"https:\/\/twitter.com\/grandepremio\" target=\"_blank\">Twitter\u00a0<\/a>e no\u00a0<a rel=\"noreferrer noopener\" href=\"https:\/\/instagram.com\/grandepremio\" target=\"_blank\">Instagram<\/a>!<\/strong><\/p>\n\n\n\n<figure class=\"wp-block-embed is-type-video is-provider-youtube wp-block-embed-youtube wp-embed-aspect-16-9 wp-has-aspect-ratio\"><div class=\"wp-block-embed__wrapper\">\n<iframe loading=\"lazy\" title=\"P\u00c9REZ TEM A CHANCE DA VIDA PARA MUDAR DE PATAMAR NA F\u00d3RMULA 1 |  GP \u00c0S 10\" width=\"500\" height=\"281\" src=\"https:\/\/www.youtube.com\/embed\/OlyVnBya0D8?feature=oembed\" frameborder=\"0\" allow=\"accelerometer; autoplay; clipboard-write; encrypted-media; gyroscope; picture-in-picture; web-share\" referrerpolicy=\"strict-origin-when-cross-origin\" allowfullscreen><\/iframe>\n<\/div><\/figure>\n","protected":false},"excerpt":{"rendered":"<p>A Williams tem um novo diretor-executivo. \u00c9 Jost Capito, que chega para apoiar o projeto de longo prazo do Dorilton Capital, dono da equipe desde 2020. O alem\u00e3o quer ver trabalho \u201cpesado\u201d<\/p>\n","protected":false},"author":0,"featured_media":1000454352,"comment_status":"closed","ping_status":"closed","sticky":false,"template":"","format":"standard","meta":{"42wp_featured_image_caption":"","42wp_featured_image_credits":"","42wp_featured_video":"","42wp_featured_image_hidden":false,"42wp_authors_list":[],"footnotes":""},"categories":[2],"tags":[25982,156,24837,800,14195,801,215],"42wp_author":[47118],"class_list":["post-122759","post","type-post","status-publish","format-standard","has-post-thumbnail","hentry","category-f1","tag-dorilton-capital","tag-f1-2021","tag-formula-1-2","tag-george-russell","tag-jost-capito","tag-nicholas-latifi","tag-williams","42wp_author-vitor-fazio"],"_links":{"self":[{"href":"https:\/\/grandepremio.com\/br\/wp-json\/wp\/v2\/posts\/122759","targetHints":{"allow":["GET"]}}],"collection":[{"href":"https:\/\/grandepremio.com\/br\/wp-json\/wp\/v2\/posts"}],"about":[{"href":"https:\/\/grandepremio.com\/br\/wp-json\/wp\/v2\/types\/post"}],"replies":[{"embeddable":true,"href":"https:\/\/grandepremio.com\/br\/wp-json\/wp\/v2\/comments?post=122759"}],"version-history":[{"count":0,"href":"https:\/\/grandepremio.com\/br\/wp-json\/wp\/v2\/posts\/122759\/revisions"}],"wp:featuredmedia":[{"embeddable":true,"href":"https:\/\/grandepremio.com\/br\/wp-json\/wp\/v2\/media\/1000454352"}],"wp:attachment":[{"href":"https:\/\/grandepremio.com\/br\/wp-json\/wp\/v2\/media?parent=122759"}],"wp:term":[{"taxonomy":"category","embeddable":true,"href":"https:\/\/grandepremio.com\/br\/wp-json\/wp\/v2\/categories?post=122759"},{"taxonomy":"post_tag","embeddable":true,"href":"https:\/\/grandepremio.com\/br\/wp-json\/wp\/v2\/tags?post=122759"},{"taxonomy":"42wp_author","embeddable":true,"href":"https:\/\/grandepremio.com\/br\/wp-json\/wp\/v2\/42wp_author?post=122759"}],"curies":[{"name":"wp","href":"https:\/\/api.w.org\/{rel}","templated":true}]}}