{"id":122764,"date":"2021-03-22T09:55:46","date_gmt":"2021-03-22T12:55:46","guid":{"rendered":"https:\/\/grandepremio.com\/br\/noticias\/sebastian-vettel-adora-se-sentir-querido-e-isso-nao-aconteceu-na-ferrari-bernie-ecclestone\/"},"modified":"2021-03-22T09:57:20","modified_gmt":"2021-03-22T12:57:20","slug":"sebastian-vettel-adora-se-sentir-querido-e-isso-nao-aconteceu-na-ferrari-bernie-ecclestone","status":"publish","type":"post","link":"https:\/\/grandepremio.com\/br\/f1\/sebastian-vettel-adora-se-sentir-querido-e-isso-nao-aconteceu-na-ferrari-bernie-ecclestone\/","title":{"rendered":"Vettel &#8220;adora se sentir querido, e isso n\u00e3o aconteceu na Ferrari&#8221;, analisa Ecclestone"},"content":{"rendered":"\n<figure class=\"wp-block-video\"><video class=\"video-js vjs-big-play-centered\" data-gp-vjs=\"1\" controls src=\"https:\/\/www.grandepremio.com\/br\/wp-content\/uploads\/2021\/03\/Bahrein_2.mp4\"><\/video><\/figure>\n\n\n\n<p class=\"wp-block-paragraph\">Entre 2015 e 2020, Sebastian Vettel defendeu a Ferrari e encabe\u00e7ou um casamento que se iniciou com as mais altas expectativas e acabou com o tetracampe\u00e3o mundial sendo preterido na escuderia de Maranello. O alem\u00e3o de 33 anos teve o an\u00fancio da sua n\u00e3o-renova\u00e7\u00e3o de contrato por meio de um telefonema de Mattia Binotto, sendo substitu\u00eddo por Carlos Sainz a partir de 2021. Bernie Ecclestone, ex-chef\u00e3o da F\u00f3rmula 1 e f\u00e3 declarado de Vettel, n\u00e3o fugiu \u00e0 boa pol\u00eamica e comentou a respeito dos motivos que impediram o sucesso de Vettel na It\u00e1lia. &#8220;O que muita gente n\u00e3o sabe \u00e9 que o Vettel \u00e9 muito sens\u00edvel, adora se sentir querido, e isso n\u00e3o aconteceu na Ferrari&#8221;, afirmou o brit\u00e2nico de 90 anos em entrevista \u00e0 emissora alem\u00e3 Sport 1.<\/p>\n\n\n\n<p class=\"wp-block-paragraph\">Conhecido por ter levado a F\u00f3rmula 1 a um patamar mundial, Ecclestone, esperan\u00e7oso quanto ao futuro do tetracampe\u00e3o, aproveitou para dar a receita que Vettel precisa seguir para renascer na carreira e voltar a brigar por vit\u00f3rias e t\u00edtulos, agora na Aston Martin. <\/p>\n\n\n\n<p class=\"wp-block-paragraph\"><strong>GUIA\u00a0<a href=\"https:\/\/www.grandepremio.com\/br\/f1\/\" target=\"_blank\" rel=\"noreferrer noopener\">F1\u00a0<\/a>2021<\/strong><br><strong><a href=\"https:\/\/www.grandepremio.com\/br\/f1\/noticias\/guia-2021-f1-se-prepara-para-duelo-lewis-hamilton-x-max-verstappen-em-ano-pandemico-e-incerto\/\">+<\/a><a href=\"https:\/\/www.grandepremio.com\/br\/f1\/\" target=\"_blank\" rel=\"noreferrer noopener\">F1\u00a0<\/a>se\u00a0<a href=\"https:\/\/www.grandepremio.com\/br\/f1\/noticias\/guia-2021-f1-se-prepara-para-duelo-lewis-hamilton-x-max-verstappen-em-ano-pandemico-e-incerto\/\">prepara para duelo Hamilton x Verstappen em ano pand\u00eamico e incerto<\/a><br><a href=\"https:\/\/www.grandepremio.com\/br\/f1\/noticias\/guia-2021-mercedes-enfrenta-reves-com-carro-instavel-mas-abre-temporada-favorita\/\">+<\/a><a href=\"https:\/\/www.grandepremio.com\/br\/equipe\/f1\/2020\/mercedes-amg-motorsport\/\" target=\"_blank\" rel=\"noreferrer noopener\">Mercedes<\/a>\u00a0<a href=\"https:\/\/www.grandepremio.com\/br\/f1\/noticias\/guia-2021-mercedes-enfrenta-reves-com-carro-instavel-mas-abre-temporada-favorita\/\">enfrenta rev\u00e9s com carro inst\u00e1vel, mas abre temporada favorita<\/a><br><a href=\"https:\/\/www.grandepremio.com\/br\/f1\/noticias\/guia-2021-max-verstappen-encara-perspectiva-briga-titulo-e-desafio-sergio-perez\">+Verstappen encara perspectiva de briga por t\u00edtulo e desafio com P\u00e9rez<\/a><br><a href=\"https:\/\/www.grandepremio.com\/br\/f1\/noticias\/guia-2021-gasly-muda-de-patamar-e-se-mostra-pronto-para-liderar-alphatauri\/\">+Gasly muda de patamar e se mostra pronto para liderar\u00a0<\/a><a href=\"https:\/\/www.grandepremio.com\/br\/equipe\/f1\/2020\/scuderia-alphatauri\/\" target=\"_blank\" rel=\"noreferrer noopener\">AlphaTauri<\/a><br><a href=\"https:\/\/www.grandepremio.com\/br\/f1\/noticias\/guia-2021-mclaren-reforcos-mira-consolidacao-top-3-formula-1\/\">+McLaren\u00a0ganha refor\u00e7os e mira consolida\u00e7\u00e3o no top-3 da\u00a0<\/a><a href=\"https:\/\/www.grandepremio.com\/br\/f1\/\" target=\"_blank\" rel=\"noreferrer noopener\">F\u00f3rmula 1<\/a><br><a href=\"https:\/\/www.grandepremio.com\/br\/f1\/noticias\/guia-2021-alpine-ousa-carro-arrojado-mira-top-3-retorno-fernando-alonso\">+Alpine ousa com carro arrojado e mira top-3 no retorno de Alonso<\/a><\/strong><\/p>\n\n\n\n<figure class=\"wp-block-image size-large\"><img decoding=\"async\" src=\"https:\/\/www.grandepremio.com\/br\/wp-content\/uploads\/2021\/03\/Evs-U-9WQAM_Y7c-1024x683.jpg\" alt=\"SEBASTIAN VETTEL; ASTON MARTIN; F\u00d3RMULA 1; F1 2021;\" class=\"wp-image-454294\"\/><figcaption>Sebastian Vettel pode voltar ao sucesso alcan\u00e7ado na Red Bull pela Aston Martin, diz Ecclestone. (Foto: Aston Martin)<\/figcaption><\/figure>\n\n\n\n<p class=\"wp-block-paragraph\"><strong>Conhe\u00e7a o canal do Grande Pr\u00eamio no YouTube! Clique\u00a0<a rel=\"noreferrer noopener\" href=\"https:\/\/youtube.com\/GrandePremioTV\" target=\"_blank\">aqui<\/a>.<br>Siga o Grande Pr\u00eamio no\u00a0<a rel=\"noreferrer noopener\" href=\"https:\/\/twitter.com\/grandepremio\" target=\"_blank\">Twitter\u00a0<\/a>e no\u00a0<a rel=\"noreferrer noopener\" href=\"https:\/\/instagram.com\/grandepremio\" target=\"_blank\">Instagram<\/a>!<\/strong><br><strong>WEB STORIES:\u00a0<a href=\"https:\/\/www.grandepremio.com\/br\/web-stories\/f1\/band-transmitir-formula-1-champanhe-acabar\/\">Band se prepara para transmitir<\/a>\u00a0<a href=\"https:\/\/www.grandepremio.com\/br\/f1\/\" target=\"_blank\" rel=\"noreferrer noopener\">F1\u00a0<\/a>\u2018<a href=\"https:\/\/www.grandepremio.com\/br\/web-stories\/f1\/band-transmitir-formula-1-champanhe-acabar\/\">at\u00e9 champanhe acabar\u2019<\/a><\/strong><\/p>\n\n\n\n<p class=\"wp-block-paragraph\">&#8220;O melhor que ele pode fazer \u00e9 esquecer o que aconteceu na Ferrari. \u00c9 melhor que esque\u00e7a. Ent\u00e3o, ele poder\u00e1 voltar a ser forte. Acredito que ele est\u00e1 em uma situa\u00e7\u00e3o nova. A Ferrari j\u00e1 \u00e9 passado. \u00c9 parecido quando ele come\u00e7ou na Red Bull. Tenho certeza de que ele pode voltar a sua forma antiga ali e ao que ele queria antes&#8221;, afirmou.<\/p>\n\n\n\n<p class=\"wp-block-paragraph\">Ecclestone aproveitou tamb\u00e9m fazer um contraponto entre a situa\u00e7\u00e3o de Vettel na Ferrari e os novos horizontes que o tetracampe\u00e3o tem a partir de 2021 com a Aston Martin. <\/p>\n\n\n\n<p class=\"wp-block-paragraph\">&#8220;Vettel n\u00e3o estava contente e n\u00e3o teve todo o apoio. Provavelmente, estava um pouco chateado. N\u00e3o que ele estivesse decepcionado com a vida, era que ele precisava estar na equipe certa. Agora tenho certeza que ele est\u00e1. Confio que ele ter\u00e1 sucesso l\u00e1 na Aston Martin. Ficaria muito decepcionado se ele n\u00e3o conseguir&#8221;, complementou.<\/p>\n\n\n\n<p class=\"wp-block-paragraph\">Se na pr\u00e9-temporada Vettel <a href=\"https:\/\/www.grandepremio.com\/br\/f1\/noticias\/sebastian-vettel-dificuldades-direcao-aston-martin-carro-filosofia-diferente\/\">sofreu<\/a> com a baixa quilometragem ao longo dos tr\u00eas dias, com apenas 117 voltas completadas em Sakhir e com problemas no c\u00e2mbio no primeiro dia de testes, os percal\u00e7os foram minimizados pelo ex-chef\u00e3o da F\u00f3rmula 1. <\/p>\n\n\n\n<p class=\"wp-block-paragraph\">&#8220;O que aconteceu com Vettel foi um problema mec\u00e2nico. A equipe s\u00f3 teve problemas mec\u00e2nicos. E isso aconteceu com alguns pilotos, inclusive com Lewis Hamilton. Pode ser que alguns pilotos n\u00e3o foram ao limite durante os testes, ficando mais f\u00e1cil, assim, para alguns outros conseguirem bons tempos de volta&#8221;, concluiu.<\/p>\n\n\n\n<figure class=\"wp-block-embed is-type-video is-provider-youtube wp-block-embed-youtube wp-embed-aspect-16-9 wp-has-aspect-ratio\"><div class=\"wp-block-embed__wrapper\">\n<iframe loading=\"lazy\" title=\"P\u00c9REZ TEM A CHANCE DA VIDA PARA MUDAR DE PATAMAR NA F\u00d3RMULA 1 |  GP \u00c0S 10\" width=\"500\" height=\"281\" src=\"https:\/\/www.youtube.com\/embed\/OlyVnBya0D8?feature=oembed\" frameborder=\"0\" allow=\"accelerometer; autoplay; clipboard-write; encrypted-media; gyroscope; picture-in-picture; web-share\" referrerpolicy=\"strict-origin-when-cross-origin\" allowfullscreen><\/iframe>\n<\/div><\/figure>\n","protected":false},"excerpt":{"rendered":"<p>Bernie Ecclestone, ex-chef\u00e3o da F\u00f3rmula 1, afirmou que fato de Sebastian Vettel n\u00e3o ter sido valorizado na Ferrari foi determinante para que n\u00e3o houvesse o sucesso esperado na escuderia de Maranello<\/p>\n","protected":false},"author":0,"featured_media":1000441661,"comment_status":"closed","ping_status":"closed","sticky":false,"template":"","format":"standard","meta":{"42wp_featured_image_caption":"","42wp_featured_image_credits":"","42wp_featured_video":"","42wp_featured_image_hidden":false,"42wp_authors_list":[],"footnotes":""},"categories":[2],"tags":[309,539,207,180,1285,210],"42wp_author":[47138],"class_list":["post-122764","post","type-post","status-publish","format-standard","has-post-thumbnail","hentry","category-f1","tag-aston-martin","tag-bernie-ecclestone","tag-ferrari","tag-formula-1","tag-formula-1-2021","tag-sebastian-vettel","42wp_author-lucascouto"],"_links":{"self":[{"href":"https:\/\/grandepremio.com\/br\/wp-json\/wp\/v2\/posts\/122764","targetHints":{"allow":["GET"]}}],"collection":[{"href":"https:\/\/grandepremio.com\/br\/wp-json\/wp\/v2\/posts"}],"about":[{"href":"https:\/\/grandepremio.com\/br\/wp-json\/wp\/v2\/types\/post"}],"replies":[{"embeddable":true,"href":"https:\/\/grandepremio.com\/br\/wp-json\/wp\/v2\/comments?post=122764"}],"version-history":[{"count":0,"href":"https:\/\/grandepremio.com\/br\/wp-json\/wp\/v2\/posts\/122764\/revisions"}],"wp:featuredmedia":[{"embeddable":true,"href":"https:\/\/grandepremio.com\/br\/wp-json\/wp\/v2\/media\/1000441661"}],"wp:attachment":[{"href":"https:\/\/grandepremio.com\/br\/wp-json\/wp\/v2\/media?parent=122764"}],"wp:term":[{"taxonomy":"category","embeddable":true,"href":"https:\/\/grandepremio.com\/br\/wp-json\/wp\/v2\/categories?post=122764"},{"taxonomy":"post_tag","embeddable":true,"href":"https:\/\/grandepremio.com\/br\/wp-json\/wp\/v2\/tags?post=122764"},{"taxonomy":"42wp_author","embeddable":true,"href":"https:\/\/grandepremio.com\/br\/wp-json\/wp\/v2\/42wp_author?post=122764"}],"curies":[{"name":"wp","href":"https:\/\/api.w.org\/{rel}","templated":true}]}}