{"id":122769,"date":"2021-03-22T07:29:18","date_gmt":"2021-03-22T10:29:18","guid":{"rendered":"https:\/\/grandepremio.com\/br\/noticias\/chefe-mercedes-w12-pequena-diva-carro-toxico-para-pilotar\/"},"modified":"2021-03-22T07:29:32","modified_gmt":"2021-03-22T10:29:32","slug":"chefe-mercedes-w12-pequena-diva-carro-toxico-para-pilotar","status":"publish","type":"post","link":"https:\/\/grandepremio.com\/br\/f1\/chefe-mercedes-w12-pequena-diva-carro-toxico-para-pilotar\/","title":{"rendered":"Chefe da Mercedes v\u00ea W12 como \u201cpequena diva\u201d e \u201ccarro um pouco t\u00f3xico para pilotar\u201d"},"content":{"rendered":"\n<figure class=\"wp-block-video\"><video class=\"video-js vjs-big-play-centered\" data-gp-vjs=\"1\" controls src=\"https:\/\/www.grandepremio.com\/br\/wp-content\/uploads\/2021\/03\/voltaonboardjida.mp4\"><\/video><figcaption>A F\u00f3rmula 1 divulgou uma simula\u00e7\u00e3o de volta no mais novo circuito de rua da F\u00f3rmula 1, Jid\u00e1, na Ar\u00e1bia Saudita (V\u00eddeo: F\u00f3rmula 1)<\/figcaption><\/figure>\n\n\n\n<p class=\"wp-block-paragraph\">As dificuldades enfrentadas pela Mercedes nos testes de pr\u00e9-temporada da F\u00f3rmula 1 fazem com que muitos possam desconfiar de os comandados de Toto Wolff estarem escondendo o jogo. Mas o principal dirigente da equipe heptacampe\u00e3 mundial garante: os problemas apresentados pelo W12 <a href=\"https:\/\/www.grandepremio.com\/br\/f1\/noticias\/mercedes-nao-tem-resposta-instabilidade-parte-traseira-fraca-w12\/\">quanto \u00e0 instabilidade, sobretudo na parte traseira<\/a>, s\u00e3o reais e fazem o austr\u00edaco lembrar do que a Mercedes enfrentou h\u00e1 quatro anos ao definir o novo carro como \u201cuma pequena diva\u201d.<\/p>\n\n\n\n<p class=\"wp-block-paragraph\">Em 2017, Hamilton e Bottas tinham de lidar com um W08 que sofria para encontrar a melhor performance. Uma das maiores dificuldades era encontrar o acerto correto daquele carro, tanto que Sebastian Vettel, com a Ferrari, liderou toda a primeira metade da temporada e s\u00f3 perdeu o t\u00edtulo em raz\u00e3o de uma grande arrancada de Hamilton no segundo semestre.<\/p>\n\n\n\n<figure class=\"wp-block-image size-large\"><img decoding=\"async\" src=\"https:\/\/www.grandepremio.com\/br\/wp-content\/uploads\/2021\/03\/EwUaTggUYAEmhWj-1024x576.jpg\" alt=\"TOTO WOLFF; MERCEDES; PR\u00c9-TEMPORADA; BAHREIN; GRANDE PR\u00caMIO;\" class=\"wp-image-455902\"\/><figcaption>Toto Wolff n\u00e3o escondeu a preocupa\u00e7\u00e3o com o in\u00edcio dif\u00edcil da Mercedes em 2021 (Foto: Reprodu\u00e7\u00e3o)<\/figcaption><\/figure>\n\n\n\n<p class=\"wp-block-paragraph\"><strong>GUIA\u00a0<a href=\"https:\/\/www.grandepremio.com\/br\/f1\/\" target=\"_blank\" rel=\"noreferrer noopener\">F1\u00a0<\/a>2021<\/strong><br><strong><a href=\"https:\/\/www.grandepremio.com\/br\/f1\/noticias\/guia-2021-f1-se-prepara-para-duelo-lewis-hamilton-x-max-verstappen-em-ano-pandemico-e-incerto\/\">+<\/a><a href=\"https:\/\/www.grandepremio.com\/br\/f1\/\" target=\"_blank\" rel=\"noreferrer noopener\">F1\u00a0<\/a>se prepara para duelo Hamilton x Verstappen em ano pand\u00eamico e incerto<br><a href=\"https:\/\/www.grandepremio.com\/br\/f1\/noticias\/guia-2021-mercedes-enfrenta-reves-com-carro-instavel-mas-abre-temporada-favorita\/\">+<\/a><a href=\"https:\/\/www.grandepremio.com\/br\/equipe\/f1\/2020\/mercedes-amg-motorsport\/\" target=\"_blank\" rel=\"noreferrer noopener\">Mercedes<\/a>\u00a0<a href=\"https:\/\/www.grandepremio.com\/br\/f1\/noticias\/guia-2021-mercedes-enfrenta-reves-com-carro-instavel-mas-abre-temporada-favorita\/\">enfrenta rev\u00e9s com carro inst\u00e1vel, mas abre temporada favorita<\/a><br><a href=\"https:\/\/www.grandepremio.com\/br\/f1\/noticias\/guia-2021-max-verstappen-encara-perspectiva-briga-titulo-e-desafio-sergio-perez\">+Verstappen encara perspectiva de briga por t\u00edtulo e desafio com P\u00e9rez<\/a><br><a href=\"https:\/\/www.grandepremio.com\/br\/f1\/noticias\/guia-2021-gasly-muda-de-patamar-e-se-mostra-pronto-para-liderar-alphatauri\/\">+Gasly muda de patamar e se mostra pronto para liderar\u00a0<\/a><a href=\"https:\/\/www.grandepremio.com\/br\/equipe\/f1\/2020\/scuderia-alphatauri\/\" target=\"_blank\" rel=\"noreferrer noopener\">AlphaTauri<\/a><br><a href=\"https:\/\/www.grandepremio.com\/br\/f1\/noticias\/guia-2021-mclaren-reforcos-mira-consolidacao-top-3-formula-1\/\">+McLaren\u00a0ganha refor\u00e7os e mira consolida\u00e7\u00e3o no top-3 da\u00a0<\/a><a href=\"https:\/\/www.grandepremio.com\/br\/f1\/\" target=\"_blank\" rel=\"noreferrer noopener\">F\u00f3rmula 1<\/a><br><a href=\"https:\/\/www.grandepremio.com\/br\/f1\/noticias\/guia-2021-alpine-ousa-carro-arrojado-mira-top-3-retorno-fernando-alonso\">+Alpine ousa com carro arrojado e mira top-3 no retorno de Alonso<\/a><\/strong><\/p>\n\n\n\n<p class=\"wp-block-paragraph\">\u00c0 \u00e9poca, Wolff <a href=\"https:\/\/www.grandepremio.com\/br\/f1\/noticias\/chefe-ve-mercedes-com-dificuldade-com-performance-em-monaco-e-fala-em-carro-genioso-e-uma-diva\/\">falou sobre as dificuldades sobre o carro durante o fim de semana do GP de M\u00f4naco, dominado pela Ferrari naquela temporada<\/a>. \u201cExiste um certo DNA em nosso carro, e eu acho que provamos que ele pode ir muito r\u00e1pido nos treinos classificat\u00f3rios. Mas ele est\u00e1 se mostrando uma diva antes de chegar na janela [de funcionamento] correta, e voc\u00ea pode ver as margens consider\u00e1veis que tiram ele dessa janela\u201d, afirmou o austr\u00edaco.<\/p>\n\n\n\n<p class=\"wp-block-paragraph\">Quase quatro anos depois, Toto se depara com uma nova diva. Tudo em raz\u00e3o dos problemas de instabilidade apresentados pelo W12. Hamilton, um piloto que erra muito pouco, rodou duas vezes nos testes de pr\u00e9-temporada com o novo carro. Por isso, h\u00e1 uma not\u00f3ria preocupa\u00e7\u00e3o nos boxes da equipe de Brackley.<\/p>\n\n\n\n<p class=\"wp-block-paragraph\">\u201cTivemos \u00f3timas performances ao longo dos \u00faltimos anos e \u00e9 por isso que todo mundo est\u00e1 dizendo que estamos escondendo o jogo. Acho que fomos a equipe que rodou com mais combust\u00edvel, mas, apesar disso, o carro era um pouco t\u00f3xico para pilotar e bastante inst\u00e1vel, especialmente com o vento lateral\u201d, disse o chefe da Mercedes em entrevista \u00e0 emissora austr\u00edaca ORF.<\/p>\n\n\n\n<p class=\"wp-block-paragraph\">\u201cParece que temos uma pequena diva, como o carro de anos atr\u00e1s, que ainda n\u00e3o entendemos de verdade\u201d, salientou.<\/p>\n\n\n\n<p class=\"wp-block-paragraph\"><strong>Conhe\u00e7a o canal do Grande Pr\u00eamio no YouTube! Clique\u00a0<a rel=\"noreferrer noopener\" href=\"https:\/\/youtube.com\/GrandePremioTV\" target=\"_blank\">aqui<\/a>.<br>Siga o Grande Pr\u00eamio no\u00a0<a rel=\"noreferrer noopener\" href=\"https:\/\/twitter.com\/grandepremio\" target=\"_blank\">Twitter\u00a0<\/a>e no\u00a0<a rel=\"noreferrer noopener\" href=\"https:\/\/instagram.com\/grandepremio\" target=\"_blank\">Instagram<\/a>!<\/strong><br><strong>WEB STORIES:\u00a0<a href=\"https:\/\/www.grandepremio.com\/br\/web-stories\/f1\/band-transmitir-formula-1-champanhe-acabar\/\">Band se prepara para transmitir<\/a>\u00a0<a href=\"https:\/\/www.grandepremio.com\/br\/f1\/\" target=\"_blank\" rel=\"noreferrer noopener\">F1\u00a0<\/a>\u2018<a href=\"https:\/\/www.grandepremio.com\/br\/web-stories\/f1\/band-transmitir-formula-1-champanhe-acabar\/\">at\u00e9 champanhe acabar\u2019<\/a><\/strong><\/p>\n\n\n\n<p class=\"wp-block-paragraph\">A Mercedes, que s\u00f3 estreou o W12 nos testes de pr\u00e9-temporada no Bahrein e n\u00e3o realizou nenhum shakedown antes do embarque para o Oriente M\u00e9dio, precisou fazer um dia de filmagem na ter\u00e7a-feira passada, tamb\u00e9m em Sakhir, para ganhar um pouco mais de quilometragem e entender melhor o novo modelo.<\/p>\n\n\n\n<p class=\"wp-block-paragraph\">Wolff lamentou o curt\u00edssimo per\u00edodo de pr\u00e9-temporada, somente tr\u00eas dias, e o tempo escasso para acelerar com o W12 antes da abertura do campeonato, neste fim de semana, tamb\u00e9m no Bahrein.<\/p>\n\n\n\n<p class=\"wp-block-paragraph\">\u201cO fato de termos apenas alguns dias de teste certamente n\u00e3o ajudou. Ainda n\u00e3o entendemos o carro da forma que queremos. Temos alguns pequenos problemas que temos de resolver, ent\u00e3o certamente n\u00e3o estamos t\u00e3o preparados como nos \u00faltimos anos\u201d, concluiu.<\/p>\n\n\n\n<figure class=\"wp-block-embed is-type-video is-provider-youtube wp-block-embed-youtube wp-embed-aspect-16-9 wp-has-aspect-ratio\"><div class=\"wp-block-embed__wrapper\">\n<iframe loading=\"lazy\" title=\"MERCEDES EM CRISE NA F1? FLAVIO GOMES EXPLICA PR\u00c9-TEMPORADA ESTRANHA | GP \u00c0S 10\" width=\"500\" height=\"281\" src=\"https:\/\/www.youtube.com\/embed\/lHLaOOBxMLE?feature=oembed\" frameborder=\"0\" allow=\"accelerometer; autoplay; clipboard-write; encrypted-media; gyroscope; picture-in-picture; web-share\" referrerpolicy=\"strict-origin-when-cross-origin\" allowfullscreen><\/iframe>\n<\/div><\/figure>\n","protected":false},"excerpt":{"rendered":"<p>Frase de Toto Wolff lembra o cen\u00e1rio enfrentado pela Mercedes na temporada 2017 com o W08 e as dores de cabe\u00e7a para encontrar o melhor acerto do novo b\u00f3lido. Para o W12 de 2021, o problema \u00e9 a instabilidade, sobretudo na parte traseira do modelo<\/p>\n","protected":false},"author":0,"featured_media":1000455644,"comment_status":"closed","ping_status":"closed","sticky":false,"template":"","format":"standard","meta":{"42wp_featured_image_caption":"","42wp_featured_image_credits":"","42wp_featured_video":"","42wp_featured_image_hidden":false,"42wp_authors_list":[],"footnotes":""},"categories":[2],"tags":[147,156,24837,24836,82,25297,150,27193],"42wp_author":[47110],"class_list":["post-122769","post","type-post","status-publish","format-standard","has-post-thumbnail","hentry","category-f1","tag-f1","tag-f1-2021","tag-formula-1-2","tag-grande-premio-2","tag-mercedes","tag-pre-temporada-2","tag-toto-wolff","tag-w12","42wp_author-fernando-silva"],"_links":{"self":[{"href":"https:\/\/grandepremio.com\/br\/wp-json\/wp\/v2\/posts\/122769","targetHints":{"allow":["GET"]}}],"collection":[{"href":"https:\/\/grandepremio.com\/br\/wp-json\/wp\/v2\/posts"}],"about":[{"href":"https:\/\/grandepremio.com\/br\/wp-json\/wp\/v2\/types\/post"}],"replies":[{"embeddable":true,"href":"https:\/\/grandepremio.com\/br\/wp-json\/wp\/v2\/comments?post=122769"}],"version-history":[{"count":0,"href":"https:\/\/grandepremio.com\/br\/wp-json\/wp\/v2\/posts\/122769\/revisions"}],"wp:featuredmedia":[{"embeddable":true,"href":"https:\/\/grandepremio.com\/br\/wp-json\/wp\/v2\/media\/1000455644"}],"wp:attachment":[{"href":"https:\/\/grandepremio.com\/br\/wp-json\/wp\/v2\/media?parent=122769"}],"wp:term":[{"taxonomy":"category","embeddable":true,"href":"https:\/\/grandepremio.com\/br\/wp-json\/wp\/v2\/categories?post=122769"},{"taxonomy":"post_tag","embeddable":true,"href":"https:\/\/grandepremio.com\/br\/wp-json\/wp\/v2\/tags?post=122769"},{"taxonomy":"42wp_author","embeddable":true,"href":"https:\/\/grandepremio.com\/br\/wp-json\/wp\/v2\/42wp_author?post=122769"}],"curies":[{"name":"wp","href":"https:\/\/api.w.org\/{rel}","templated":true}]}}