{"id":122778,"date":"2021-03-21T14:28:36","date_gmt":"2021-03-21T17:28:36","guid":{"rendered":"https:\/\/grandepremio.com\/br\/noticias\/chefes-equipe-pre-temporada-maior-2022-tres-dias-nao-sao-suficientes\/"},"modified":"2021-03-21T14:28:51","modified_gmt":"2021-03-21T17:28:51","slug":"chefes-equipe-pre-temporada-maior-2022-tres-dias-nao-sao-suficientes","status":"publish","type":"post","link":"https:\/\/grandepremio.com\/br\/f1\/chefes-equipe-pre-temporada-maior-2022-tres-dias-nao-sao-suficientes\/","title":{"rendered":"Chefes de equipe pedem pr\u00e9-temporada maior em 2022: &#8220;Tr\u00eas dias n\u00e3o s\u00e3o suficientes&#8221;"},"content":{"rendered":"\n<figure class=\"wp-block-video\"><video class=\"video-js vjs-big-play-centered\" data-gp-vjs=\"1\" controls src=\"https:\/\/www.grandepremio.com\/br\/wp-content\/uploads\/2021\/03\/voltaonboardjida.mp4\"><\/video><figcaption>A F\u00f3rmula 1 divulgou uma simula\u00e7\u00e3o de volta no mais novo circuito de rua da F\u00f3rmula 1, Jid\u00e1, na Ar\u00e1bia Saudita (V\u00eddeo: F\u00f3rmula 1)<\/figcaption><\/figure>\n\n\n\n<p class=\"wp-block-paragraph\">A pr\u00e9-temporada de 2021 da F\u00f3rmula 1 foi a mais curta dos \u00faltimos tempos. Com o objetivo de facilitar a log\u00edstica e diminuir custos, apenas tr\u00eas dias de testes aconteceram no circuito de Sakhir, no Bahrein, que tamb\u00e9m ser\u00e1 a sede da abertura do campeonato, que acontece no pr\u00f3ximo dia 28.<\/p>\n\n\n\n<p class=\"wp-block-paragraph\">Apesar de elogios ao formato condensado e a escolha da sede, os chefes de equipe da F\u00f3rmula 1 n\u00e3o querem apenas tr\u00eas dias em 2022. Franz Tost, l\u00edder da AlphaTauri, valorizou a diferen\u00e7a das condi\u00e7\u00f5es clim\u00e1ticas entre Bahrein e Barcelona, na Espanha, sede tradicional da pr\u00e9-temporada, mas pediu equil\u00edbrio entre tempo de pista e custos.<\/p>\n\n\n\n<p class=\"wp-block-paragraph\">&#8220;Sempre fui favor\u00e1vel a testar no Bahrein e em Abu Dhabi, e acho que as manh\u00e3s de sextae s\u00e1bado tiveram boas condi\u00e7\u00f5es, mas a tarde de sexta foi bem ruim. Barcelona \u00e9 dif\u00edcil nesta \u00e9poca do ano. Pode chover, pode estar frio. Quando normalmente temos os testes, um dia \u00e9 molhado e perto dos 14\u00b0C. N\u00e3o s\u00e3o condi\u00e7\u00f5es de testes ideais para a F\u00f3rmula 1&#8221;, comentou o chefe da AlphaTauri.<\/p>\n\n\n\n<p class=\"wp-block-paragraph\"><strong>Conhe\u00e7a o canal do Grande Pr\u00eamio no YouTube! Clique\u00a0<a rel=\"noreferrer noopener\" href=\"https:\/\/youtube.com\/GrandePremioTV\" target=\"_blank\">aqui<\/a>.<br>Siga o Grande Pr\u00eamio no\u00a0<a rel=\"noreferrer noopener\" href=\"https:\/\/twitter.com\/grandepremio\" target=\"_blank\">Twitter\u00a0<\/a>e no\u00a0<a rel=\"noreferrer noopener\" href=\"https:\/\/instagram.com\/grandepremio\" target=\"_blank\">Instagram<\/a>!<\/strong><br><strong>WEB STORIES:\u00a0<a href=\"https:\/\/www.grandepremio.com\/br\/web-stories\/f1\/band-transmitir-formula-1-champanhe-acabar\/\">Band se prepara para transmitir<\/a>\u00a0<a href=\"https:\/\/www.grandepremio.com\/br\/f1\/\" target=\"_blank\" rel=\"noreferrer noopener\">F1\u00a0<\/a>\u2018<a href=\"https:\/\/www.grandepremio.com\/br\/web-stories\/f1\/band-transmitir-formula-1-champanhe-acabar\/\">at\u00e9 champanhe acabar\u2019<\/a><\/strong><\/p>\n\n\n\n<figure class=\"wp-block-image size-large\"><img decoding=\"async\" src=\"https:\/\/www.grandepremio.com\/br\/wp-content\/uploads\/2021\/03\/alphatauri-yukitsunoda-03-1024x683.jpg\" alt=\"\" class=\"wp-image-455712\"\/><figcaption>Yuki Tsunoda acelerou a AlphaTauri em Sakhir (Foto: Getty Images\/Red Bull Content Pool)<\/figcaption><\/figure>\n\n\n\n<p class=\"wp-block-paragraph\">&#8220;Durante a temporada, vamos sentar e depois decidir. No pr\u00f3ximo ano, teremos um novo carro e acho que tr\u00eas dias n\u00e3o ser\u00e3o suficientes, mas precisamos encontrar o equil\u00edbrio entre o n\u00famero de dia e custos, porque 2022 n\u00e3o ser\u00e1 um ano barato. Temos de colocar tudo em considera\u00e7\u00e3o&#8221;, seguiu.<\/p>\n\n\n\n<p class=\"wp-block-paragraph\">Otmar Szafnauer, chefe da Aston Martin, tamb\u00e9m concorda que o formato de tr\u00eas dias \u00e9 invi\u00e1vel para 2022, mas que \u00e9 necess\u00e1ria a discuss\u00e3o para um equil\u00edbrio entre tempo relevante de testes e que n\u00e3o pese tanto no bolso das equipes. O ano ser\u00e1 marcado pela revolu\u00e7\u00e3o t\u00e9cnica da F\u00f3rmula 1, com carros inteiramente novos.<\/p>\n\n\n\n<p class=\"wp-block-paragraph\">&#8220;Como disse o Franz, vamos ter um carro inteiramente novo no ano que vem, e precisamos considerar onde e quanto vai durar o teste no pr\u00f3ximo acho. Acho que tr\u00eas dias foram apropriados para este ano por tudo que aconteceu em 2020, com pandemia e a redu\u00e7\u00e3o do desenvolvimento do carro&#8221;, concluiu Szafnauer.<\/p>\n\n\n\n<figure class=\"wp-block-embed is-type-video is-provider-youtube wp-block-embed-youtube wp-embed-aspect-16-9 wp-has-aspect-ratio\"><div class=\"wp-block-embed__wrapper\">\n<iframe loading=\"lazy\" title=\"F1 2021: PINTOU A CHANCE DE VERSTAPPEN SER CAMPE\u00c3O SOBRE HAMILTON | GP \u00e0s 10\" width=\"500\" height=\"281\" src=\"https:\/\/www.youtube.com\/embed\/QR3GsyFuOa4?feature=oembed\" frameborder=\"0\" allow=\"accelerometer; autoplay; clipboard-write; encrypted-media; gyroscope; picture-in-picture; web-share\" referrerpolicy=\"strict-origin-when-cross-origin\" allowfullscreen><\/iframe>\n<\/div><\/figure>\n","protected":false},"excerpt":{"rendered":"<p>Franz Tost e Otmar Szafnauer gostaram do formato da pr\u00e9-temporada de 2021, mas querem algo melhorado para o ano que vem, equilibrando custos com tempo de pista maior<\/p>\n","protected":false},"author":0,"featured_media":1000455806,"comment_status":"closed","ping_status":"closed","sticky":false,"template":"","format":"standard","meta":{"42wp_featured_image_caption":"","42wp_featured_image_credits":"","42wp_featured_video":"","42wp_featured_image_hidden":false,"42wp_authors_list":[],"footnotes":""},"categories":[2],"tags":[524,309,147,156,24837,25536,525,477,25297],"42wp_author":[47119],"class_list":["post-122778","post","type-post","status-publish","format-standard","has-post-thumbnail","hentry","category-f1","tag-alphatauri","tag-aston-martin","tag-f1","tag-f1-2021","tag-formula-1-2","tag-formula-1-2021-2","tag-franz-tost","tag-otmar-szafnauer","tag-pre-temporada-2","42wp_author-gabriel-carvalho"],"_links":{"self":[{"href":"https:\/\/grandepremio.com\/br\/wp-json\/wp\/v2\/posts\/122778","targetHints":{"allow":["GET"]}}],"collection":[{"href":"https:\/\/grandepremio.com\/br\/wp-json\/wp\/v2\/posts"}],"about":[{"href":"https:\/\/grandepremio.com\/br\/wp-json\/wp\/v2\/types\/post"}],"replies":[{"embeddable":true,"href":"https:\/\/grandepremio.com\/br\/wp-json\/wp\/v2\/comments?post=122778"}],"version-history":[{"count":0,"href":"https:\/\/grandepremio.com\/br\/wp-json\/wp\/v2\/posts\/122778\/revisions"}],"wp:featuredmedia":[{"embeddable":true,"href":"https:\/\/grandepremio.com\/br\/wp-json\/wp\/v2\/media\/1000455806"}],"wp:attachment":[{"href":"https:\/\/grandepremio.com\/br\/wp-json\/wp\/v2\/media?parent=122778"}],"wp:term":[{"taxonomy":"category","embeddable":true,"href":"https:\/\/grandepremio.com\/br\/wp-json\/wp\/v2\/categories?post=122778"},{"taxonomy":"post_tag","embeddable":true,"href":"https:\/\/grandepremio.com\/br\/wp-json\/wp\/v2\/tags?post=122778"},{"taxonomy":"42wp_author","embeddable":true,"href":"https:\/\/grandepremio.com\/br\/wp-json\/wp\/v2\/42wp_author?post=122778"}],"curies":[{"name":"wp","href":"https:\/\/api.w.org\/{rel}","templated":true}]}}